{"id":992,"date":"2018-07-19T23:57:09","date_gmt":"2018-07-19T21:57:09","guid":{"rendered":"http:\/\/www.gittas-verkstad.com\/se\/?p=992"},"modified":"2019-05-09T20:13:09","modified_gmt":"2019-05-09T18:13:09","slug":"gittas-verkstad-pa-lennartsforsdagen-2018","status":"publish","type":"post","link":"https:\/\/www.gittas-verkstad.com\/se\/aktuellt\/gittas-verkstad-pa-lennartsforsdagen-2018\/","title":{"rendered":"Lennartsforsdag 2018: Gittas verkstad \u00e4r med och visar nya alster"},"content":{"rendered":"<p><span id=\"result_box\" class=\"\" lang=\"sv\" tabindex=\"-1\">P\u00e5 Lennartsforsdagen deltar Gittas verkstad och visar loppsjalar, v\u00e4vda sjalar, halsband och nya bilder av tr\u00e4 dessutom kom 17 andra hantverkare till marknaden.<\/span><\/p>\n<h2><span id=\"result_box\" class=\"\" lang=\"sv\" tabindex=\"-1\">P\u00e5 Lennartsforsdag finns mycket att g\u00f6ra och\u00a0 se:<br \/>\n<\/span><\/h2>\n<p><span id=\"result_box\" class=\"\" lang=\"sv\" tabindex=\"-1\">Hantverkermarknad finns rund dansbanan och samtidigt \u00e4r det Triatlon t\u00e4vlingen. Smeden och kraftverket \u00e4r \u00f6ppet och det finns turer med den gamla \u00e5ngb\u00e5ten Herbert.<\/span><\/p>\n","protected":false},"excerpt":{"rendered":"<p>P\u00e5 Lennartsforsdagen deltar Gittas verkstad och visar loppsjalar, v\u00e4vda sjalar, halsband och nya bilder av tr\u00e4 dessutom kom 17 andra hantverkare till marknaden. P\u00e5 Lennartsforsdag finns mycket att g\u00f6ra och\u00a0 se: Hantverkermarknad finns rund dansbanan och samtidigt \u00e4r det Triatlon <a class=\"more-link\" href=\"https:\/\/www.gittas-verkstad.com\/se\/aktuellt\/gittas-verkstad-pa-lennartsforsdagen-2018\/\">l\u00e4s mer&#8230;<\/a><\/p>\n","protected":false},"author":1,"featured_media":993,"comment_status":"closed","ping_status":"closed","sticky":false,"template":"","format":"standard","meta":{"footnotes":""},"categories":[2],"tags":[258,8,73,259],"class_list":["post-992","post","type-post","status-publish","format-standard","has-post-thumbnail","hentry","category-aktuellt","tag-bilder-av-traed","tag-gittas-verkstad","tag-lennartsfors","tag-lennartsforsdag"],"yoast_head":"<!-- This site is optimized with the Yoast SEO plugin v27.5 - https:\/\/yoast.com\/product\/yoast-seo-wordpress\/ -->\n<title>Gittas verkstadmed nya alster p\u00e5 Lennartsforsdagen 2018<\/title>\n<meta name=\"description\" content=\"Gittas verkstad deltar p\u00e5 Lennartsforsdagen. P\u00e5 hantverksmarknaden rund dansbanan visar hon bland annat nya bilder av tr\u00e4.\" \/>\n<meta name=\"robots\" content=\"index, follow, max-snippet:-1, max-image-preview:large, max-video-preview:-1\" \/>\n<link rel=\"canonical\" href=\"https:\/\/www.gittas-verkstad.com\/se\/aktuellt\/gittas-verkstad-pa-lennartsforsdagen-2018\/\" \/>\n<meta property=\"og:locale\" content=\"sv_SE\" \/>\n<meta property=\"og:type\" content=\"article\" \/>\n<meta property=\"og:title\" content=\"Gittas verkstadmed nya alster p\u00e5 Lennartsforsdagen 2018\" \/>\n<meta property=\"og:description\" content=\"Gittas verkstad deltar p\u00e5 Lennartsforsdagen. P\u00e5 hantverksmarknaden rund dansbanan visar hon bland annat nya bilder av tr\u00e4.\" \/>\n<meta property=\"og:url\" content=\"https:\/\/www.gittas-verkstad.com\/se\/aktuellt\/gittas-verkstad-pa-lennartsforsdagen-2018\/\" \/>\n<meta property=\"og:site_name\" content=\"Gittas verkstad v\u00e4v, konst, design \/ se \/ Lennartsfors\" \/>\n<meta property=\"article:published_time\" content=\"2018-07-19T21:57:09+00:00\" \/>\n<meta property=\"article:modified_time\" content=\"2019-05-09T18:13:09+00:00\" \/>\n<meta property=\"og:image\" content=\"https:\/\/www.gittas-verkstad.com\/se\/wp-content\/uploads\/sites\/12\/2018\/07\/DSC00721-e1532037312771.jpg\" \/>\n\t<meta property=\"og:image:width\" content=\"1024\" \/>\n\t<meta property=\"og:image:height\" content=\"768\" \/>\n\t<meta property=\"og:image:type\" content=\"image\/jpeg\" \/>\n<meta name=\"author\" content=\"gitta\" \/>\n<meta name=\"twitter:card\" content=\"summary_large_image\" \/>\n<meta name=\"twitter:label1\" content=\"Skriven av\" \/>\n\t<meta name=\"twitter:data1\" content=\"gitta\" \/>\n<script type=\"application\/ld+json\" class=\"yoast-schema-graph\">{\"@context\":\"https:\\\/\\\/schema.org\",\"@graph\":[{\"@type\":\"Article\",\"@id\":\"https:\\\/\\\/www.gittas-verkstad.com\\\/se\\\/aktuellt\\\/gittas-verkstad-pa-lennartsforsdagen-2018\\\/#article\",\"isPartOf\":{\"@id\":\"https:\\\/\\\/www.gittas-verkstad.com\\\/se\\\/aktuellt\\\/gittas-verkstad-pa-lennartsforsdagen-2018\\\/\"},\"author\":{\"name\":\"gitta\",\"@id\":\"https:\\\/\\\/www.gittas-verkstad.com\\\/se\\\/#\\\/schema\\\/person\\\/66efc41949b9b5d43667d40db8dfcc57\"},\"headline\":\"Lennartsforsdag 2018: Gittas verkstad \u00e4r med och visar nya alster\",\"datePublished\":\"2018-07-19T21:57:09+00:00\",\"dateModified\":\"2019-05-09T18:13:09+00:00\",\"mainEntityOfPage\":{\"@id\":\"https:\\\/\\\/www.gittas-verkstad.com\\\/se\\\/aktuellt\\\/gittas-verkstad-pa-lennartsforsdagen-2018\\\/\"},\"wordCount\":67,\"image\":{\"@id\":\"https:\\\/\\\/www.gittas-verkstad.com\\\/se\\\/aktuellt\\\/gittas-verkstad-pa-lennartsforsdagen-2018\\\/#primaryimage\"},\"thumbnailUrl\":\"https:\\\/\\\/www.gittas-verkstad.com\\\/se\\\/wp-content\\\/uploads\\\/sites\\\/12\\\/2018\\\/07\\\/DSC00721-e1532037312771.jpg\",\"keywords\":[\"bilder av tr\u00e4d\",\"Gittas verkstad\",\"Lennartsfors\",\"Lennartsforsdag\"],\"articleSection\":[\"Aktuellt\"],\"inLanguage\":\"sv-SE\"},{\"@type\":\"WebPage\",\"@id\":\"https:\\\/\\\/www.gittas-verkstad.com\\\/se\\\/aktuellt\\\/gittas-verkstad-pa-lennartsforsdagen-2018\\\/\",\"url\":\"https:\\\/\\\/www.gittas-verkstad.com\\\/se\\\/aktuellt\\\/gittas-verkstad-pa-lennartsforsdagen-2018\\\/\",\"name\":\"Gittas verkstadmed nya alster p\u00e5 Lennartsforsdagen 2018\",\"isPartOf\":{\"@id\":\"https:\\\/\\\/www.gittas-verkstad.com\\\/se\\\/#website\"},\"primaryImageOfPage\":{\"@id\":\"https:\\\/\\\/www.gittas-verkstad.com\\\/se\\\/aktuellt\\\/gittas-verkstad-pa-lennartsforsdagen-2018\\\/#primaryimage\"},\"image\":{\"@id\":\"https:\\\/\\\/www.gittas-verkstad.com\\\/se\\\/aktuellt\\\/gittas-verkstad-pa-lennartsforsdagen-2018\\\/#primaryimage\"},\"thumbnailUrl\":\"https:\\\/\\\/www.gittas-verkstad.com\\\/se\\\/wp-content\\\/uploads\\\/sites\\\/12\\\/2018\\\/07\\\/DSC00721-e1532037312771.jpg\",\"datePublished\":\"2018-07-19T21:57:09+00:00\",\"dateModified\":\"2019-05-09T18:13:09+00:00\",\"author\":{\"@id\":\"https:\\\/\\\/www.gittas-verkstad.com\\\/se\\\/#\\\/schema\\\/person\\\/66efc41949b9b5d43667d40db8dfcc57\"},\"description\":\"Gittas verkstad deltar p\u00e5 Lennartsforsdagen. P\u00e5 hantverksmarknaden rund dansbanan visar hon bland annat nya bilder av tr\u00e4.\",\"breadcrumb\":{\"@id\":\"https:\\\/\\\/www.gittas-verkstad.com\\\/se\\\/aktuellt\\\/gittas-verkstad-pa-lennartsforsdagen-2018\\\/#breadcrumb\"},\"inLanguage\":\"sv-SE\",\"potentialAction\":[{\"@type\":\"ReadAction\",\"target\":[\"https:\\\/\\\/www.gittas-verkstad.com\\\/se\\\/aktuellt\\\/gittas-verkstad-pa-lennartsforsdagen-2018\\\/\"]}]},{\"@type\":\"ImageObject\",\"inLanguage\":\"sv-SE\",\"@id\":\"https:\\\/\\\/www.gittas-verkstad.com\\\/se\\\/aktuellt\\\/gittas-verkstad-pa-lennartsforsdagen-2018\\\/#primaryimage\",\"url\":\"https:\\\/\\\/www.gittas-verkstad.com\\\/se\\\/wp-content\\\/uploads\\\/sites\\\/12\\\/2018\\\/07\\\/DSC00721-e1532037312771.jpg\",\"contentUrl\":\"https:\\\/\\\/www.gittas-verkstad.com\\\/se\\\/wp-content\\\/uploads\\\/sites\\\/12\\\/2018\\\/07\\\/DSC00721-e1532037312771.jpg\",\"width\":1024,\"height\":768,\"caption\":\"Gittas verkstad p\u00e5 Lennartsforsdagen 2018\"},{\"@type\":\"BreadcrumbList\",\"@id\":\"https:\\\/\\\/www.gittas-verkstad.com\\\/se\\\/aktuellt\\\/gittas-verkstad-pa-lennartsforsdagen-2018\\\/#breadcrumb\",\"itemListElement\":[{\"@type\":\"ListItem\",\"position\":1,\"name\":\"Startseite\",\"item\":\"https:\\\/\\\/www.gittas-verkstad.com\\\/se\\\/\"},{\"@type\":\"ListItem\",\"position\":2,\"name\":\"Lennartsforsdag 2018: Gittas verkstad \u00e4r med och visar nya alster\"}]},{\"@type\":\"WebSite\",\"@id\":\"https:\\\/\\\/www.gittas-verkstad.com\\\/se\\\/#website\",\"url\":\"https:\\\/\\\/www.gittas-verkstad.com\\\/se\\\/\",\"name\":\"Gittas verkstad v\u00e4v, konst, design \\\/ se \\\/ Lennartsfors\",\"description\":\"Gitta driver en verkstad f\u00f6r v\u00e4vning, konst och design i Lennartsfors. De handgjorda produkterna s\u00e4ljer hon i hennes galleri p\u00e5 Gjut\u00e5s vid Dalslands Kanalen.\",\"potentialAction\":[{\"@type\":\"SearchAction\",\"target\":{\"@type\":\"EntryPoint\",\"urlTemplate\":\"https:\\\/\\\/www.gittas-verkstad.com\\\/se\\\/?s={search_term_string}\"},\"query-input\":{\"@type\":\"PropertyValueSpecification\",\"valueRequired\":true,\"valueName\":\"search_term_string\"}}],\"inLanguage\":\"sv-SE\"},{\"@type\":\"Person\",\"@id\":\"https:\\\/\\\/www.gittas-verkstad.com\\\/se\\\/#\\\/schema\\\/person\\\/66efc41949b9b5d43667d40db8dfcc57\",\"name\":\"gitta\",\"url\":\"https:\\\/\\\/www.gittas-verkstad.com\\\/se\\\/author\\\/gitta\\\/\"}]}<\/script>\n<!-- \/ Yoast SEO plugin. -->","yoast_head_json":{"title":"Gittas verkstadmed nya alster p\u00e5 Lennartsforsdagen 2018","description":"Gittas verkstad deltar p\u00e5 Lennartsforsdagen. P\u00e5 hantverksmarknaden rund dansbanan visar hon bland annat nya bilder av tr\u00e4.","robots":{"index":"index","follow":"follow","max-snippet":"max-snippet:-1","max-image-preview":"max-image-preview:large","max-video-preview":"max-video-preview:-1"},"canonical":"https:\/\/www.gittas-verkstad.com\/se\/aktuellt\/gittas-verkstad-pa-lennartsforsdagen-2018\/","og_locale":"sv_SE","og_type":"article","og_title":"Gittas verkstadmed nya alster p\u00e5 Lennartsforsdagen 2018","og_description":"Gittas verkstad deltar p\u00e5 Lennartsforsdagen. P\u00e5 hantverksmarknaden rund dansbanan visar hon bland annat nya bilder av tr\u00e4.","og_url":"https:\/\/www.gittas-verkstad.com\/se\/aktuellt\/gittas-verkstad-pa-lennartsforsdagen-2018\/","og_site_name":"Gittas verkstad v\u00e4v, konst, design \/ se \/ Lennartsfors","article_published_time":"2018-07-19T21:57:09+00:00","article_modified_time":"2019-05-09T18:13:09+00:00","og_image":[{"width":1024,"height":768,"url":"https:\/\/www.gittas-verkstad.com\/se\/wp-content\/uploads\/sites\/12\/2018\/07\/DSC00721-e1532037312771.jpg","type":"image\/jpeg"}],"author":"gitta","twitter_card":"summary_large_image","twitter_misc":{"Skriven av":"gitta"},"schema":{"@context":"https:\/\/schema.org","@graph":[{"@type":"Article","@id":"https:\/\/www.gittas-verkstad.com\/se\/aktuellt\/gittas-verkstad-pa-lennartsforsdagen-2018\/#article","isPartOf":{"@id":"https:\/\/www.gittas-verkstad.com\/se\/aktuellt\/gittas-verkstad-pa-lennartsforsdagen-2018\/"},"author":{"name":"gitta","@id":"https:\/\/www.gittas-verkstad.com\/se\/#\/schema\/person\/66efc41949b9b5d43667d40db8dfcc57"},"headline":"Lennartsforsdag 2018: Gittas verkstad \u00e4r med och visar nya alster","datePublished":"2018-07-19T21:57:09+00:00","dateModified":"2019-05-09T18:13:09+00:00","mainEntityOfPage":{"@id":"https:\/\/www.gittas-verkstad.com\/se\/aktuellt\/gittas-verkstad-pa-lennartsforsdagen-2018\/"},"wordCount":67,"image":{"@id":"https:\/\/www.gittas-verkstad.com\/se\/aktuellt\/gittas-verkstad-pa-lennartsforsdagen-2018\/#primaryimage"},"thumbnailUrl":"https:\/\/www.gittas-verkstad.com\/se\/wp-content\/uploads\/sites\/12\/2018\/07\/DSC00721-e1532037312771.jpg","keywords":["bilder av tr\u00e4d","Gittas verkstad","Lennartsfors","Lennartsforsdag"],"articleSection":["Aktuellt"],"inLanguage":"sv-SE"},{"@type":"WebPage","@id":"https:\/\/www.gittas-verkstad.com\/se\/aktuellt\/gittas-verkstad-pa-lennartsforsdagen-2018\/","url":"https:\/\/www.gittas-verkstad.com\/se\/aktuellt\/gittas-verkstad-pa-lennartsforsdagen-2018\/","name":"Gittas verkstadmed nya alster p\u00e5 Lennartsforsdagen 2018","isPartOf":{"@id":"https:\/\/www.gittas-verkstad.com\/se\/#website"},"primaryImageOfPage":{"@id":"https:\/\/www.gittas-verkstad.com\/se\/aktuellt\/gittas-verkstad-pa-lennartsforsdagen-2018\/#primaryimage"},"image":{"@id":"https:\/\/www.gittas-verkstad.com\/se\/aktuellt\/gittas-verkstad-pa-lennartsforsdagen-2018\/#primaryimage"},"thumbnailUrl":"https:\/\/www.gittas-verkstad.com\/se\/wp-content\/uploads\/sites\/12\/2018\/07\/DSC00721-e1532037312771.jpg","datePublished":"2018-07-19T21:57:09+00:00","dateModified":"2019-05-09T18:13:09+00:00","author":{"@id":"https:\/\/www.gittas-verkstad.com\/se\/#\/schema\/person\/66efc41949b9b5d43667d40db8dfcc57"},"description":"Gittas verkstad deltar p\u00e5 Lennartsforsdagen. P\u00e5 hantverksmarknaden rund dansbanan visar hon bland annat nya bilder av tr\u00e4.","breadcrumb":{"@id":"https:\/\/www.gittas-verkstad.com\/se\/aktuellt\/gittas-verkstad-pa-lennartsforsdagen-2018\/#breadcrumb"},"inLanguage":"sv-SE","potentialAction":[{"@type":"ReadAction","target":["https:\/\/www.gittas-verkstad.com\/se\/aktuellt\/gittas-verkstad-pa-lennartsforsdagen-2018\/"]}]},{"@type":"ImageObject","inLanguage":"sv-SE","@id":"https:\/\/www.gittas-verkstad.com\/se\/aktuellt\/gittas-verkstad-pa-lennartsforsdagen-2018\/#primaryimage","url":"https:\/\/www.gittas-verkstad.com\/se\/wp-content\/uploads\/sites\/12\/2018\/07\/DSC00721-e1532037312771.jpg","contentUrl":"https:\/\/www.gittas-verkstad.com\/se\/wp-content\/uploads\/sites\/12\/2018\/07\/DSC00721-e1532037312771.jpg","width":1024,"height":768,"caption":"Gittas verkstad p\u00e5 Lennartsforsdagen 2018"},{"@type":"BreadcrumbList","@id":"https:\/\/www.gittas-verkstad.com\/se\/aktuellt\/gittas-verkstad-pa-lennartsforsdagen-2018\/#breadcrumb","itemListElement":[{"@type":"ListItem","position":1,"name":"Startseite","item":"https:\/\/www.gittas-verkstad.com\/se\/"},{"@type":"ListItem","position":2,"name":"Lennartsforsdag 2018: Gittas verkstad \u00e4r med och visar nya alster"}]},{"@type":"WebSite","@id":"https:\/\/www.gittas-verkstad.com\/se\/#website","url":"https:\/\/www.gittas-verkstad.com\/se\/","name":"Gittas verkstad v\u00e4v, konst, design \/ se \/ Lennartsfors","description":"Gitta driver en verkstad f\u00f6r v\u00e4vning, konst och design i Lennartsfors. De handgjorda produkterna s\u00e4ljer hon i hennes galleri p\u00e5 Gjut\u00e5s vid Dalslands Kanalen.","potentialAction":[{"@type":"SearchAction","target":{"@type":"EntryPoint","urlTemplate":"https:\/\/www.gittas-verkstad.com\/se\/?s={search_term_string}"},"query-input":{"@type":"PropertyValueSpecification","valueRequired":true,"valueName":"search_term_string"}}],"inLanguage":"sv-SE"},{"@type":"Person","@id":"https:\/\/www.gittas-verkstad.com\/se\/#\/schema\/person\/66efc41949b9b5d43667d40db8dfcc57","name":"gitta","url":"https:\/\/www.gittas-verkstad.com\/se\/author\/gitta\/"}]}},"_links":{"self":[{"href":"https:\/\/www.gittas-verkstad.com\/se\/wp-json\/wp\/v2\/posts\/992","targetHints":{"allow":["GET"]}}],"collection":[{"href":"https:\/\/www.gittas-verkstad.com\/se\/wp-json\/wp\/v2\/posts"}],"about":[{"href":"https:\/\/www.gittas-verkstad.com\/se\/wp-json\/wp\/v2\/types\/post"}],"author":[{"embeddable":true,"href":"https:\/\/www.gittas-verkstad.com\/se\/wp-json\/wp\/v2\/users\/1"}],"replies":[{"embeddable":true,"href":"https:\/\/www.gittas-verkstad.com\/se\/wp-json\/wp\/v2\/comments?post=992"}],"version-history":[{"count":8,"href":"https:\/\/www.gittas-verkstad.com\/se\/wp-json\/wp\/v2\/posts\/992\/revisions"}],"predecessor-version":[{"id":1127,"href":"https:\/\/www.gittas-verkstad.com\/se\/wp-json\/wp\/v2\/posts\/992\/revisions\/1127"}],"wp:featuredmedia":[{"embeddable":true,"href":"https:\/\/www.gittas-verkstad.com\/se\/wp-json\/wp\/v2\/media\/993"}],"wp:attachment":[{"href":"https:\/\/www.gittas-verkstad.com\/se\/wp-json\/wp\/v2\/media?parent=992"}],"wp:term":[{"taxonomy":"category","embeddable":true,"href":"https:\/\/www.gittas-verkstad.com\/se\/wp-json\/wp\/v2\/categories?post=992"},{"taxonomy":"post_tag","embeddable":true,"href":"https:\/\/www.gittas-verkstad.com\/se\/wp-json\/wp\/v2\/tags?post=992"}],"curies":[{"name":"wp","href":"https:\/\/api.w.org\/{rel}","templated":true}]}}