{"id":759,"date":"2017-08-05T21:41:50","date_gmt":"2017-08-05T19:41:50","guid":{"rendered":"http:\/\/www.gittas-verkstad.com\/se\/?p=759"},"modified":"2021-03-01T18:25:58","modified_gmt":"2021-03-01T17:25:58","slug":"som-utstaellare-pa-oegarn-i-dusserud","status":"publish","type":"post","link":"https:\/\/www.gittas-verkstad.com\/se\/aktuellt\/som-utstaellare-pa-oegarn-i-dusserud\/","title":{"rendered":"Som utst\u00e4llare p\u00e5 \u00d6garn i Dusserud"},"content":{"rendered":"<p lang=\"sv-SE\">Som utst\u00e4llare p\u00e5 \u00d6garn i Dusserud. Gittas verkstad finns idag p\u00e5 \u00d6garn i Dusserud n\u00e4r T\u00f6cksfors <a href=\"https:\/\/www.lansstyrelsen.se\/Varmland\/Sv\/samhallsplanering-och-kulturmiljo\/landskapsvard\/se-och-besoka\/ogarn\/Pages\/index.aspx.\">https:\/\/www.lansstyrelsen.se\/Varmland\/Sv\/samhallsplanering-och-kulturmiljo\/landskapsvard\/se-och-besoka\/ogarn\/Pages\/index.aspx.<\/a><\/p>\n<p lang=\"sv-SE\">Trots det regniga v\u00e4dret var det en trevlig dag p\u00e5 den gamla g\u00e5rden med inte s\u00e5 manga men v\u00e4ldigt interesserade bes\u00f6kare.<\/p>\n","protected":false},"excerpt":{"rendered":"<p>Som utst\u00e4llare p\u00e5 \u00d6garn i Dusserud. Gittas verkstad finns idag p\u00e5 \u00d6garn i Dusserud n\u00e4r T\u00f6cksfors https:\/\/www.lansstyrelsen.se\/Varmland\/Sv\/samhallsplanering-och-kulturmiljo\/landskapsvard\/se-och-besoka\/ogarn\/Pages\/index.aspx. Trots det regniga v\u00e4dret var det en trevlig dag p\u00e5 den gamla g\u00e5rden med inte s\u00e5 manga men v\u00e4ldigt interesserade bes\u00f6kare.<\/p>\n","protected":false},"author":1,"featured_media":762,"comment_status":"closed","ping_status":"closed","sticky":false,"template":"","format":"standard","meta":{"footnotes":""},"categories":[2],"tags":[163,8,162,164],"class_list":["post-759","post","type-post","status-publish","format-standard","has-post-thumbnail","hentry","category-aktuellt","tag-dusserud","tag-gittas-verkstad","tag-oegarn","tag-toecksfors"],"yoast_head":"<!-- This site is optimized with the Yoast SEO plugin v27.5 - https:\/\/yoast.com\/product\/yoast-seo-wordpress\/ -->\n<title>Som utst\u00e4llare p\u00e5 \u00d6garn i Dusserud. Gittas verkstad finns idag<\/title>\n<meta name=\"description\" content=\"Som utst\u00e4llare p\u00e5 \u00d6garn i Dusserud. Gittas verkstad finns idag p\u00e5 \u00d6garn i Dusserud n\u00e4r T\u00f6cksfors. Trots det regniga v\u00e4dret var det\" \/>\n<meta name=\"robots\" content=\"index, follow, max-snippet:-1, max-image-preview:large, max-video-preview:-1\" \/>\n<link rel=\"canonical\" href=\"https:\/\/www.gittas-verkstad.com\/se\/aktuellt\/som-utstaellare-pa-oegarn-i-dusserud\/\" \/>\n<meta property=\"og:locale\" content=\"sv_SE\" \/>\n<meta property=\"og:type\" content=\"article\" \/>\n<meta property=\"og:title\" content=\"Som utst\u00e4llare p\u00e5 \u00d6garn i Dusserud. Gittas verkstad finns idag\" \/>\n<meta property=\"og:description\" content=\"Som utst\u00e4llare p\u00e5 \u00d6garn i Dusserud. Gittas verkstad finns idag p\u00e5 \u00d6garn i Dusserud n\u00e4r T\u00f6cksfors. Trots det regniga v\u00e4dret var det\" \/>\n<meta property=\"og:url\" content=\"https:\/\/www.gittas-verkstad.com\/se\/aktuellt\/som-utstaellare-pa-oegarn-i-dusserud\/\" \/>\n<meta property=\"og:site_name\" content=\"Gittas verkstad v\u00e4v, konst, design \/ se \/ Lennartsfors\" \/>\n<meta property=\"article:published_time\" content=\"2017-08-05T19:41:50+00:00\" \/>\n<meta property=\"article:modified_time\" content=\"2021-03-01T17:25:58+00:00\" \/>\n<meta property=\"og:image\" content=\"https:\/\/www.gittas-verkstad.com\/se\/wp-content\/uploads\/sites\/12\/2017\/08\/IMG_3570-1.jpg\" \/>\n\t<meta property=\"og:image:width\" content=\"2048\" \/>\n\t<meta property=\"og:image:height\" content=\"618\" \/>\n\t<meta property=\"og:image:type\" content=\"image\/jpeg\" \/>\n<meta name=\"author\" content=\"gitta\" \/>\n<meta name=\"twitter:card\" content=\"summary_large_image\" \/>\n<meta name=\"twitter:label1\" content=\"Skriven av\" \/>\n\t<meta name=\"twitter:data1\" content=\"gitta\" \/>\n\t<meta name=\"twitter:label2\" content=\"Ber\u00e4knad l\u00e4stid\" \/>\n\t<meta name=\"twitter:data2\" content=\"1 minut\" \/>\n<script type=\"application\/ld+json\" class=\"yoast-schema-graph\">{\"@context\":\"https:\\\/\\\/schema.org\",\"@graph\":[{\"@type\":\"Article\",\"@id\":\"https:\\\/\\\/www.gittas-verkstad.com\\\/se\\\/aktuellt\\\/som-utstaellare-pa-oegarn-i-dusserud\\\/#article\",\"isPartOf\":{\"@id\":\"https:\\\/\\\/www.gittas-verkstad.com\\\/se\\\/aktuellt\\\/som-utstaellare-pa-oegarn-i-dusserud\\\/\"},\"author\":{\"name\":\"gitta\",\"@id\":\"https:\\\/\\\/www.gittas-verkstad.com\\\/se\\\/#\\\/schema\\\/person\\\/66efc41949b9b5d43667d40db8dfcc57\"},\"headline\":\"Som utst\u00e4llare p\u00e5 \u00d6garn i Dusserud\",\"datePublished\":\"2017-08-05T19:41:50+00:00\",\"dateModified\":\"2021-03-01T17:25:58+00:00\",\"mainEntityOfPage\":{\"@id\":\"https:\\\/\\\/www.gittas-verkstad.com\\\/se\\\/aktuellt\\\/som-utstaellare-pa-oegarn-i-dusserud\\\/\"},\"wordCount\":64,\"image\":{\"@id\":\"https:\\\/\\\/www.gittas-verkstad.com\\\/se\\\/aktuellt\\\/som-utstaellare-pa-oegarn-i-dusserud\\\/#primaryimage\"},\"thumbnailUrl\":\"https:\\\/\\\/www.gittas-verkstad.com\\\/se\\\/wp-content\\\/uploads\\\/sites\\\/12\\\/2017\\\/08\\\/IMG_3570-1.jpg\",\"keywords\":[\"Dusserud\",\"Gittas verkstad\",\"\u00d6g\u00e5rn\",\"T\u00f6cksfors\"],\"articleSection\":[\"Aktuellt\"],\"inLanguage\":\"sv-SE\"},{\"@type\":\"WebPage\",\"@id\":\"https:\\\/\\\/www.gittas-verkstad.com\\\/se\\\/aktuellt\\\/som-utstaellare-pa-oegarn-i-dusserud\\\/\",\"url\":\"https:\\\/\\\/www.gittas-verkstad.com\\\/se\\\/aktuellt\\\/som-utstaellare-pa-oegarn-i-dusserud\\\/\",\"name\":\"Som utst\u00e4llare p\u00e5 \u00d6garn i Dusserud. Gittas verkstad finns idag\",\"isPartOf\":{\"@id\":\"https:\\\/\\\/www.gittas-verkstad.com\\\/se\\\/#website\"},\"primaryImageOfPage\":{\"@id\":\"https:\\\/\\\/www.gittas-verkstad.com\\\/se\\\/aktuellt\\\/som-utstaellare-pa-oegarn-i-dusserud\\\/#primaryimage\"},\"image\":{\"@id\":\"https:\\\/\\\/www.gittas-verkstad.com\\\/se\\\/aktuellt\\\/som-utstaellare-pa-oegarn-i-dusserud\\\/#primaryimage\"},\"thumbnailUrl\":\"https:\\\/\\\/www.gittas-verkstad.com\\\/se\\\/wp-content\\\/uploads\\\/sites\\\/12\\\/2017\\\/08\\\/IMG_3570-1.jpg\",\"datePublished\":\"2017-08-05T19:41:50+00:00\",\"dateModified\":\"2021-03-01T17:25:58+00:00\",\"author\":{\"@id\":\"https:\\\/\\\/www.gittas-verkstad.com\\\/se\\\/#\\\/schema\\\/person\\\/66efc41949b9b5d43667d40db8dfcc57\"},\"description\":\"Som utst\u00e4llare p\u00e5 \u00d6garn i Dusserud. Gittas verkstad finns idag p\u00e5 \u00d6garn i Dusserud n\u00e4r T\u00f6cksfors. Trots det regniga v\u00e4dret var det\",\"breadcrumb\":{\"@id\":\"https:\\\/\\\/www.gittas-verkstad.com\\\/se\\\/aktuellt\\\/som-utstaellare-pa-oegarn-i-dusserud\\\/#breadcrumb\"},\"inLanguage\":\"sv-SE\",\"potentialAction\":[{\"@type\":\"ReadAction\",\"target\":[\"https:\\\/\\\/www.gittas-verkstad.com\\\/se\\\/aktuellt\\\/som-utstaellare-pa-oegarn-i-dusserud\\\/\"]}]},{\"@type\":\"ImageObject\",\"inLanguage\":\"sv-SE\",\"@id\":\"https:\\\/\\\/www.gittas-verkstad.com\\\/se\\\/aktuellt\\\/som-utstaellare-pa-oegarn-i-dusserud\\\/#primaryimage\",\"url\":\"https:\\\/\\\/www.gittas-verkstad.com\\\/se\\\/wp-content\\\/uploads\\\/sites\\\/12\\\/2017\\\/08\\\/IMG_3570-1.jpg\",\"contentUrl\":\"https:\\\/\\\/www.gittas-verkstad.com\\\/se\\\/wp-content\\\/uploads\\\/sites\\\/12\\\/2017\\\/08\\\/IMG_3570-1.jpg\",\"width\":2048,\"height\":618},{\"@type\":\"BreadcrumbList\",\"@id\":\"https:\\\/\\\/www.gittas-verkstad.com\\\/se\\\/aktuellt\\\/som-utstaellare-pa-oegarn-i-dusserud\\\/#breadcrumb\",\"itemListElement\":[{\"@type\":\"ListItem\",\"position\":1,\"name\":\"Startseite\",\"item\":\"https:\\\/\\\/www.gittas-verkstad.com\\\/se\\\/\"},{\"@type\":\"ListItem\",\"position\":2,\"name\":\"Som utst\u00e4llare p\u00e5 \u00d6garn i Dusserud\"}]},{\"@type\":\"WebSite\",\"@id\":\"https:\\\/\\\/www.gittas-verkstad.com\\\/se\\\/#website\",\"url\":\"https:\\\/\\\/www.gittas-verkstad.com\\\/se\\\/\",\"name\":\"Gittas verkstad v\u00e4v, konst, design \\\/ se \\\/ Lennartsfors\",\"description\":\"Gitta driver en verkstad f\u00f6r v\u00e4vning, konst och design i Lennartsfors. De handgjorda produkterna s\u00e4ljer hon i hennes galleri p\u00e5 Gjut\u00e5s vid Dalslands Kanalen.\",\"potentialAction\":[{\"@type\":\"SearchAction\",\"target\":{\"@type\":\"EntryPoint\",\"urlTemplate\":\"https:\\\/\\\/www.gittas-verkstad.com\\\/se\\\/?s={search_term_string}\"},\"query-input\":{\"@type\":\"PropertyValueSpecification\",\"valueRequired\":true,\"valueName\":\"search_term_string\"}}],\"inLanguage\":\"sv-SE\"},{\"@type\":\"Person\",\"@id\":\"https:\\\/\\\/www.gittas-verkstad.com\\\/se\\\/#\\\/schema\\\/person\\\/66efc41949b9b5d43667d40db8dfcc57\",\"name\":\"gitta\",\"url\":\"https:\\\/\\\/www.gittas-verkstad.com\\\/se\\\/author\\\/gitta\\\/\"}]}<\/script>\n<!-- \/ Yoast SEO plugin. -->","yoast_head_json":{"title":"Som utst\u00e4llare p\u00e5 \u00d6garn i Dusserud. Gittas verkstad finns idag","description":"Som utst\u00e4llare p\u00e5 \u00d6garn i Dusserud. Gittas verkstad finns idag p\u00e5 \u00d6garn i Dusserud n\u00e4r T\u00f6cksfors. Trots det regniga v\u00e4dret var det","robots":{"index":"index","follow":"follow","max-snippet":"max-snippet:-1","max-image-preview":"max-image-preview:large","max-video-preview":"max-video-preview:-1"},"canonical":"https:\/\/www.gittas-verkstad.com\/se\/aktuellt\/som-utstaellare-pa-oegarn-i-dusserud\/","og_locale":"sv_SE","og_type":"article","og_title":"Som utst\u00e4llare p\u00e5 \u00d6garn i Dusserud. Gittas verkstad finns idag","og_description":"Som utst\u00e4llare p\u00e5 \u00d6garn i Dusserud. Gittas verkstad finns idag p\u00e5 \u00d6garn i Dusserud n\u00e4r T\u00f6cksfors. Trots det regniga v\u00e4dret var det","og_url":"https:\/\/www.gittas-verkstad.com\/se\/aktuellt\/som-utstaellare-pa-oegarn-i-dusserud\/","og_site_name":"Gittas verkstad v\u00e4v, konst, design \/ se \/ Lennartsfors","article_published_time":"2017-08-05T19:41:50+00:00","article_modified_time":"2021-03-01T17:25:58+00:00","og_image":[{"width":2048,"height":618,"url":"https:\/\/www.gittas-verkstad.com\/se\/wp-content\/uploads\/sites\/12\/2017\/08\/IMG_3570-1.jpg","type":"image\/jpeg"}],"author":"gitta","twitter_card":"summary_large_image","twitter_misc":{"Skriven av":"gitta","Ber\u00e4knad l\u00e4stid":"1 minut"},"schema":{"@context":"https:\/\/schema.org","@graph":[{"@type":"Article","@id":"https:\/\/www.gittas-verkstad.com\/se\/aktuellt\/som-utstaellare-pa-oegarn-i-dusserud\/#article","isPartOf":{"@id":"https:\/\/www.gittas-verkstad.com\/se\/aktuellt\/som-utstaellare-pa-oegarn-i-dusserud\/"},"author":{"name":"gitta","@id":"https:\/\/www.gittas-verkstad.com\/se\/#\/schema\/person\/66efc41949b9b5d43667d40db8dfcc57"},"headline":"Som utst\u00e4llare p\u00e5 \u00d6garn i Dusserud","datePublished":"2017-08-05T19:41:50+00:00","dateModified":"2021-03-01T17:25:58+00:00","mainEntityOfPage":{"@id":"https:\/\/www.gittas-verkstad.com\/se\/aktuellt\/som-utstaellare-pa-oegarn-i-dusserud\/"},"wordCount":64,"image":{"@id":"https:\/\/www.gittas-verkstad.com\/se\/aktuellt\/som-utstaellare-pa-oegarn-i-dusserud\/#primaryimage"},"thumbnailUrl":"https:\/\/www.gittas-verkstad.com\/se\/wp-content\/uploads\/sites\/12\/2017\/08\/IMG_3570-1.jpg","keywords":["Dusserud","Gittas verkstad","\u00d6g\u00e5rn","T\u00f6cksfors"],"articleSection":["Aktuellt"],"inLanguage":"sv-SE"},{"@type":"WebPage","@id":"https:\/\/www.gittas-verkstad.com\/se\/aktuellt\/som-utstaellare-pa-oegarn-i-dusserud\/","url":"https:\/\/www.gittas-verkstad.com\/se\/aktuellt\/som-utstaellare-pa-oegarn-i-dusserud\/","name":"Som utst\u00e4llare p\u00e5 \u00d6garn i Dusserud. Gittas verkstad finns idag","isPartOf":{"@id":"https:\/\/www.gittas-verkstad.com\/se\/#website"},"primaryImageOfPage":{"@id":"https:\/\/www.gittas-verkstad.com\/se\/aktuellt\/som-utstaellare-pa-oegarn-i-dusserud\/#primaryimage"},"image":{"@id":"https:\/\/www.gittas-verkstad.com\/se\/aktuellt\/som-utstaellare-pa-oegarn-i-dusserud\/#primaryimage"},"thumbnailUrl":"https:\/\/www.gittas-verkstad.com\/se\/wp-content\/uploads\/sites\/12\/2017\/08\/IMG_3570-1.jpg","datePublished":"2017-08-05T19:41:50+00:00","dateModified":"2021-03-01T17:25:58+00:00","author":{"@id":"https:\/\/www.gittas-verkstad.com\/se\/#\/schema\/person\/66efc41949b9b5d43667d40db8dfcc57"},"description":"Som utst\u00e4llare p\u00e5 \u00d6garn i Dusserud. Gittas verkstad finns idag p\u00e5 \u00d6garn i Dusserud n\u00e4r T\u00f6cksfors. Trots det regniga v\u00e4dret var det","breadcrumb":{"@id":"https:\/\/www.gittas-verkstad.com\/se\/aktuellt\/som-utstaellare-pa-oegarn-i-dusserud\/#breadcrumb"},"inLanguage":"sv-SE","potentialAction":[{"@type":"ReadAction","target":["https:\/\/www.gittas-verkstad.com\/se\/aktuellt\/som-utstaellare-pa-oegarn-i-dusserud\/"]}]},{"@type":"ImageObject","inLanguage":"sv-SE","@id":"https:\/\/www.gittas-verkstad.com\/se\/aktuellt\/som-utstaellare-pa-oegarn-i-dusserud\/#primaryimage","url":"https:\/\/www.gittas-verkstad.com\/se\/wp-content\/uploads\/sites\/12\/2017\/08\/IMG_3570-1.jpg","contentUrl":"https:\/\/www.gittas-verkstad.com\/se\/wp-content\/uploads\/sites\/12\/2017\/08\/IMG_3570-1.jpg","width":2048,"height":618},{"@type":"BreadcrumbList","@id":"https:\/\/www.gittas-verkstad.com\/se\/aktuellt\/som-utstaellare-pa-oegarn-i-dusserud\/#breadcrumb","itemListElement":[{"@type":"ListItem","position":1,"name":"Startseite","item":"https:\/\/www.gittas-verkstad.com\/se\/"},{"@type":"ListItem","position":2,"name":"Som utst\u00e4llare p\u00e5 \u00d6garn i Dusserud"}]},{"@type":"WebSite","@id":"https:\/\/www.gittas-verkstad.com\/se\/#website","url":"https:\/\/www.gittas-verkstad.com\/se\/","name":"Gittas verkstad v\u00e4v, konst, design \/ se \/ Lennartsfors","description":"Gitta driver en verkstad f\u00f6r v\u00e4vning, konst och design i Lennartsfors. De handgjorda produkterna s\u00e4ljer hon i hennes galleri p\u00e5 Gjut\u00e5s vid Dalslands Kanalen.","potentialAction":[{"@type":"SearchAction","target":{"@type":"EntryPoint","urlTemplate":"https:\/\/www.gittas-verkstad.com\/se\/?s={search_term_string}"},"query-input":{"@type":"PropertyValueSpecification","valueRequired":true,"valueName":"search_term_string"}}],"inLanguage":"sv-SE"},{"@type":"Person","@id":"https:\/\/www.gittas-verkstad.com\/se\/#\/schema\/person\/66efc41949b9b5d43667d40db8dfcc57","name":"gitta","url":"https:\/\/www.gittas-verkstad.com\/se\/author\/gitta\/"}]}},"_links":{"self":[{"href":"https:\/\/www.gittas-verkstad.com\/se\/wp-json\/wp\/v2\/posts\/759","targetHints":{"allow":["GET"]}}],"collection":[{"href":"https:\/\/www.gittas-verkstad.com\/se\/wp-json\/wp\/v2\/posts"}],"about":[{"href":"https:\/\/www.gittas-verkstad.com\/se\/wp-json\/wp\/v2\/types\/post"}],"author":[{"embeddable":true,"href":"https:\/\/www.gittas-verkstad.com\/se\/wp-json\/wp\/v2\/users\/1"}],"replies":[{"embeddable":true,"href":"https:\/\/www.gittas-verkstad.com\/se\/wp-json\/wp\/v2\/comments?post=759"}],"version-history":[{"count":4,"href":"https:\/\/www.gittas-verkstad.com\/se\/wp-json\/wp\/v2\/posts\/759\/revisions"}],"predecessor-version":[{"id":1661,"href":"https:\/\/www.gittas-verkstad.com\/se\/wp-json\/wp\/v2\/posts\/759\/revisions\/1661"}],"wp:featuredmedia":[{"embeddable":true,"href":"https:\/\/www.gittas-verkstad.com\/se\/wp-json\/wp\/v2\/media\/762"}],"wp:attachment":[{"href":"https:\/\/www.gittas-verkstad.com\/se\/wp-json\/wp\/v2\/media?parent=759"}],"wp:term":[{"taxonomy":"category","embeddable":true,"href":"https:\/\/www.gittas-verkstad.com\/se\/wp-json\/wp\/v2\/categories?post=759"},{"taxonomy":"post_tag","embeddable":true,"href":"https:\/\/www.gittas-verkstad.com\/se\/wp-json\/wp\/v2\/tags?post=759"}],"curies":[{"name":"wp","href":"https:\/\/api.w.org\/{rel}","templated":true}]}}