{"id":2437,"date":"2026-08-29T19:00:31","date_gmt":"2026-08-29T17:00:31","guid":{"rendered":"https:\/\/www.gittas-verkstad.com\/se\/?p=2437"},"modified":"2026-08-30T18:18:25","modified_gmt":"2026-08-30T16:18:25","slug":"utstallningen-mellan-tradar-och-form-i-galleri-passagen-pa-arjangs-bibliotek","status":"publish","type":"post","link":"https:\/\/www.gittas-verkstad.com\/se\/aktuellt\/utstallningen-mellan-tradar-och-form-i-galleri-passagen-pa-arjangs-bibliotek\/","title":{"rendered":"Utst\u00e4llningen \u201dMellan tr\u00e5dar och form\u201d i Galleri Passagen p\u00e5 \u00c5rj\u00e4ngs bibliotek"},"content":{"rendered":"\n<p class=\"wp-block-paragraph\"><\/p>\n\n\n\n<p class=\"wp-block-paragraph\">Utst\u00e4llningen  \u201dMellan tr\u00e5dar och form\u201d i Galleri Passagen p\u00e5 \u00c5rj\u00e4ngs bibliotek kan du bes\u00f6ka till 4 september.<\/p>\n\n\n\n<p class=\"wp-block-paragraph\">V\u00e4vningen \u00e4r utg\u00e5ngspunkten f\u00f6r mitt arbete, men i den h\u00e4r utst\u00e4llningen l\u00e5ter jag textilkonst, m\u00e5leri och objekt m\u00f6tas. Jag kombinerar v\u00e4vda v\u00e4ggtextilier med temperam\u00e5lningar, metall m\u00f6ter garn och tr\u00e4, och v\u00e4lbekanta material f\u00e5r nya sammanhang. P\u00e5 s\u00e5 s\u00e4tt har det vuxit fram en utst\u00e4llning d\u00e4r tr\u00e5dar, former och olika material m\u00f6ts och f\u00f6r en dialog med varandra.<\/p>\n\n\n\n<p class=\"wp-block-paragraph\">En alldeles speciell eftermiddag var \u201dMitt i utst\u00e4llningen\u201d den 20 augusti. M\u00e5nga bes\u00f6kare kom till Galleri Passagen f\u00f6r att se utst\u00e4llningen, h\u00f6ra mer om n\u00e5gra utvalda verk och hur de kommit till och f\u00f6r att samtala med varandra \u00f6ver ett glas \u00e4ppelcider och hembakat tilltugg. Alla fina m\u00f6ten, samtal och blommor gjorde den h\u00e4r eftermiddagen till en alldeles speciell upplevelse f\u00f6r mig.<\/p>\n\n\n\n<p class=\"wp-block-paragraph\">Utst\u00e4llningen \u201dMellan tr\u00e5dar och form\u201d visas fram till den 4 september under bibliotekets \u00f6ppettider. Varmt v\u00e4lkommen! <\/p>\n\n\n\n<p class=\"wp-block-paragraph\"><\/p>\n","protected":false},"excerpt":{"rendered":"<p>Utst\u00e4llningen \u201dMellan tr\u00e5dar och form\u201d i Galleri Passagen p\u00e5 \u00c5rj\u00e4ngs bibliotek kan du bes\u00f6ka till 4 september. V\u00e4vningen \u00e4r utg\u00e5ngspunkten f\u00f6r mitt arbete, men i den h\u00e4r utst\u00e4llningen l\u00e5ter jag textilkonst, m\u00e5leri och objekt m\u00f6tas. Jag kombinerar v\u00e4vda v\u00e4ggtextilier med <a class=\"more-link\" href=\"https:\/\/www.gittas-verkstad.com\/se\/aktuellt\/utstallningen-mellan-tradar-och-form-i-galleri-passagen-pa-arjangs-bibliotek\/\">l\u00e4s mer&#8230;<\/a><\/p>\n","protected":false},"author":1,"featured_media":2439,"comment_status":"closed","ping_status":"closed","sticky":false,"template":"","format":"standard","meta":{"footnotes":""},"categories":[2],"tags":[50,452,449,90,450,16],"class_list":["post-2437","post","type-post","status-publish","format-standard","has-post-thumbnail","hentry","category-aktuellt","tag-arjaeng","tag-bibliotek","tag-galleri-passagen","tag-gitta-bretsch","tag-mellan-tradar-och-form","tag-utstaellning"],"yoast_head":"<!-- This site is optimized with the Yoast SEO plugin v28.3 - https:\/\/yoast.com\/product\/yoast-seo-wordpress\/ -->\n<title>Utst\u00e4llningen \u201dMellan tr\u00e5dar och form\u201d i Galleri Passagen<\/title>\n<meta name=\"description\" content=\"Utst\u00e4llningen \u201dMellan tr\u00e5dar och form\u201d i Galleri Passagen p\u00e5 \u00c5rj\u00e4ngs bibliotek\ufeff: Min utst\u00e4llning \u201dMellan tr\u00e5dar och form\u201d kan du bes\u00f6ka\" \/>\n<meta name=\"robots\" content=\"index, follow, max-snippet:-1, max-image-preview:large, max-video-preview:-1\" \/>\n<link rel=\"canonical\" href=\"https:\/\/www.gittas-verkstad.com\/se\/aktuellt\/utstallningen-mellan-tradar-och-form-i-galleri-passagen-pa-arjangs-bibliotek\/\" \/>\n<meta property=\"og:locale\" content=\"sv_SE\" \/>\n<meta property=\"og:type\" content=\"article\" \/>\n<meta property=\"og:title\" content=\"Utst\u00e4llningen \u201dMellan tr\u00e5dar och form\u201d i Galleri Passagen\" \/>\n<meta property=\"og:description\" content=\"Utst\u00e4llningen \u201dMellan tr\u00e5dar och form\u201d i Galleri Passagen p\u00e5 \u00c5rj\u00e4ngs bibliotek\ufeff: Min utst\u00e4llning \u201dMellan tr\u00e5dar och form\u201d kan du bes\u00f6ka\" \/>\n<meta property=\"og:url\" content=\"https:\/\/www.gittas-verkstad.com\/se\/aktuellt\/utstallningen-mellan-tradar-och-form-i-galleri-passagen-pa-arjangs-bibliotek\/\" \/>\n<meta property=\"og:site_name\" content=\"Gittas verkstad v\u00e4v, konst, design \/ se \/ Lennartsfors\" \/>\n<meta property=\"article:published_time\" content=\"2026-08-29T17:00:31+00:00\" \/>\n<meta property=\"article:modified_time\" content=\"2026-08-30T16:18:25+00:00\" \/>\n<meta property=\"og:image\" content=\"https:\/\/www.gittas-verkstad.com\/se\/wp-content\/uploads\/sites\/12\/2026\/08\/utstallning-2026-mellan-tradar-och-form-Gitta-Bretsch.jpg\" \/>\n\t<meta property=\"og:image:width\" content=\"1640\" \/>\n\t<meta property=\"og:image:height\" content=\"400\" \/>\n\t<meta property=\"og:image:type\" content=\"image\/jpeg\" \/>\n<meta name=\"author\" content=\"gitta\" \/>\n<meta name=\"twitter:card\" content=\"summary_large_image\" \/>\n<meta name=\"twitter:label1\" content=\"Skriven av\" \/>\n\t<meta name=\"twitter:data1\" content=\"gitta\" \/>\n\t<meta name=\"twitter:label2\" content=\"Ber\u00e4knad l\u00e4stid\" \/>\n\t<meta name=\"twitter:data2\" content=\"1 minut\" \/>\n<script type=\"application\/ld+json\" class=\"yoast-schema-graph\">{\"@context\":\"https:\\\/\\\/schema.org\",\"@graph\":[{\"@type\":\"Article\",\"@id\":\"https:\\\/\\\/www.gittas-verkstad.com\\\/se\\\/aktuellt\\\/utstallningen-mellan-tradar-och-form-i-galleri-passagen-pa-arjangs-bibliotek\\\/#article\",\"isPartOf\":{\"@id\":\"https:\\\/\\\/www.gittas-verkstad.com\\\/se\\\/aktuellt\\\/utstallningen-mellan-tradar-och-form-i-galleri-passagen-pa-arjangs-bibliotek\\\/\"},\"author\":{\"name\":\"gitta\",\"@id\":\"https:\\\/\\\/www.gittas-verkstad.com\\\/se\\\/#\\\/schema\\\/person\\\/66efc41949b9b5d43667d40db8dfcc57\"},\"headline\":\"Utst\u00e4llningen \u201dMellan tr\u00e5dar och form\u201d i Galleri Passagen p\u00e5 \u00c5rj\u00e4ngs bibliotek\",\"datePublished\":\"2026-08-29T17:00:31+00:00\",\"dateModified\":\"2026-08-30T16:18:25+00:00\",\"mainEntityOfPage\":{\"@id\":\"https:\\\/\\\/www.gittas-verkstad.com\\\/se\\\/aktuellt\\\/utstallningen-mellan-tradar-och-form-i-galleri-passagen-pa-arjangs-bibliotek\\\/\"},\"wordCount\":201,\"image\":{\"@id\":\"https:\\\/\\\/www.gittas-verkstad.com\\\/se\\\/aktuellt\\\/utstallningen-mellan-tradar-och-form-i-galleri-passagen-pa-arjangs-bibliotek\\\/#primaryimage\"},\"thumbnailUrl\":\"https:\\\/\\\/www.gittas-verkstad.com\\\/se\\\/wp-content\\\/uploads\\\/sites\\\/12\\\/2026\\\/08\\\/utstallning-2026-mellan-tradar-och-form-Gitta-Bretsch.jpg\",\"keywords\":[\"\u00c5rj\u00e4ng\",\"bibliotek\",\"Galleri Passagen\",\"Gitta Bretsch\",\"Mellan tr\u00e5dar och form\",\"Utst\u00e4llning\"],\"articleSection\":[\"Aktuellt\"],\"inLanguage\":\"sv-SE\"},{\"@type\":\"WebPage\",\"@id\":\"https:\\\/\\\/www.gittas-verkstad.com\\\/se\\\/aktuellt\\\/utstallningen-mellan-tradar-och-form-i-galleri-passagen-pa-arjangs-bibliotek\\\/\",\"url\":\"https:\\\/\\\/www.gittas-verkstad.com\\\/se\\\/aktuellt\\\/utstallningen-mellan-tradar-och-form-i-galleri-passagen-pa-arjangs-bibliotek\\\/\",\"name\":\"Utst\u00e4llningen \u201dMellan tr\u00e5dar och form\u201d i Galleri Passagen\",\"isPartOf\":{\"@id\":\"https:\\\/\\\/www.gittas-verkstad.com\\\/se\\\/#website\"},\"primaryImageOfPage\":{\"@id\":\"https:\\\/\\\/www.gittas-verkstad.com\\\/se\\\/aktuellt\\\/utstallningen-mellan-tradar-och-form-i-galleri-passagen-pa-arjangs-bibliotek\\\/#primaryimage\"},\"image\":{\"@id\":\"https:\\\/\\\/www.gittas-verkstad.com\\\/se\\\/aktuellt\\\/utstallningen-mellan-tradar-och-form-i-galleri-passagen-pa-arjangs-bibliotek\\\/#primaryimage\"},\"thumbnailUrl\":\"https:\\\/\\\/www.gittas-verkstad.com\\\/se\\\/wp-content\\\/uploads\\\/sites\\\/12\\\/2026\\\/08\\\/utstallning-2026-mellan-tradar-och-form-Gitta-Bretsch.jpg\",\"datePublished\":\"2026-08-29T17:00:31+00:00\",\"dateModified\":\"2026-08-30T16:18:25+00:00\",\"author\":{\"@id\":\"https:\\\/\\\/www.gittas-verkstad.com\\\/se\\\/#\\\/schema\\\/person\\\/66efc41949b9b5d43667d40db8dfcc57\"},\"description\":\"Utst\u00e4llningen \u201dMellan tr\u00e5dar och form\u201d i Galleri Passagen p\u00e5 \u00c5rj\u00e4ngs bibliotek\ufeff: Min utst\u00e4llning \u201dMellan tr\u00e5dar och form\u201d kan du bes\u00f6ka\",\"breadcrumb\":{\"@id\":\"https:\\\/\\\/www.gittas-verkstad.com\\\/se\\\/aktuellt\\\/utstallningen-mellan-tradar-och-form-i-galleri-passagen-pa-arjangs-bibliotek\\\/#breadcrumb\"},\"inLanguage\":\"sv-SE\",\"potentialAction\":[{\"@type\":\"ReadAction\",\"target\":[\"https:\\\/\\\/www.gittas-verkstad.com\\\/se\\\/aktuellt\\\/utstallningen-mellan-tradar-och-form-i-galleri-passagen-pa-arjangs-bibliotek\\\/\"]}]},{\"@type\":\"ImageObject\",\"inLanguage\":\"sv-SE\",\"@id\":\"https:\\\/\\\/www.gittas-verkstad.com\\\/se\\\/aktuellt\\\/utstallningen-mellan-tradar-och-form-i-galleri-passagen-pa-arjangs-bibliotek\\\/#primaryimage\",\"url\":\"https:\\\/\\\/www.gittas-verkstad.com\\\/se\\\/wp-content\\\/uploads\\\/sites\\\/12\\\/2026\\\/08\\\/utstallning-2026-mellan-tradar-och-form-Gitta-Bretsch.jpg\",\"contentUrl\":\"https:\\\/\\\/www.gittas-verkstad.com\\\/se\\\/wp-content\\\/uploads\\\/sites\\\/12\\\/2026\\\/08\\\/utstallning-2026-mellan-tradar-och-form-Gitta-Bretsch.jpg\",\"width\":1640,\"height\":400,\"caption\":\"utstallning-2026-mellan-tradar-och-form-Gitta-Bretsch\"},{\"@type\":\"BreadcrumbList\",\"@id\":\"https:\\\/\\\/www.gittas-verkstad.com\\\/se\\\/aktuellt\\\/utstallningen-mellan-tradar-och-form-i-galleri-passagen-pa-arjangs-bibliotek\\\/#breadcrumb\",\"itemListElement\":[{\"@type\":\"ListItem\",\"position\":1,\"name\":\"Startseite\",\"item\":\"https:\\\/\\\/www.gittas-verkstad.com\\\/se\\\/\"},{\"@type\":\"ListItem\",\"position\":2,\"name\":\"Utst\u00e4llningen \u201dMellan tr\u00e5dar och form\u201d i Galleri Passagen p\u00e5 \u00c5rj\u00e4ngs bibliotek\"}]},{\"@type\":\"WebSite\",\"@id\":\"https:\\\/\\\/www.gittas-verkstad.com\\\/se\\\/#website\",\"url\":\"https:\\\/\\\/www.gittas-verkstad.com\\\/se\\\/\",\"name\":\"Gittas verkstad v\u00e4v, konst, design \\\/ se \\\/ Lennartsfors\",\"description\":\"Gitta driver en verkstad f\u00f6r v\u00e4vning, konst och design i Lennartsfors. De handgjorda produkterna s\u00e4ljer hon i hennes galleri p\u00e5 Gjut\u00e5s vid Dalslands Kanalen.\",\"potentialAction\":[{\"@type\":\"SearchAction\",\"target\":{\"@type\":\"EntryPoint\",\"urlTemplate\":\"https:\\\/\\\/www.gittas-verkstad.com\\\/se\\\/?s={search_term_string}\"},\"query-input\":{\"@type\":\"PropertyValueSpecification\",\"valueRequired\":true,\"valueName\":\"search_term_string\"}}],\"inLanguage\":\"sv-SE\"},{\"@type\":\"Person\",\"@id\":\"https:\\\/\\\/www.gittas-verkstad.com\\\/se\\\/#\\\/schema\\\/person\\\/66efc41949b9b5d43667d40db8dfcc57\",\"name\":\"gitta\",\"url\":\"https:\\\/\\\/www.gittas-verkstad.com\\\/se\\\/author\\\/gitta\\\/\"}]}<\/script>\n<!-- \/ Yoast SEO plugin. -->","yoast_head_json":{"title":"Utst\u00e4llningen \u201dMellan tr\u00e5dar och form\u201d i Galleri Passagen","description":"Utst\u00e4llningen \u201dMellan tr\u00e5dar och form\u201d i Galleri Passagen p\u00e5 \u00c5rj\u00e4ngs bibliotek\ufeff: Min utst\u00e4llning \u201dMellan tr\u00e5dar och form\u201d kan du bes\u00f6ka","robots":{"index":"index","follow":"follow","max-snippet":"max-snippet:-1","max-image-preview":"max-image-preview:large","max-video-preview":"max-video-preview:-1"},"canonical":"https:\/\/www.gittas-verkstad.com\/se\/aktuellt\/utstallningen-mellan-tradar-och-form-i-galleri-passagen-pa-arjangs-bibliotek\/","og_locale":"sv_SE","og_type":"article","og_title":"Utst\u00e4llningen \u201dMellan tr\u00e5dar och form\u201d i Galleri Passagen","og_description":"Utst\u00e4llningen \u201dMellan tr\u00e5dar och form\u201d i Galleri Passagen p\u00e5 \u00c5rj\u00e4ngs bibliotek\ufeff: Min utst\u00e4llning \u201dMellan tr\u00e5dar och form\u201d kan du bes\u00f6ka","og_url":"https:\/\/www.gittas-verkstad.com\/se\/aktuellt\/utstallningen-mellan-tradar-och-form-i-galleri-passagen-pa-arjangs-bibliotek\/","og_site_name":"Gittas verkstad v\u00e4v, konst, design \/ se \/ Lennartsfors","article_published_time":"2026-08-29T17:00:31+00:00","article_modified_time":"2026-08-30T16:18:25+00:00","og_image":[{"width":1640,"height":400,"url":"https:\/\/www.gittas-verkstad.com\/se\/wp-content\/uploads\/sites\/12\/2026\/08\/utstallning-2026-mellan-tradar-och-form-Gitta-Bretsch.jpg","type":"image\/jpeg"}],"author":"gitta","twitter_card":"summary_large_image","twitter_misc":{"Skriven av":"gitta","Ber\u00e4knad l\u00e4stid":"1 minut"},"schema":{"@context":"https:\/\/schema.org","@graph":[{"@type":"Article","@id":"https:\/\/www.gittas-verkstad.com\/se\/aktuellt\/utstallningen-mellan-tradar-och-form-i-galleri-passagen-pa-arjangs-bibliotek\/#article","isPartOf":{"@id":"https:\/\/www.gittas-verkstad.com\/se\/aktuellt\/utstallningen-mellan-tradar-och-form-i-galleri-passagen-pa-arjangs-bibliotek\/"},"author":{"name":"gitta","@id":"https:\/\/www.gittas-verkstad.com\/se\/#\/schema\/person\/66efc41949b9b5d43667d40db8dfcc57"},"headline":"Utst\u00e4llningen \u201dMellan tr\u00e5dar och form\u201d i Galleri Passagen p\u00e5 \u00c5rj\u00e4ngs bibliotek","datePublished":"2026-08-29T17:00:31+00:00","dateModified":"2026-08-30T16:18:25+00:00","mainEntityOfPage":{"@id":"https:\/\/www.gittas-verkstad.com\/se\/aktuellt\/utstallningen-mellan-tradar-och-form-i-galleri-passagen-pa-arjangs-bibliotek\/"},"wordCount":201,"image":{"@id":"https:\/\/www.gittas-verkstad.com\/se\/aktuellt\/utstallningen-mellan-tradar-och-form-i-galleri-passagen-pa-arjangs-bibliotek\/#primaryimage"},"thumbnailUrl":"https:\/\/www.gittas-verkstad.com\/se\/wp-content\/uploads\/sites\/12\/2026\/08\/utstallning-2026-mellan-tradar-och-form-Gitta-Bretsch.jpg","keywords":["\u00c5rj\u00e4ng","bibliotek","Galleri Passagen","Gitta Bretsch","Mellan tr\u00e5dar och form","Utst\u00e4llning"],"articleSection":["Aktuellt"],"inLanguage":"sv-SE"},{"@type":"WebPage","@id":"https:\/\/www.gittas-verkstad.com\/se\/aktuellt\/utstallningen-mellan-tradar-och-form-i-galleri-passagen-pa-arjangs-bibliotek\/","url":"https:\/\/www.gittas-verkstad.com\/se\/aktuellt\/utstallningen-mellan-tradar-och-form-i-galleri-passagen-pa-arjangs-bibliotek\/","name":"Utst\u00e4llningen \u201dMellan tr\u00e5dar och form\u201d i Galleri Passagen","isPartOf":{"@id":"https:\/\/www.gittas-verkstad.com\/se\/#website"},"primaryImageOfPage":{"@id":"https:\/\/www.gittas-verkstad.com\/se\/aktuellt\/utstallningen-mellan-tradar-och-form-i-galleri-passagen-pa-arjangs-bibliotek\/#primaryimage"},"image":{"@id":"https:\/\/www.gittas-verkstad.com\/se\/aktuellt\/utstallningen-mellan-tradar-och-form-i-galleri-passagen-pa-arjangs-bibliotek\/#primaryimage"},"thumbnailUrl":"https:\/\/www.gittas-verkstad.com\/se\/wp-content\/uploads\/sites\/12\/2026\/08\/utstallning-2026-mellan-tradar-och-form-Gitta-Bretsch.jpg","datePublished":"2026-08-29T17:00:31+00:00","dateModified":"2026-08-30T16:18:25+00:00","author":{"@id":"https:\/\/www.gittas-verkstad.com\/se\/#\/schema\/person\/66efc41949b9b5d43667d40db8dfcc57"},"description":"Utst\u00e4llningen \u201dMellan tr\u00e5dar och form\u201d i Galleri Passagen p\u00e5 \u00c5rj\u00e4ngs bibliotek\ufeff: Min utst\u00e4llning \u201dMellan tr\u00e5dar och form\u201d kan du bes\u00f6ka","breadcrumb":{"@id":"https:\/\/www.gittas-verkstad.com\/se\/aktuellt\/utstallningen-mellan-tradar-och-form-i-galleri-passagen-pa-arjangs-bibliotek\/#breadcrumb"},"inLanguage":"sv-SE","potentialAction":[{"@type":"ReadAction","target":["https:\/\/www.gittas-verkstad.com\/se\/aktuellt\/utstallningen-mellan-tradar-och-form-i-galleri-passagen-pa-arjangs-bibliotek\/"]}]},{"@type":"ImageObject","inLanguage":"sv-SE","@id":"https:\/\/www.gittas-verkstad.com\/se\/aktuellt\/utstallningen-mellan-tradar-och-form-i-galleri-passagen-pa-arjangs-bibliotek\/#primaryimage","url":"https:\/\/www.gittas-verkstad.com\/se\/wp-content\/uploads\/sites\/12\/2026\/08\/utstallning-2026-mellan-tradar-och-form-Gitta-Bretsch.jpg","contentUrl":"https:\/\/www.gittas-verkstad.com\/se\/wp-content\/uploads\/sites\/12\/2026\/08\/utstallning-2026-mellan-tradar-och-form-Gitta-Bretsch.jpg","width":1640,"height":400,"caption":"utstallning-2026-mellan-tradar-och-form-Gitta-Bretsch"},{"@type":"BreadcrumbList","@id":"https:\/\/www.gittas-verkstad.com\/se\/aktuellt\/utstallningen-mellan-tradar-och-form-i-galleri-passagen-pa-arjangs-bibliotek\/#breadcrumb","itemListElement":[{"@type":"ListItem","position":1,"name":"Startseite","item":"https:\/\/www.gittas-verkstad.com\/se\/"},{"@type":"ListItem","position":2,"name":"Utst\u00e4llningen \u201dMellan tr\u00e5dar och form\u201d i Galleri Passagen p\u00e5 \u00c5rj\u00e4ngs bibliotek"}]},{"@type":"WebSite","@id":"https:\/\/www.gittas-verkstad.com\/se\/#website","url":"https:\/\/www.gittas-verkstad.com\/se\/","name":"Gittas verkstad v\u00e4v, konst, design \/ se \/ Lennartsfors","description":"Gitta driver en verkstad f\u00f6r v\u00e4vning, konst och design i Lennartsfors. De handgjorda produkterna s\u00e4ljer hon i hennes galleri p\u00e5 Gjut\u00e5s vid Dalslands Kanalen.","potentialAction":[{"@type":"SearchAction","target":{"@type":"EntryPoint","urlTemplate":"https:\/\/www.gittas-verkstad.com\/se\/?s={search_term_string}"},"query-input":{"@type":"PropertyValueSpecification","valueRequired":true,"valueName":"search_term_string"}}],"inLanguage":"sv-SE"},{"@type":"Person","@id":"https:\/\/www.gittas-verkstad.com\/se\/#\/schema\/person\/66efc41949b9b5d43667d40db8dfcc57","name":"gitta","url":"https:\/\/www.gittas-verkstad.com\/se\/author\/gitta\/"}]}},"_links":{"self":[{"href":"https:\/\/www.gittas-verkstad.com\/se\/wp-json\/wp\/v2\/posts\/2437","targetHints":{"allow":["GET"]}}],"collection":[{"href":"https:\/\/www.gittas-verkstad.com\/se\/wp-json\/wp\/v2\/posts"}],"about":[{"href":"https:\/\/www.gittas-verkstad.com\/se\/wp-json\/wp\/v2\/types\/post"}],"author":[{"embeddable":true,"href":"https:\/\/www.gittas-verkstad.com\/se\/wp-json\/wp\/v2\/users\/1"}],"replies":[{"embeddable":true,"href":"https:\/\/www.gittas-verkstad.com\/se\/wp-json\/wp\/v2\/comments?post=2437"}],"version-history":[{"count":2,"href":"https:\/\/www.gittas-verkstad.com\/se\/wp-json\/wp\/v2\/posts\/2437\/revisions"}],"predecessor-version":[{"id":2441,"href":"https:\/\/www.gittas-verkstad.com\/se\/wp-json\/wp\/v2\/posts\/2437\/revisions\/2441"}],"wp:featuredmedia":[{"embeddable":true,"href":"https:\/\/www.gittas-verkstad.com\/se\/wp-json\/wp\/v2\/media\/2439"}],"wp:attachment":[{"href":"https:\/\/www.gittas-verkstad.com\/se\/wp-json\/wp\/v2\/media?parent=2437"}],"wp:term":[{"taxonomy":"category","embeddable":true,"href":"https:\/\/www.gittas-verkstad.com\/se\/wp-json\/wp\/v2\/categories?post=2437"},{"taxonomy":"post_tag","embeddable":true,"href":"https:\/\/www.gittas-verkstad.com\/se\/wp-json\/wp\/v2\/tags?post=2437"}],"curies":[{"name":"wp","href":"https:\/\/api.w.org\/{rel}","templated":true}]}}