{"id":2120,"date":"2024-06-30T22:23:31","date_gmt":"2024-06-30T20:23:31","guid":{"rendered":"https:\/\/www.gittas-verkstad.com\/se\/?p=2120"},"modified":"2025-01-07T18:20:23","modified_gmt":"2025-01-07T17:20:23","slug":"gittas-verkstad-pa-holmedagarna-2024","status":"publish","type":"post","link":"https:\/\/www.gittas-verkstad.com\/se\/aktuellt\/gittas-verkstad-pa-holmedagarna-2024\/","title":{"rendered":"Gittas Verkstad p\u00e5 Holmedagarna 2024"},"content":{"rendered":"\n<p>Gittas Verkstad deltar p\u00e5 Holmedalsdagarna 2024 som utst\u00e4llare s\u00f6ndagen den 30 juni med ett urval av sina produkter. Dagarna startade p\u00e5 fredagen och avslutas p\u00e5 s\u00f6ndagseftermiddagen.<\/p>\n\n\n\n<p>Holmedals hembygdsf\u00f6rening arrangerar dessa dagar med massor av aktiviteter, musik och underh\u00e5llning, traditionell mat och en marknad med hantverkare och handlare fr\u00e5n n\u00e4romr\u00e5det. Den visar ocks\u00e5 vad som formade livet p\u00e5 landsbygden f\u00f6rr. Under demonstrationerna kan du verkligen f\u00f6rdjupa dig i traditionella V\u00e4rmland.<\/p>\n\n\n\n<p>S\u00f6ndagsprogrammet b\u00f6rjar med en utomhusgudstj\u00e4nst. D\u00e4refter blev det \u00e5rliga Myrvarvsloppet och sedan, f\u00f6rutom uppvisningar som visar g\u00e5rdslivet, \u00e4r det olika musikupptr\u00e4danden.<\/p>\n\n\n\n<p>Under evenemanget kommer m\u00e5nga trevliga bes\u00f6kare till montrarna som v\u00e4rdes\u00e4tter v\u00e5ra hantverksprodukter mycket.<\/p>\n\n\n\n<p><\/p>\n","protected":false},"excerpt":{"rendered":"<p>Gittas Verkstad deltar p\u00e5 Holmedalsdagarna 2024 som utst\u00e4llare s\u00f6ndagen den 30 juni med ett urval av sina produkter. Dagarna startade p\u00e5 fredagen och avslutas p\u00e5 s\u00f6ndagseftermiddagen. Holmedals hembygdsf\u00f6rening arrangerar dessa dagar med massor av aktiviteter, musik och underh\u00e5llning, traditionell mat <a class=\"more-link\" href=\"https:\/\/www.gittas-verkstad.com\/se\/aktuellt\/gittas-verkstad-pa-holmedagarna-2024\/\">l\u00e4s mer&#8230;<\/a><\/p>\n","protected":false},"author":1,"featured_media":2156,"comment_status":"closed","ping_status":"closed","sticky":false,"template":"","format":"standard","meta":{"footnotes":""},"categories":[2],"tags":[8,396,399,398,397,394,395],"class_list":["post-2120","post","type-post","status-publish","format-standard","has-post-thumbnail","hentry","category-aktuellt","tag-gittas-verkstad","tag-holmedagarna","tag-holmedagarna-2024","tag-holmedal","tag-myrvarv","tag-visit-arjang","tag-visit-varmland"],"yoast_head":"<!-- This site is optimized with the Yoast SEO plugin v27.5 - https:\/\/yoast.com\/product\/yoast-seo-wordpress\/ -->\n<title>Gittas Verkstad p\u00e5 Holmedagarna 2024: Gittas Verkstad deltar<\/title>\n<meta name=\"description\" content=\"Gittas Verkstad p\u00e5 Holmedagarna 2024Gittas Verkstad deltar p\u00e5 Holmedalsdagarna 2024 som utst\u00e4llare s\u00f6ndagen den 30 juni med ett urval\" \/>\n<meta name=\"robots\" content=\"index, follow, max-snippet:-1, max-image-preview:large, max-video-preview:-1\" \/>\n<link rel=\"canonical\" href=\"https:\/\/www.gittas-verkstad.com\/se\/aktuellt\/gittas-verkstad-pa-holmedagarna-2024\/\" \/>\n<meta property=\"og:locale\" content=\"sv_SE\" \/>\n<meta property=\"og:type\" content=\"article\" \/>\n<meta property=\"og:title\" content=\"Gittas Verkstad p\u00e5 Holmedagarna 2024: Gittas Verkstad deltar\" \/>\n<meta property=\"og:description\" content=\"Gittas Verkstad p\u00e5 Holmedagarna 2024Gittas Verkstad deltar p\u00e5 Holmedalsdagarna 2024 som utst\u00e4llare s\u00f6ndagen den 30 juni med ett urval\" \/>\n<meta property=\"og:url\" content=\"https:\/\/www.gittas-verkstad.com\/se\/aktuellt\/gittas-verkstad-pa-holmedagarna-2024\/\" \/>\n<meta property=\"og:site_name\" content=\"Gittas verkstad v\u00e4v, konst, design \/ se \/ Lennartsfors\" \/>\n<meta property=\"article:published_time\" content=\"2024-06-30T20:23:31+00:00\" \/>\n<meta property=\"article:modified_time\" content=\"2025-01-07T17:20:23+00:00\" \/>\n<meta property=\"og:image\" content=\"https:\/\/www.gittas-verkstad.com\/se\/wp-content\/uploads\/sites\/12\/2024\/06\/Holmedagarna-2024-Gittas-Verkstad.jpg\" \/>\n\t<meta property=\"og:image:width\" content=\"1680\" \/>\n\t<meta property=\"og:image:height\" content=\"400\" \/>\n\t<meta property=\"og:image:type\" content=\"image\/jpeg\" \/>\n<meta name=\"author\" content=\"gitta\" \/>\n<meta name=\"twitter:card\" content=\"summary_large_image\" \/>\n<meta name=\"twitter:label1\" content=\"Skriven av\" \/>\n\t<meta name=\"twitter:data1\" content=\"gitta\" \/>\n\t<meta name=\"twitter:label2\" content=\"Ber\u00e4knad l\u00e4stid\" \/>\n\t<meta name=\"twitter:data2\" content=\"1 minut\" \/>\n<script type=\"application\/ld+json\" class=\"yoast-schema-graph\">{\"@context\":\"https:\\\/\\\/schema.org\",\"@graph\":[{\"@type\":\"Article\",\"@id\":\"https:\\\/\\\/www.gittas-verkstad.com\\\/se\\\/aktuellt\\\/gittas-verkstad-pa-holmedagarna-2024\\\/#article\",\"isPartOf\":{\"@id\":\"https:\\\/\\\/www.gittas-verkstad.com\\\/se\\\/aktuellt\\\/gittas-verkstad-pa-holmedagarna-2024\\\/\"},\"author\":{\"name\":\"gitta\",\"@id\":\"https:\\\/\\\/www.gittas-verkstad.com\\\/se\\\/#\\\/schema\\\/person\\\/66efc41949b9b5d43667d40db8dfcc57\"},\"headline\":\"Gittas Verkstad p\u00e5 Holmedagarna 2024\",\"datePublished\":\"2024-06-30T20:23:31+00:00\",\"dateModified\":\"2025-01-07T17:20:23+00:00\",\"mainEntityOfPage\":{\"@id\":\"https:\\\/\\\/www.gittas-verkstad.com\\\/se\\\/aktuellt\\\/gittas-verkstad-pa-holmedagarna-2024\\\/\"},\"wordCount\":128,\"image\":{\"@id\":\"https:\\\/\\\/www.gittas-verkstad.com\\\/se\\\/aktuellt\\\/gittas-verkstad-pa-holmedagarna-2024\\\/#primaryimage\"},\"thumbnailUrl\":\"https:\\\/\\\/www.gittas-verkstad.com\\\/se\\\/wp-content\\\/uploads\\\/sites\\\/12\\\/2024\\\/06\\\/Holmedagarna-2024-Gittas-Verkstad.jpg\",\"keywords\":[\"Gittas verkstad\",\"Holmedagarna\",\"Holmedagarna 2024\",\"Holmedal\",\"Myrvarv\",\"visit \u00c5rj\u00e4ng\",\"visit V\u00e4rmland\"],\"articleSection\":[\"Aktuellt\"],\"inLanguage\":\"sv-SE\"},{\"@type\":\"WebPage\",\"@id\":\"https:\\\/\\\/www.gittas-verkstad.com\\\/se\\\/aktuellt\\\/gittas-verkstad-pa-holmedagarna-2024\\\/\",\"url\":\"https:\\\/\\\/www.gittas-verkstad.com\\\/se\\\/aktuellt\\\/gittas-verkstad-pa-holmedagarna-2024\\\/\",\"name\":\"Gittas Verkstad p\u00e5 Holmedagarna 2024: Gittas Verkstad deltar\",\"isPartOf\":{\"@id\":\"https:\\\/\\\/www.gittas-verkstad.com\\\/se\\\/#website\"},\"primaryImageOfPage\":{\"@id\":\"https:\\\/\\\/www.gittas-verkstad.com\\\/se\\\/aktuellt\\\/gittas-verkstad-pa-holmedagarna-2024\\\/#primaryimage\"},\"image\":{\"@id\":\"https:\\\/\\\/www.gittas-verkstad.com\\\/se\\\/aktuellt\\\/gittas-verkstad-pa-holmedagarna-2024\\\/#primaryimage\"},\"thumbnailUrl\":\"https:\\\/\\\/www.gittas-verkstad.com\\\/se\\\/wp-content\\\/uploads\\\/sites\\\/12\\\/2024\\\/06\\\/Holmedagarna-2024-Gittas-Verkstad.jpg\",\"datePublished\":\"2024-06-30T20:23:31+00:00\",\"dateModified\":\"2025-01-07T17:20:23+00:00\",\"author\":{\"@id\":\"https:\\\/\\\/www.gittas-verkstad.com\\\/se\\\/#\\\/schema\\\/person\\\/66efc41949b9b5d43667d40db8dfcc57\"},\"description\":\"Gittas Verkstad p\u00e5 Holmedagarna 2024Gittas Verkstad deltar p\u00e5 Holmedalsdagarna 2024 som utst\u00e4llare s\u00f6ndagen den 30 juni med ett urval\",\"breadcrumb\":{\"@id\":\"https:\\\/\\\/www.gittas-verkstad.com\\\/se\\\/aktuellt\\\/gittas-verkstad-pa-holmedagarna-2024\\\/#breadcrumb\"},\"inLanguage\":\"sv-SE\",\"potentialAction\":[{\"@type\":\"ReadAction\",\"target\":[\"https:\\\/\\\/www.gittas-verkstad.com\\\/se\\\/aktuellt\\\/gittas-verkstad-pa-holmedagarna-2024\\\/\"]}]},{\"@type\":\"ImageObject\",\"inLanguage\":\"sv-SE\",\"@id\":\"https:\\\/\\\/www.gittas-verkstad.com\\\/se\\\/aktuellt\\\/gittas-verkstad-pa-holmedagarna-2024\\\/#primaryimage\",\"url\":\"https:\\\/\\\/www.gittas-verkstad.com\\\/se\\\/wp-content\\\/uploads\\\/sites\\\/12\\\/2024\\\/06\\\/Holmedagarna-2024-Gittas-Verkstad.jpg\",\"contentUrl\":\"https:\\\/\\\/www.gittas-verkstad.com\\\/se\\\/wp-content\\\/uploads\\\/sites\\\/12\\\/2024\\\/06\\\/Holmedagarna-2024-Gittas-Verkstad.jpg\",\"width\":1680,\"height\":400,\"caption\":\"Holmedagarna-2024-Gittas-Verkstad\"},{\"@type\":\"BreadcrumbList\",\"@id\":\"https:\\\/\\\/www.gittas-verkstad.com\\\/se\\\/aktuellt\\\/gittas-verkstad-pa-holmedagarna-2024\\\/#breadcrumb\",\"itemListElement\":[{\"@type\":\"ListItem\",\"position\":1,\"name\":\"Startseite\",\"item\":\"https:\\\/\\\/www.gittas-verkstad.com\\\/se\\\/\"},{\"@type\":\"ListItem\",\"position\":2,\"name\":\"Gittas Verkstad p\u00e5 Holmedagarna 2024\"}]},{\"@type\":\"WebSite\",\"@id\":\"https:\\\/\\\/www.gittas-verkstad.com\\\/se\\\/#website\",\"url\":\"https:\\\/\\\/www.gittas-verkstad.com\\\/se\\\/\",\"name\":\"Gittas verkstad v\u00e4v, konst, design \\\/ se \\\/ Lennartsfors\",\"description\":\"Gitta driver en verkstad f\u00f6r v\u00e4vning, konst och design i Lennartsfors. De handgjorda produkterna s\u00e4ljer hon i hennes galleri p\u00e5 Gjut\u00e5s vid Dalslands Kanalen.\",\"potentialAction\":[{\"@type\":\"SearchAction\",\"target\":{\"@type\":\"EntryPoint\",\"urlTemplate\":\"https:\\\/\\\/www.gittas-verkstad.com\\\/se\\\/?s={search_term_string}\"},\"query-input\":{\"@type\":\"PropertyValueSpecification\",\"valueRequired\":true,\"valueName\":\"search_term_string\"}}],\"inLanguage\":\"sv-SE\"},{\"@type\":\"Person\",\"@id\":\"https:\\\/\\\/www.gittas-verkstad.com\\\/se\\\/#\\\/schema\\\/person\\\/66efc41949b9b5d43667d40db8dfcc57\",\"name\":\"gitta\",\"url\":\"https:\\\/\\\/www.gittas-verkstad.com\\\/se\\\/author\\\/gitta\\\/\"}]}<\/script>\n<!-- \/ Yoast SEO plugin. -->","yoast_head_json":{"title":"Gittas Verkstad p\u00e5 Holmedagarna 2024: Gittas Verkstad deltar","description":"Gittas Verkstad p\u00e5 Holmedagarna 2024Gittas Verkstad deltar p\u00e5 Holmedalsdagarna 2024 som utst\u00e4llare s\u00f6ndagen den 30 juni med ett urval","robots":{"index":"index","follow":"follow","max-snippet":"max-snippet:-1","max-image-preview":"max-image-preview:large","max-video-preview":"max-video-preview:-1"},"canonical":"https:\/\/www.gittas-verkstad.com\/se\/aktuellt\/gittas-verkstad-pa-holmedagarna-2024\/","og_locale":"sv_SE","og_type":"article","og_title":"Gittas Verkstad p\u00e5 Holmedagarna 2024: Gittas Verkstad deltar","og_description":"Gittas Verkstad p\u00e5 Holmedagarna 2024Gittas Verkstad deltar p\u00e5 Holmedalsdagarna 2024 som utst\u00e4llare s\u00f6ndagen den 30 juni med ett urval","og_url":"https:\/\/www.gittas-verkstad.com\/se\/aktuellt\/gittas-verkstad-pa-holmedagarna-2024\/","og_site_name":"Gittas verkstad v\u00e4v, konst, design \/ se \/ Lennartsfors","article_published_time":"2024-06-30T20:23:31+00:00","article_modified_time":"2025-01-07T17:20:23+00:00","og_image":[{"width":1680,"height":400,"url":"https:\/\/www.gittas-verkstad.com\/se\/wp-content\/uploads\/sites\/12\/2024\/06\/Holmedagarna-2024-Gittas-Verkstad.jpg","type":"image\/jpeg"}],"author":"gitta","twitter_card":"summary_large_image","twitter_misc":{"Skriven av":"gitta","Ber\u00e4knad l\u00e4stid":"1 minut"},"schema":{"@context":"https:\/\/schema.org","@graph":[{"@type":"Article","@id":"https:\/\/www.gittas-verkstad.com\/se\/aktuellt\/gittas-verkstad-pa-holmedagarna-2024\/#article","isPartOf":{"@id":"https:\/\/www.gittas-verkstad.com\/se\/aktuellt\/gittas-verkstad-pa-holmedagarna-2024\/"},"author":{"name":"gitta","@id":"https:\/\/www.gittas-verkstad.com\/se\/#\/schema\/person\/66efc41949b9b5d43667d40db8dfcc57"},"headline":"Gittas Verkstad p\u00e5 Holmedagarna 2024","datePublished":"2024-06-30T20:23:31+00:00","dateModified":"2025-01-07T17:20:23+00:00","mainEntityOfPage":{"@id":"https:\/\/www.gittas-verkstad.com\/se\/aktuellt\/gittas-verkstad-pa-holmedagarna-2024\/"},"wordCount":128,"image":{"@id":"https:\/\/www.gittas-verkstad.com\/se\/aktuellt\/gittas-verkstad-pa-holmedagarna-2024\/#primaryimage"},"thumbnailUrl":"https:\/\/www.gittas-verkstad.com\/se\/wp-content\/uploads\/sites\/12\/2024\/06\/Holmedagarna-2024-Gittas-Verkstad.jpg","keywords":["Gittas verkstad","Holmedagarna","Holmedagarna 2024","Holmedal","Myrvarv","visit \u00c5rj\u00e4ng","visit V\u00e4rmland"],"articleSection":["Aktuellt"],"inLanguage":"sv-SE"},{"@type":"WebPage","@id":"https:\/\/www.gittas-verkstad.com\/se\/aktuellt\/gittas-verkstad-pa-holmedagarna-2024\/","url":"https:\/\/www.gittas-verkstad.com\/se\/aktuellt\/gittas-verkstad-pa-holmedagarna-2024\/","name":"Gittas Verkstad p\u00e5 Holmedagarna 2024: Gittas Verkstad deltar","isPartOf":{"@id":"https:\/\/www.gittas-verkstad.com\/se\/#website"},"primaryImageOfPage":{"@id":"https:\/\/www.gittas-verkstad.com\/se\/aktuellt\/gittas-verkstad-pa-holmedagarna-2024\/#primaryimage"},"image":{"@id":"https:\/\/www.gittas-verkstad.com\/se\/aktuellt\/gittas-verkstad-pa-holmedagarna-2024\/#primaryimage"},"thumbnailUrl":"https:\/\/www.gittas-verkstad.com\/se\/wp-content\/uploads\/sites\/12\/2024\/06\/Holmedagarna-2024-Gittas-Verkstad.jpg","datePublished":"2024-06-30T20:23:31+00:00","dateModified":"2025-01-07T17:20:23+00:00","author":{"@id":"https:\/\/www.gittas-verkstad.com\/se\/#\/schema\/person\/66efc41949b9b5d43667d40db8dfcc57"},"description":"Gittas Verkstad p\u00e5 Holmedagarna 2024Gittas Verkstad deltar p\u00e5 Holmedalsdagarna 2024 som utst\u00e4llare s\u00f6ndagen den 30 juni med ett urval","breadcrumb":{"@id":"https:\/\/www.gittas-verkstad.com\/se\/aktuellt\/gittas-verkstad-pa-holmedagarna-2024\/#breadcrumb"},"inLanguage":"sv-SE","potentialAction":[{"@type":"ReadAction","target":["https:\/\/www.gittas-verkstad.com\/se\/aktuellt\/gittas-verkstad-pa-holmedagarna-2024\/"]}]},{"@type":"ImageObject","inLanguage":"sv-SE","@id":"https:\/\/www.gittas-verkstad.com\/se\/aktuellt\/gittas-verkstad-pa-holmedagarna-2024\/#primaryimage","url":"https:\/\/www.gittas-verkstad.com\/se\/wp-content\/uploads\/sites\/12\/2024\/06\/Holmedagarna-2024-Gittas-Verkstad.jpg","contentUrl":"https:\/\/www.gittas-verkstad.com\/se\/wp-content\/uploads\/sites\/12\/2024\/06\/Holmedagarna-2024-Gittas-Verkstad.jpg","width":1680,"height":400,"caption":"Holmedagarna-2024-Gittas-Verkstad"},{"@type":"BreadcrumbList","@id":"https:\/\/www.gittas-verkstad.com\/se\/aktuellt\/gittas-verkstad-pa-holmedagarna-2024\/#breadcrumb","itemListElement":[{"@type":"ListItem","position":1,"name":"Startseite","item":"https:\/\/www.gittas-verkstad.com\/se\/"},{"@type":"ListItem","position":2,"name":"Gittas Verkstad p\u00e5 Holmedagarna 2024"}]},{"@type":"WebSite","@id":"https:\/\/www.gittas-verkstad.com\/se\/#website","url":"https:\/\/www.gittas-verkstad.com\/se\/","name":"Gittas verkstad v\u00e4v, konst, design \/ se \/ Lennartsfors","description":"Gitta driver en verkstad f\u00f6r v\u00e4vning, konst och design i Lennartsfors. De handgjorda produkterna s\u00e4ljer hon i hennes galleri p\u00e5 Gjut\u00e5s vid Dalslands Kanalen.","potentialAction":[{"@type":"SearchAction","target":{"@type":"EntryPoint","urlTemplate":"https:\/\/www.gittas-verkstad.com\/se\/?s={search_term_string}"},"query-input":{"@type":"PropertyValueSpecification","valueRequired":true,"valueName":"search_term_string"}}],"inLanguage":"sv-SE"},{"@type":"Person","@id":"https:\/\/www.gittas-verkstad.com\/se\/#\/schema\/person\/66efc41949b9b5d43667d40db8dfcc57","name":"gitta","url":"https:\/\/www.gittas-verkstad.com\/se\/author\/gitta\/"}]}},"_links":{"self":[{"href":"https:\/\/www.gittas-verkstad.com\/se\/wp-json\/wp\/v2\/posts\/2120","targetHints":{"allow":["GET"]}}],"collection":[{"href":"https:\/\/www.gittas-verkstad.com\/se\/wp-json\/wp\/v2\/posts"}],"about":[{"href":"https:\/\/www.gittas-verkstad.com\/se\/wp-json\/wp\/v2\/types\/post"}],"author":[{"embeddable":true,"href":"https:\/\/www.gittas-verkstad.com\/se\/wp-json\/wp\/v2\/users\/1"}],"replies":[{"embeddable":true,"href":"https:\/\/www.gittas-verkstad.com\/se\/wp-json\/wp\/v2\/comments?post=2120"}],"version-history":[{"count":1,"href":"https:\/\/www.gittas-verkstad.com\/se\/wp-json\/wp\/v2\/posts\/2120\/revisions"}],"predecessor-version":[{"id":2122,"href":"https:\/\/www.gittas-verkstad.com\/se\/wp-json\/wp\/v2\/posts\/2120\/revisions\/2122"}],"wp:featuredmedia":[{"embeddable":true,"href":"https:\/\/www.gittas-verkstad.com\/se\/wp-json\/wp\/v2\/media\/2156"}],"wp:attachment":[{"href":"https:\/\/www.gittas-verkstad.com\/se\/wp-json\/wp\/v2\/media?parent=2120"}],"wp:term":[{"taxonomy":"category","embeddable":true,"href":"https:\/\/www.gittas-verkstad.com\/se\/wp-json\/wp\/v2\/categories?post=2120"},{"taxonomy":"post_tag","embeddable":true,"href":"https:\/\/www.gittas-verkstad.com\/se\/wp-json\/wp\/v2\/tags?post=2120"}],"curies":[{"name":"wp","href":"https:\/\/api.w.org\/{rel}","templated":true}]}}