{"id":1757,"date":"2021-11-25T20:22:25","date_gmt":"2021-11-25T19:22:25","guid":{"rendered":"https:\/\/www.gittas-verkstad.com\/se\/?p=1757"},"modified":"2022-01-17T21:25:59","modified_gmt":"2022-01-17T20:25:59","slug":"julsalongen-i-konsthallen-i-amal","status":"publish","type":"post","link":"https:\/\/www.gittas-verkstad.com\/se\/aktuellt\/julsalongen-i-konsthallen-i-amal\/","title":{"rendered":"Julsalongen i Konsthallen i \u00c5m\u00e5l"},"content":{"rendered":"<p>Julsalongen i Konsthallen i \u00c5m\u00e5l p\u00e5g\u00e5r 27 november till 18 december 2021. Fyra konsthantverkare presenterar sina verk. Agneta Bogren visar keramik, Mikael \u00d6rlin v\u00e4ggsk\u00e5p, Hasse Petersson svarvade tr\u00e4sk\u00e5lar och jag visar handv\u00e4vda halsdukar och bilder samt textila collage.<\/p>\n<p>F\u00f6reningen Konstbild 82 fr\u00e5n \u00c5m\u00e5l anordnar utst\u00e4llningen och en liten grupp hj\u00e4lper oss med h\u00e4ngning. Det visar sig att alla verk harmonierar v\u00e4l och kompletterar varandra. Mikael tillverkar mycket detaljerade v\u00e4ggsk\u00e5p. Det finns till och med ett sk\u00e5p med huvudet och f\u00f6tterna som p\u00e5minner om en f\u00e5gel. Hasses svarvade tr\u00e4sk\u00e5lar \u00e4r f\u00f6rh\u00e5llandevis stora och tunnv\u00e4ggiga, och de \u00e4r f\u00e4rgglatt designade. Agneta bearbetar ytorna p\u00e5 sina keramiska verk med en speciell teknik. Hon applicerar f\u00f6rst en f\u00e4rgad glasyr och skrapar sedan fram former och figurer. Halsdukarna jag visar \u00e4r huvudsakligen gjorda av borstad alpackagarn. Detta g\u00f6r dem v\u00e4ldigt fluffiga och behagligt mjuka. Jag v\u00e4vde de flesta halsdukarna med tv\u00e5 olika material i tyskaft. Jag byter de tv\u00e5 garnerna p\u00e5 varje inslag. De v\u00e4vda bilder med deras enkla former och klara f\u00e4rger kombinerade jag med drivved eller specialgjorda ramar.<\/p>\n<p>En f\u00f6rvernissage \u00e4ger rum fredagen den 26 november, dit medlemmar av konstf\u00f6reningen \u00e4r inbjudna. H\u00e4r presenterar vi v\u00e5ra verk och v\u00e5rt s\u00e4tt att arbeta. Den offentliga vernissagen \u00e4ger rum p\u00e5 l\u00f6rdag och ackompanjeras av musikaliska mellanspel fr\u00e5n musikskolan. Utst\u00e4llningen \u00e4r \u00f6ppen \u00e4ven f\u00f6rsta s\u00f6ndagen f\u00f6r det \u00e4r julmarknaden i \u00c5m\u00e5ls centrum. \u00d6vriga dagar \u00e4r utst\u00e4llningen \u00f6ppen under \u00f6ppettiderna p\u00e5 stadsbiblioteket som ligger alldeles intill.<\/p>\n<style>\r\n\/*===== general options =========*\/\r\na {\r\n    box-shadow: none !important;\r\n}\r\n\r\n.view *:not(i), .album_categories *, .album_back_button *, #album_disabled_layer {\r\n    font-family: sans-serif, Arial, Verdana, Sylfaen !important;\r\n}\r\n\r\n#album_disabled_layer {\r\n    display: none;\r\n    position: absolute;\r\n    width: 100%;\r\n    height: 100%;\r\n    text-align: center;\r\n    background-color: transparent;\r\n    z-index: 10;\r\n    padding-top: 20px;\r\n    color: #fff;\r\n}\r\n\r\n#album_list_container {\r\n    position: relative;\r\n}\r\n\r\n\/* ====================== album onhover styles ==========================*\/\r\n\r\n#album_list .view {\r\n    -webkit-box-sizing: border-box;\r\n    -moz-box-sizing: border-box;\r\n    -o-box-sizing: border-box;\r\n    display: none;\r\n\r\n}\r\n\r\n.view .mask,\r\n.view .content {\r\n    width: 100%;\r\n    height: 100%;\r\n    position: absolute;\r\n    overflow: hidden;\r\n    top: 0;\r\n    left: 0;\r\n}\r\n\r\n.view h2 {\r\n    text-transform: uppercase;\r\n    color: #fff;\r\n    text-align: center;\r\n    position: relative;\r\n    font-size: 17px;\r\n    font-family: Raleway, serif;\r\n    padding: 10px;\r\n    \/*background: rgba(0, 0, 0, 0.8);*\/\r\n    margin: 20px 0 0 0;\r\n\r\n}\r\n\r\n.album_back_button a, .view a {\r\n    text-decoration: none !important;\r\n}\r\n\r\n.view p {\r\n    font-family: Merriweather, serif;\r\n    font-style: italic;\r\n    font-size: 14px;\r\n    position: relative;\r\n    color: #fff;\r\n    padding: 0px 20px 0px;\r\n    text-align: center;\r\n\r\n}\r\n\r\n.view a.info {\r\n    display: inline-block;\r\n    text-decoration: none;\r\n    font-size: 13px;\r\n    padding: 2px 14px;\r\n    margin-bottom: 3px;\r\n    background: #000;\r\n    color: #fff;\r\n    font-family: Raleway, serif;\r\n    text-transform: uppercase;\r\n    box-shadow: 0 0 1px #000\r\n}\r\n\r\n.mask-text h2 {\r\n    font-size: 20px !important;\r\n}\r\n\r\n.view a.info:hover {\r\n    box-shadow: 0 0 5px #000\r\n}\r\n\r\n.view .mask-bg {\r\n    height: 100%;\r\n}\r\n\r\n.view .album_social {\r\n    color: #fff;\r\n    position: absolute;\r\n    bottom: 3px;\r\n    left: 3px;\r\n    border: 1px solid #ffffff;\r\n    -webkit-border-radius: 3px;\r\n    -moz-border-radius: 3px;\r\n    border-radius: 3px;\r\n    padding: 3px 5px;\r\n\r\n}\r\n\r\n.view .album_social:active, .view .album_social:focus, .view .album_social:hover {\r\n    color: #ffffff;\r\n    outline: none;\r\n}\r\n\r\n\/*1*\/\r\n\r\n.view .info {\r\n    margin-top: 5px;\r\n}\r\n\r\n.view-first .mask {\r\n    opacity: 0;\r\n    background-color: rgba(0, 0, 0, 0.7);\r\n    transition: all 0.4s ease-in-out;\r\n\r\n}\r\n\r\n.view-first h2 {\r\n    transform: translateY(-100px);\r\n    opacity: 0;\r\n    font-family: Raleway, serif;\r\n    transition: all 0.2s ease-in-out;\r\n}\r\n\r\n.view-first p {\r\n    transform: translateY(100px);\r\n    opacity: 0;\r\n    transition: all 0.2s linear;\r\n}\r\n\r\n.view-first a.info {\r\n    opacity: 0;\r\n    transition: all 0.2s ease-in-out;\r\n}\r\n\r\n\/* *\/\r\n\r\n.view-first:hover img {\r\n    \/*transform: scale(1.1);*\/\r\n}\r\n\r\n.view-first:hover .mask {\r\n    opacity: 1;\r\n}\r\n\r\n.view-first:hover h2,\r\n.view-first:hover p,\r\n.view-first:hover a.info {\r\n    opacity: 1;\r\n    transform: translateY(0px);\r\n}\r\n\r\n.view-first:hover p {\r\n    transition-delay: 0.1s;\r\n}\r\n\r\n.view-first:hover a.info {\r\n    transition-delay: 0.2s;\r\n}\r\n\r\n\/*2*\/\r\n.view-second img {\r\n    -webkit-filter: grayscale(0) blur(0);\r\n    filter: grayscale(0) blur(0);\r\n    -webkit-transition: .3s ease-in-out;\r\n    transition: .3s ease-in-out;\r\n}\r\n\r\n.view-second .mask {\r\n    background-color: rgba(226, 200, 127, 0.2);\r\n    transition: all 0.5s linear;\r\n    opacity: 0;\r\n}\r\n\r\n.view-second h2 {\r\n    background: transparent;\r\n    margin: 20px 40px 0px 40px;\r\n    transform: scale(0);\r\n    color: #333;\r\n    transition: all 0.5s linear;\r\n    opacity: 0;\r\n}\r\n\r\n.view-second p {\r\n    opacity: 0;\r\n    transform: scale(0);\r\n    transition: all 0.5s linear;\r\n}\r\n\r\n.view-second a.info {\r\n    opacity: 0;\r\n    transform: scale(0);\r\n    transition: all 0.5s linear;\r\n}\r\n\r\n.view-second:hover img {\r\n    -webkit-filter: grayscale(100%) blur(3px);\r\n    filter: grayscale(100%) blur(3px);\r\n}\r\n\r\n.view-second:hover .mask {\r\n    opacity: 1;\r\n}\r\n\r\n.view-second:hover h2,\r\n.view-second:hover p,\r\n.view-second:hover a.info {\r\n    transform: scale(1);\r\n    opacity: 1;\r\n}\r\n\r\n.view-second img {\r\n    -webkit-filter: grayscale(0) blur(0);\r\n    filter: grayscale(0) blur(0);\r\n    -webkit-transition: .3s ease-in-out;\r\n    transition: .3s ease-in-out;\r\n}\r\n\r\n.view-second:hover img {\r\n    -webkit-filter: grayscale(100%) blur(3px);\r\n    filter: grayscale(100%) blur(3px);\r\n}\r\n\r\n\/*3*\/\r\n\r\n.view-third img {\r\n    transform: scaleY(1);\r\n    transition: all .7s ease-in-out;\r\n}\r\n\r\n.view-third a.info {\r\n    opacity: 0;\r\n    transform: scale(0);\r\n    transition: all 0.5s linear;\r\n}\r\n\r\n.view-third:hover img {\r\n    -webkit-transform: scale(10);\r\n    transform: scale(10);\r\n    opacity: 0;\r\n}\r\n\r\n.view-third:hover .mask {\r\n    opacity: 1;\r\n}\r\n\r\n.view-third:hover h2,\r\n.view-third:hover p,\r\n.view-third:hover a.info {\r\n    transform: scale(1);\r\n    opacity: 1;\r\n}\r\n\r\n\/* ==== view 4 ===*\/\r\n\r\n.view-forth-wrapper {\r\n    overflow: hidden;\r\n    position: relative !important;\r\n    height: 100%;\r\n    \/* cursor: pointer;*\/\r\n}\r\n\r\n.view-forth img {\r\n    max-width: 100%;\r\n    position: relative;\r\n    top: 0;\r\n    -webkit-transition: all 600ms cubic-bezier(0.645, 0.045, 0.355, 1);\r\n    transition: all 600ms cubic-bezier(0.645, 0.045, 0.355, 1);\r\n}\r\n\r\n.view-forth .mask {\r\n    position: absolute;\r\n    width: 100%;\r\n    \/*    height: 70px;*\/\r\n    \/*    bottom: -70px;*\/\r\n    height: 50%;\r\n    bottom: -50%;\r\n    -webkit-transition: all 300ms cubic-bezier(0.645, 0.045, 0.355, 1);\r\n    transition: all 300ms cubic-bezier(0.645, 0.045, 0.355, 1);\r\n    top: inherit;\r\n}\r\n\r\n.view-forth:hover .mask {\r\n    bottom: 0;\r\n}\r\n\r\n.view-forth:hover img {\r\n    top: -30px;\r\n}\r\n\r\n\/*==  view 5 ==*\/\r\n\r\n.view-fifth .view-fifth-wrapper,\r\n.view-fifth .view-fifth-wrapper img {\r\n    display: block;\r\n    position: relative;\r\n}\r\n\r\n.view-fifth .view-fifth-wrapper {\r\n    overflow: hidden;\r\n    height: 100%;\r\n}\r\n\r\n.view-fifth .view-fifth-wrapper .mask {\r\n    display: none;\r\n    position: absolute;\r\n    background: #333;\r\n    background: rgba(75, 75, 75, 0.7);\r\n    width: 100%;\r\n    height: 100%;\r\n}\r\n\r\n\/* ====================== album category styles ==========================*\/\r\n\r\n#filters {\r\n    margin: 1% 0;\r\n    padding: 0;\r\n    list-style: none;\r\n    list-style-type: none !important;\r\n\r\n}\r\n\r\n#filters li {\r\n    float: left;\r\n    list-style-type: none !important;\r\n}\r\n\r\n#filters li:first-child span {\r\n    margin-left: 0px;\r\n}\r\n\r\n#filters li span {\r\n    display: block;\r\n    text-decoration: none;\r\n    cursor: pointer;\r\n}\r\n\r\n.album_categories {\r\n    list-style-type: none;\r\n    margin: 0;\r\n    padding: 0;\r\n    overflow: hidden;\r\n    padding-top: 5px;\r\n}\r\n\r\n\/*=========  sharing buttons  ============*\/\r\n\r\n.album_socials {\r\n    position: relative;\r\n    top: 3px;\r\n    width: 100px;\r\n    height: 28px;\r\n    margin: 0 auto;\r\n}\r\n\r\n.album_socials .rwd-share-buttons {\r\n    top: 0px !important;\r\n    width: 100% !important;\r\n    margin: 0px !important;\r\n}\r\n\r\n.album_socials a {\r\n    text-decoration: underline !important;\r\n}\r\n\r\n.gallery_images, .album_image_place {\r\n    margin-top: 15px;\r\n    margin-top: 15px;\r\n}\r\n\r\n#rwd-share-facebook:hover {\r\n    background-position: 0 -31px !important;\r\n}\r\n\r\n#rwd-share-twitter:hover {\r\n    background-position: -31px 32px !important;\r\n}\r\n\r\n#rwd-share-googleplus:hover {\r\n    background-position: -66px -31px !important;\r\n}\r\n\r\n.rwd-share-buttons li, .rwd-share-buttons li a {\r\n    width: 26px !important;\r\n    border: 0px !important;\r\n}\r\n\r\n.rwd-share-buttons {\r\n    top: 0 !important;\r\n}\r\n\r\n.img_link_btn {\r\n    position: absolute;\r\n    z-index: 99999;\r\n    bottom: 0;\r\n    left: 0;\r\n    right: 0;\r\n    width: 100%;\r\n    padding: 8px;\r\n}\r\n\r\n.rwd-title {\r\n    padding: 10px 0px !important;\r\n}\r\n\r\n@media only screen and (max-width: 475px) {\r\n    .rwd-share-buttons {\r\n        top: -25px !important;\r\n    }\r\n\r\n    .rwd-title-text {\r\n        line-height: 15px;\r\n    }\r\n}\r\n\r\n\/*=========  hover style ===========*\/\r\n\r\n#hover {\r\n    color: rgba(188, 175, 204, 0.9);\r\n}\r\n\r\nh2#testimonials {\r\n    color: #fffae3;\r\n}\r\n\r\ndiv#all {\r\n    width: 100%;\r\n    height: 100%;\r\n}\r\n\r\n.view img {\r\n    height: auto;\r\n}\r\n\r\n.view {\r\n    color: #fff;\r\n    margin: 0 10px 10px 0;\r\n    overflow: hidden;\r\n    position: relative;\r\n    text-align: center;\r\n    float: left;\r\n    cursor: default;\r\n    border: 1px solid #ccc;\r\n}\r\n\r\n.view-wrapper {\r\n    height: 100%;\r\n}\r\n\r\n.view img {\r\n    display: block;\r\n    position: relative;\r\n    transition: all 0.2s linear;\r\n    height: 100%;\r\n    width: auto;\r\n    max-width: 100%;\r\n    margin: 0 auto;\r\n}\r\n\r\n.mask-text h2 {\r\n    font-size: 20px !important;\r\n    margin-top: 20px !important;\r\n}\r\n\r\n\/* view 1 *\/\r\n\r\n.view-first .text-category, .view-first .mask-text h2, .view-first .mask-text p {\r\n    color: #fff;\r\n}\r\n\r\n\/*  view 2 *\/\r\n.view-second .text-category, .view-second .mask-text h2, .view-second p {\r\n    color: #333;\r\n}\r\n\r\n.view-second .mask-text h2 {\r\n    border-bottom: 1px solid #333;\r\n}\r\n\r\n\/* view 3*\/\r\n.view-third .mask {\r\n    background-color: #ccc;\r\n    transition: all 0.5s linear;\r\n    opacity: 0;\r\n    color: #333;\r\n}\r\n\r\n.view-third h2 {\r\n    border-bottom: 1px solid #333;\r\n    background: transparent;\r\n    margin: 20px 40px 0px 40px;\r\n    transform: scale(0);\r\n    color: #333;\r\n    transition: all 0.5s linear;\r\n    opacity: 0;\r\n}\r\n\r\n.view-third p {\r\n    color: #333;\r\n    opacity: 0;\r\n    transform: scale(0);\r\n    transition: all 0.5s linear;\r\n}\r\n\r\n.view-third .text-category {\r\n    color: #333;\r\n}\r\n\r\n\/* view 4 *\/\r\n\r\n.view-forth .mask-bg {\r\n    background: #333;\r\n    width: 100%;\r\n    height: 100%;\r\n    position: absolute;\r\n    top: 0;\r\n    left: 0;\r\n}\r\n\r\n.view-forth .mask-text {\r\n    color: #fff;\r\n    position: relative;\r\n    z-index: 500;\r\n    padding: 5px 8px;\r\n}\r\n\r\n.view-forth .mask-text h2 {\r\n    margin: 0px;\r\n    font-size: 13px;\r\n    padding: 2px;\r\n    color: #fff;\r\n}\r\n\r\n.view-forth .mask-text h2:hover {\r\n    cursor: pointer;\r\n}\r\n\r\n.view-forth .text-category {\r\n    display: block;\r\n    font-size: 15px;\r\n    color: #fff;\r\n}\r\n\r\n.view-forth p {\r\n    color: #fff;\r\n}\r\n\r\n\/* view 5 *\/\r\n.view-fifth .text-category, .view-fifth .text-category *, .view-fifth .mask-text h2, .view-fifth .mask-text p {\r\n    color: #fff;\r\n}\r\n\r\n<\/style>\r\n    <input type=\"hidden\" name=\"view_style\" value=\"view-first\">\r\n\r\n    <section id=\"huge_it_gallery_content_56\" class=\"gallery-img-content\"\r\n             data-gallery-id=\"56\"\r\n             data-content-per-page=\"5\"\r\n             data-rating-type=\"off\">\r\n        <div id=\"huge_it_gallery_container_56\"\r\n             data-show-center=\"off\"\r\n             class=\"huge_it_gallery_container super-list variable-sizes clearfix view-lightbox-gallery\">\r\n            <div id=\"huge_it_gallery_container_moving_56\"\r\n                 class=\"super-list variable-sizes clearfix\">\r\n                <input type=\"hidden\" class=\"pagenum\" value=\"1\"\/>\r\n                                <input type=\"hidden\" id=\"total\" value=\"1\"\/>\r\n                                    <div class=\"view view-first element element_56\" tabindex=\"0\"\r\n                         data-symbol=\"Affisch-Julsalong-\u00c5m\u00e5l-Gittas-Verkstad\" data-category=\"alkaline-earth\">\r\n                        <div class=\"view-first-wrapper view-wrapper\">\r\n                                                                                                                <a href=\"https:\/\/www.gittas-verkstad.com\/se\/wp-content\/uploads\/sites\/12\/2022\/01\/Affisch-Julsalong-Amal-2021-Gittas-Verkstad.jpg\"\r\n                               title=\"Affisch-Julsalong-\u00c5m\u00e5l-Gittas-Verkstad\"><img decoding=\"async\"\r\n                                        alt=\"Affisch-Julsalong-\u00c5m\u00e5l-Gittas-Verkstad\"\r\n                                        id=\"wd-cl-img0\"\r\n                                        title=\"Affisch-Julsalong-\u00c5m\u00e5l-Gittas-Verkstad\"\r\n                                        src=\"https:\/\/www.gittas-verkstad.com\/se\/wp-content\/uploads\/sites\/12\/2022\/01\/Affisch-Julsalong-Amal-2021-Gittas-Verkstad.jpg\"\/>\r\n                                                                                                        <div class=\"mask\">\r\n                                            <div class=\"mask-text\">\r\n                                                                                                    <h2 >\r\n                                                        Affisch-Julsalong-\u00c5m\u00e5l-Gittas-Verkstad                                                    <\/h2>\r\n                                                                                                <span class=\"text-category\">Affisch-Julsalong-\u00c5m\u00e5l-Gittas-Verkstad<\/span>\r\n                                            <\/div>\r\n                                            <div class=\"mask-bg\">\r\n                                            <\/div>\r\n                                        <\/div>\r\n                                    <\/a>\r\n                        <\/div>\r\n                        \r\n                    <\/div>\r\n                                        <div class=\"view view-first element element_56\" tabindex=\"0\"\r\n                         data-symbol=\"Tidningsreportage-julsalong-Amal-2021-sida-1-Gittas-Verkstad\" data-category=\"alkaline-earth\">\r\n                        <div class=\"view-first-wrapper view-wrapper\">\r\n                                                                                                                <a href=\"https:\/\/www.gittas-verkstad.com\/se\/wp-content\/uploads\/sites\/12\/2022\/01\/Tidningsreportage-julsalong-Amal-2021-sida-1-Gittas-Verkstad.jpg\"\r\n                               title=\"Tidningsreportage-julsalong-Amal-2021-sida-1-Gittas-Verkstad\"><img decoding=\"async\"\r\n                                        alt=\"Tidningsreportage-julsalong-Amal-2021-sida-1-Gittas-Verkstad\"\r\n                                        id=\"wd-cl-img1\"\r\n                                        title=\"Tidningsreportage-julsalong-Amal-2021-sida-1-Gittas-Verkstad\"\r\n                                        src=\"https:\/\/www.gittas-verkstad.com\/se\/wp-content\/uploads\/sites\/12\/2022\/01\/Tidningsreportage-julsalong-Amal-2021-sida-1-Gittas-Verkstad.jpg\"\/>\r\n                                                                                                        <div class=\"mask\">\r\n                                            <div class=\"mask-text\">\r\n                                                                                                    <h2 >\r\n                                                        Tidningsreportage-julsalong-Amal-2021-sida-1-Gittas-Verkstad                                                    <\/h2>\r\n                                                                                                <span class=\"text-category\">Tidningsreportage-julsalong-Amal-2021-sida-1-Gittas-Verkstad<\/span>\r\n                                            <\/div>\r\n                                            <div class=\"mask-bg\">\r\n                                            <\/div>\r\n                                        <\/div>\r\n                                    <\/a>\r\n                        <\/div>\r\n                        \r\n                    <\/div>\r\n                                        <div class=\"view view-first element element_56\" tabindex=\"0\"\r\n                         data-symbol=\"Tidningsreportage-julsalong-Amal-2021-sida-2-ovre-del-Gittas-Verkstad\" data-category=\"alkaline-earth\">\r\n                        <div class=\"view-first-wrapper view-wrapper\">\r\n                                                                                                                <a href=\"https:\/\/www.gittas-verkstad.com\/se\/wp-content\/uploads\/sites\/12\/2022\/01\/Tidningsreportage-julsalong-Amal-2021-sida-2-ovre-del-Gittas-Verkstad.jpg\"\r\n                               title=\"Tidningsreportage-julsalong-Amal-2021-sida-2-ovre-del-Gittas-Verkstad\"><img decoding=\"async\"\r\n                                        alt=\"Tidningsreportage-julsalong-Amal-2021-sida-2-ovre-del-Gittas-Verkstad\"\r\n                                        id=\"wd-cl-img2\"\r\n                                        title=\"Tidningsreportage-julsalong-Amal-2021-sida-2-ovre-del-Gittas-Verkstad\"\r\n                                        src=\"https:\/\/www.gittas-verkstad.com\/se\/wp-content\/uploads\/sites\/12\/2022\/01\/Tidningsreportage-julsalong-Amal-2021-sida-2-ovre-del-Gittas-Verkstad.jpg\"\/>\r\n                                                                                                        <div class=\"mask\">\r\n                                            <div class=\"mask-text\">\r\n                                                                                                    <h2 >\r\n                                                        Tidningsreportage-julsalong-Amal-2021-sida-2-ovre-del-Gittas-Verkstad                                                    <\/h2>\r\n                                                                                                <span class=\"text-category\">Tidningsreportage-julsalong-Amal-2021-sida-2-ovre-del-Gittas-Verkstad<\/span>\r\n                                            <\/div>\r\n                                            <div class=\"mask-bg\">\r\n                                            <\/div>\r\n                                        <\/div>\r\n                                    <\/a>\r\n                        <\/div>\r\n                        \r\n                    <\/div>\r\n                                <\/div>\r\n            <div class=\"clear\"><\/div>\r\n        <\/div>\r\n        \r\n\r\n    <\/section>\r\n\r\n<style>\r\n.gallery-img-content .clear {\r\n    clear: both;\r\n}\r\n.gallery-img-content a{\r\n    border-bottom: none;\r\n}\r\n.element_56 {\r\n    max-width:275px;\r\n    margin:0 2px 10px 0;\r\n    border:0px solid #eeeeee;\r\n    border-radius:3px;\r\n    outline:none;\r\n    overflow:hidden;\r\n}\r\n.element_56 .image-block_56 {\r\n    position:relative;\r\n    width: 100%;\r\n\twidth:275px;\r\n    max-width:275px;\r\n}\r\n.element_56 .image-block_56 a {display:block;}\r\n.element_56 .image-block_56 img {\r\n    width: 100%;\r\n    max-width:275px !important;\r\n    height:auto;\r\n    display:block;\r\n    border-radius: 0 !important;\r\n    box-shadow: 0 0 0 rgba(0, 0, 0, 0) !important;\r\n}\r\n.element_56 .image-block_56 img:hover {\r\n    cursor: -webkit-zoom-in; cursor: -moz-zoom-in;\r\n}\r\n.element_56 .image-block_56 .play-icon {\r\n    position:absolute;\r\n    top:0;\r\n    left:0;\r\n    width:100%;\r\n    height:100%;\r\n}\r\n\r\n.element_56:hover .title-block_56 {bottom:0;}\r\n.element_56 .title-block_56 a, .element_56 .title-block_56 a:link, .element_56 .title-block_56 a:visited, .element_56 .title-block_56 {\r\n    position:relative;\r\n    margin:0;\r\n    padding:0 1% 0 2%;\r\n    width:97%;\r\n    text-decoration:none !important;\r\n    text-overflow: ellipsis;\r\n    overflow: hidden;\r\n    white-space:nowrap;\r\n    z-index:20;\r\n    font-size: 16px;\r\n    color:#0074A2;\r\n    font-weight:normal;\r\n}\r\n.element_56 .image-block_56  .play-icon.youtube-icon {background:url(https:\/\/www.gittas-verkstad.com\/se\/wp-content\/plugins\/gallery-images\/assets\/images..\/admin_images\/play.youtube.png) center center no-repeat;}\r\n.element_56 .image-block_56  .play-icon.vimeo-icon {background:url(https:\/\/www.gittas-verkstad.com\/se\/wp-content\/plugins\/gallery-images\/assets\/images..\/admin_images\/play.vimeo.png) center center no-repeat;}\r\n.element_56 .title-block_56 {\r\n    position:absolute;\r\n    left:0;\r\n    width:100%;\r\n    padding-top:5px;\r\n    height: 36px;\r\n    bottom:-41px;\r\n    background: rgba(0,0,0,0.8)  !important;\r\n    -webkit-transition: bottom 0.3s ease-out 0.1s;\r\n    -moz-transition: bottom 0.3s ease-out 0.1s;\r\n    -o-transition: bottom 0.3s ease-out 0.1s;\r\n    transition: bottom 0.3s ease-out 0.1s;\r\n}\r\n.element_56 .title-block_56 a:hover, .element_56 .title-block_56 a:focus, .element_56 .title-block_56 a:active {\r\n    color:#2EA2CD;\r\n    text-decoration:none;\r\n}\r\n.load_more4 {\r\n    margin: 10px 0;\r\n    position:relative;\r\n    text-align:center;\r\n    width:100%;\r\n}\r\n.load_more_button4 {\r\n    border-radius: 10px;\r\n    display:inline-block;\r\n    padding:5px 15px;\r\n    font-size:16px !important;;\r\n    color:#FF0D0D !important;;\r\n    background:#5CADFF !important;\r\n    cursor:pointer;\r\n}\r\n.load_more_button4:hover{\r\n    color:#FF4040 !important;\r\n    background:#99C5FF !important;\r\n}\r\n.loading4 {\r\n    display:none;\r\n}\r\n.paginate4{\r\n    font-size:19px !important;\r\n    color:#FF2C2C !important;\r\n    text-align: center;\r\n    margin-top: 25px;\r\n}\r\n.paginate4 a{\r\n    border-bottom: none !important;\r\n}\r\n.icon-style4{\r\n    font-size: 21px !important;\r\n    color:#B82020 !important;\r\n}\r\n.clear{\r\n    clear:both;\r\n}\r\n@media screen and (max-width: 480px){\r\n    .element_56{\r\n        max-width:100% !important;\r\n    }\r\n}\r\n\r\n\r\n.view-wrapper img{\r\n    height:auto;\r\n}\r\n\r\n<\/style>\n","protected":false},"excerpt":{"rendered":"<p>Julsalongen i Konsthallen i \u00c5m\u00e5l p\u00e5g\u00e5r 27 november till 18 december 2021. Fyra konsthantverkare presenterar sina verk. Agneta Bogren visar keramik, Mikael \u00d6rlin v\u00e4ggsk\u00e5p, Hasse Petersson svarvade tr\u00e4sk\u00e5lar och jag visar handv\u00e4vda halsdukar och bilder samt textila collage. F\u00f6reningen Konstbild <a class=\"more-link\" href=\"https:\/\/www.gittas-verkstad.com\/se\/aktuellt\/julsalongen-i-konsthallen-i-amal\/\">l\u00e4s mer&#8230;<\/a><\/p>\n","protected":false},"author":1,"featured_media":1758,"comment_status":"closed","ping_status":"closed","sticky":false,"template":"","format":"standard","meta":{"footnotes":""},"categories":[2],"tags":[310,342,18,341,78],"class_list":["post-1757","post","type-post","status-publish","format-standard","has-post-thumbnail","hentry","category-aktuellt","tag-amal","tag-forening-konstbild-82","tag-handvaevda-halsdukar","tag-julsalong","tag-konsthall"],"yoast_head":"<!-- This site is optimized with the Yoast SEO plugin v27.5 - https:\/\/yoast.com\/product\/yoast-seo-wordpress\/ -->\n<title>Julsalongen i Konsthallen i \u00c5m\u00e5l p\u00e5g\u00e5r 27 november till 18 decemberJ<\/title>\n<meta name=\"description\" content=\"Julsalongen i Konsthallen i \u00c5m\u00e5l p\u00e5g\u00e5r 27 november till 18 december 2021. Fyra konsthantverkare presenterar sina verk.\" \/>\n<meta name=\"robots\" content=\"index, follow, max-snippet:-1, max-image-preview:large, max-video-preview:-1\" \/>\n<link rel=\"canonical\" href=\"https:\/\/www.gittas-verkstad.com\/se\/aktuellt\/julsalongen-i-konsthallen-i-amal\/\" \/>\n<meta property=\"og:locale\" content=\"sv_SE\" \/>\n<meta property=\"og:type\" content=\"article\" \/>\n<meta property=\"og:title\" content=\"Julsalongen i Konsthallen i \u00c5m\u00e5l p\u00e5g\u00e5r 27 november till 18 decemberJ\" \/>\n<meta property=\"og:description\" content=\"Julsalongen i Konsthallen i \u00c5m\u00e5l p\u00e5g\u00e5r 27 november till 18 december 2021. Fyra konsthantverkare presenterar sina verk.\" \/>\n<meta property=\"og:url\" content=\"https:\/\/www.gittas-verkstad.com\/se\/aktuellt\/julsalongen-i-konsthallen-i-amal\/\" \/>\n<meta property=\"og:site_name\" content=\"Gittas verkstad v\u00e4v, konst, design \/ se \/ Lennartsfors\" \/>\n<meta property=\"article:published_time\" content=\"2021-11-25T19:22:25+00:00\" \/>\n<meta property=\"article:modified_time\" content=\"2022-01-17T20:25:59+00:00\" \/>\n<meta property=\"og:image\" content=\"https:\/\/www.gittas-verkstad.com\/se\/wp-content\/uploads\/sites\/12\/2022\/01\/Julsalong-Amal-2021-Gittas-Verkstad.jpg\" \/>\n\t<meta property=\"og:image:width\" content=\"1680\" \/>\n\t<meta property=\"og:image:height\" content=\"400\" \/>\n\t<meta property=\"og:image:type\" content=\"image\/jpeg\" \/>\n<meta name=\"author\" content=\"gitta\" \/>\n<meta name=\"twitter:card\" content=\"summary_large_image\" \/>\n<meta name=\"twitter:label1\" content=\"Skriven av\" \/>\n\t<meta name=\"twitter:data1\" content=\"gitta\" \/>\n\t<meta name=\"twitter:label2\" content=\"Ber\u00e4knad l\u00e4stid\" \/>\n\t<meta name=\"twitter:data2\" content=\"1 minut\" \/>\n<script type=\"application\/ld+json\" class=\"yoast-schema-graph\">{\"@context\":\"https:\\\/\\\/schema.org\",\"@graph\":[{\"@type\":\"Article\",\"@id\":\"https:\\\/\\\/www.gittas-verkstad.com\\\/se\\\/aktuellt\\\/julsalongen-i-konsthallen-i-amal\\\/#article\",\"isPartOf\":{\"@id\":\"https:\\\/\\\/www.gittas-verkstad.com\\\/se\\\/aktuellt\\\/julsalongen-i-konsthallen-i-amal\\\/\"},\"author\":{\"name\":\"gitta\",\"@id\":\"https:\\\/\\\/www.gittas-verkstad.com\\\/se\\\/#\\\/schema\\\/person\\\/66efc41949b9b5d43667d40db8dfcc57\"},\"headline\":\"Julsalongen i Konsthallen i \u00c5m\u00e5l\",\"datePublished\":\"2021-11-25T19:22:25+00:00\",\"dateModified\":\"2022-01-17T20:25:59+00:00\",\"mainEntityOfPage\":{\"@id\":\"https:\\\/\\\/www.gittas-verkstad.com\\\/se\\\/aktuellt\\\/julsalongen-i-konsthallen-i-amal\\\/\"},\"wordCount\":292,\"image\":{\"@id\":\"https:\\\/\\\/www.gittas-verkstad.com\\\/se\\\/aktuellt\\\/julsalongen-i-konsthallen-i-amal\\\/#primaryimage\"},\"thumbnailUrl\":\"https:\\\/\\\/www.gittas-verkstad.com\\\/se\\\/wp-content\\\/uploads\\\/sites\\\/12\\\/2022\\\/01\\\/Julsalong-Amal-2021-Gittas-Verkstad.jpg\",\"keywords\":[\"\u00c5m\u00e5l\",\"F\u00f6rening Konstbild 82\",\"Handv\u00e4vda halsdukar\",\"Julsalong\",\"konsthall\"],\"articleSection\":[\"Aktuellt\"],\"inLanguage\":\"sv-SE\"},{\"@type\":\"WebPage\",\"@id\":\"https:\\\/\\\/www.gittas-verkstad.com\\\/se\\\/aktuellt\\\/julsalongen-i-konsthallen-i-amal\\\/\",\"url\":\"https:\\\/\\\/www.gittas-verkstad.com\\\/se\\\/aktuellt\\\/julsalongen-i-konsthallen-i-amal\\\/\",\"name\":\"Julsalongen i Konsthallen i \u00c5m\u00e5l p\u00e5g\u00e5r 27 november till 18 decemberJ\",\"isPartOf\":{\"@id\":\"https:\\\/\\\/www.gittas-verkstad.com\\\/se\\\/#website\"},\"primaryImageOfPage\":{\"@id\":\"https:\\\/\\\/www.gittas-verkstad.com\\\/se\\\/aktuellt\\\/julsalongen-i-konsthallen-i-amal\\\/#primaryimage\"},\"image\":{\"@id\":\"https:\\\/\\\/www.gittas-verkstad.com\\\/se\\\/aktuellt\\\/julsalongen-i-konsthallen-i-amal\\\/#primaryimage\"},\"thumbnailUrl\":\"https:\\\/\\\/www.gittas-verkstad.com\\\/se\\\/wp-content\\\/uploads\\\/sites\\\/12\\\/2022\\\/01\\\/Julsalong-Amal-2021-Gittas-Verkstad.jpg\",\"datePublished\":\"2021-11-25T19:22:25+00:00\",\"dateModified\":\"2022-01-17T20:25:59+00:00\",\"author\":{\"@id\":\"https:\\\/\\\/www.gittas-verkstad.com\\\/se\\\/#\\\/schema\\\/person\\\/66efc41949b9b5d43667d40db8dfcc57\"},\"description\":\"Julsalongen i Konsthallen i \u00c5m\u00e5l p\u00e5g\u00e5r 27 november till 18 december 2021. Fyra konsthantverkare presenterar sina verk.\",\"breadcrumb\":{\"@id\":\"https:\\\/\\\/www.gittas-verkstad.com\\\/se\\\/aktuellt\\\/julsalongen-i-konsthallen-i-amal\\\/#breadcrumb\"},\"inLanguage\":\"sv-SE\",\"potentialAction\":[{\"@type\":\"ReadAction\",\"target\":[\"https:\\\/\\\/www.gittas-verkstad.com\\\/se\\\/aktuellt\\\/julsalongen-i-konsthallen-i-amal\\\/\"]}]},{\"@type\":\"ImageObject\",\"inLanguage\":\"sv-SE\",\"@id\":\"https:\\\/\\\/www.gittas-verkstad.com\\\/se\\\/aktuellt\\\/julsalongen-i-konsthallen-i-amal\\\/#primaryimage\",\"url\":\"https:\\\/\\\/www.gittas-verkstad.com\\\/se\\\/wp-content\\\/uploads\\\/sites\\\/12\\\/2022\\\/01\\\/Julsalong-Amal-2021-Gittas-Verkstad.jpg\",\"contentUrl\":\"https:\\\/\\\/www.gittas-verkstad.com\\\/se\\\/wp-content\\\/uploads\\\/sites\\\/12\\\/2022\\\/01\\\/Julsalong-Amal-2021-Gittas-Verkstad.jpg\",\"width\":1680,\"height\":400,\"caption\":\"Julsalong-Amal-2021-Gittas-Verkstad\"},{\"@type\":\"BreadcrumbList\",\"@id\":\"https:\\\/\\\/www.gittas-verkstad.com\\\/se\\\/aktuellt\\\/julsalongen-i-konsthallen-i-amal\\\/#breadcrumb\",\"itemListElement\":[{\"@type\":\"ListItem\",\"position\":1,\"name\":\"Startseite\",\"item\":\"https:\\\/\\\/www.gittas-verkstad.com\\\/se\\\/\"},{\"@type\":\"ListItem\",\"position\":2,\"name\":\"Julsalongen i Konsthallen i \u00c5m\u00e5l\"}]},{\"@type\":\"WebSite\",\"@id\":\"https:\\\/\\\/www.gittas-verkstad.com\\\/se\\\/#website\",\"url\":\"https:\\\/\\\/www.gittas-verkstad.com\\\/se\\\/\",\"name\":\"Gittas verkstad v\u00e4v, konst, design \\\/ se \\\/ Lennartsfors\",\"description\":\"Gitta driver en verkstad f\u00f6r v\u00e4vning, konst och design i Lennartsfors. De handgjorda produkterna s\u00e4ljer hon i hennes galleri p\u00e5 Gjut\u00e5s vid Dalslands Kanalen.\",\"potentialAction\":[{\"@type\":\"SearchAction\",\"target\":{\"@type\":\"EntryPoint\",\"urlTemplate\":\"https:\\\/\\\/www.gittas-verkstad.com\\\/se\\\/?s={search_term_string}\"},\"query-input\":{\"@type\":\"PropertyValueSpecification\",\"valueRequired\":true,\"valueName\":\"search_term_string\"}}],\"inLanguage\":\"sv-SE\"},{\"@type\":\"Person\",\"@id\":\"https:\\\/\\\/www.gittas-verkstad.com\\\/se\\\/#\\\/schema\\\/person\\\/66efc41949b9b5d43667d40db8dfcc57\",\"name\":\"gitta\",\"url\":\"https:\\\/\\\/www.gittas-verkstad.com\\\/se\\\/author\\\/gitta\\\/\"}]}<\/script>\n<!-- \/ Yoast SEO plugin. -->","yoast_head_json":{"title":"Julsalongen i Konsthallen i \u00c5m\u00e5l p\u00e5g\u00e5r 27 november till 18 decemberJ","description":"Julsalongen i Konsthallen i \u00c5m\u00e5l p\u00e5g\u00e5r 27 november till 18 december 2021. Fyra konsthantverkare presenterar sina verk.","robots":{"index":"index","follow":"follow","max-snippet":"max-snippet:-1","max-image-preview":"max-image-preview:large","max-video-preview":"max-video-preview:-1"},"canonical":"https:\/\/www.gittas-verkstad.com\/se\/aktuellt\/julsalongen-i-konsthallen-i-amal\/","og_locale":"sv_SE","og_type":"article","og_title":"Julsalongen i Konsthallen i \u00c5m\u00e5l p\u00e5g\u00e5r 27 november till 18 decemberJ","og_description":"Julsalongen i Konsthallen i \u00c5m\u00e5l p\u00e5g\u00e5r 27 november till 18 december 2021. Fyra konsthantverkare presenterar sina verk.","og_url":"https:\/\/www.gittas-verkstad.com\/se\/aktuellt\/julsalongen-i-konsthallen-i-amal\/","og_site_name":"Gittas verkstad v\u00e4v, konst, design \/ se \/ Lennartsfors","article_published_time":"2021-11-25T19:22:25+00:00","article_modified_time":"2022-01-17T20:25:59+00:00","og_image":[{"width":1680,"height":400,"url":"https:\/\/www.gittas-verkstad.com\/se\/wp-content\/uploads\/sites\/12\/2022\/01\/Julsalong-Amal-2021-Gittas-Verkstad.jpg","type":"image\/jpeg"}],"author":"gitta","twitter_card":"summary_large_image","twitter_misc":{"Skriven av":"gitta","Ber\u00e4knad l\u00e4stid":"1 minut"},"schema":{"@context":"https:\/\/schema.org","@graph":[{"@type":"Article","@id":"https:\/\/www.gittas-verkstad.com\/se\/aktuellt\/julsalongen-i-konsthallen-i-amal\/#article","isPartOf":{"@id":"https:\/\/www.gittas-verkstad.com\/se\/aktuellt\/julsalongen-i-konsthallen-i-amal\/"},"author":{"name":"gitta","@id":"https:\/\/www.gittas-verkstad.com\/se\/#\/schema\/person\/66efc41949b9b5d43667d40db8dfcc57"},"headline":"Julsalongen i Konsthallen i \u00c5m\u00e5l","datePublished":"2021-11-25T19:22:25+00:00","dateModified":"2022-01-17T20:25:59+00:00","mainEntityOfPage":{"@id":"https:\/\/www.gittas-verkstad.com\/se\/aktuellt\/julsalongen-i-konsthallen-i-amal\/"},"wordCount":292,"image":{"@id":"https:\/\/www.gittas-verkstad.com\/se\/aktuellt\/julsalongen-i-konsthallen-i-amal\/#primaryimage"},"thumbnailUrl":"https:\/\/www.gittas-verkstad.com\/se\/wp-content\/uploads\/sites\/12\/2022\/01\/Julsalong-Amal-2021-Gittas-Verkstad.jpg","keywords":["\u00c5m\u00e5l","F\u00f6rening Konstbild 82","Handv\u00e4vda halsdukar","Julsalong","konsthall"],"articleSection":["Aktuellt"],"inLanguage":"sv-SE"},{"@type":"WebPage","@id":"https:\/\/www.gittas-verkstad.com\/se\/aktuellt\/julsalongen-i-konsthallen-i-amal\/","url":"https:\/\/www.gittas-verkstad.com\/se\/aktuellt\/julsalongen-i-konsthallen-i-amal\/","name":"Julsalongen i Konsthallen i \u00c5m\u00e5l p\u00e5g\u00e5r 27 november till 18 decemberJ","isPartOf":{"@id":"https:\/\/www.gittas-verkstad.com\/se\/#website"},"primaryImageOfPage":{"@id":"https:\/\/www.gittas-verkstad.com\/se\/aktuellt\/julsalongen-i-konsthallen-i-amal\/#primaryimage"},"image":{"@id":"https:\/\/www.gittas-verkstad.com\/se\/aktuellt\/julsalongen-i-konsthallen-i-amal\/#primaryimage"},"thumbnailUrl":"https:\/\/www.gittas-verkstad.com\/se\/wp-content\/uploads\/sites\/12\/2022\/01\/Julsalong-Amal-2021-Gittas-Verkstad.jpg","datePublished":"2021-11-25T19:22:25+00:00","dateModified":"2022-01-17T20:25:59+00:00","author":{"@id":"https:\/\/www.gittas-verkstad.com\/se\/#\/schema\/person\/66efc41949b9b5d43667d40db8dfcc57"},"description":"Julsalongen i Konsthallen i \u00c5m\u00e5l p\u00e5g\u00e5r 27 november till 18 december 2021. Fyra konsthantverkare presenterar sina verk.","breadcrumb":{"@id":"https:\/\/www.gittas-verkstad.com\/se\/aktuellt\/julsalongen-i-konsthallen-i-amal\/#breadcrumb"},"inLanguage":"sv-SE","potentialAction":[{"@type":"ReadAction","target":["https:\/\/www.gittas-verkstad.com\/se\/aktuellt\/julsalongen-i-konsthallen-i-amal\/"]}]},{"@type":"ImageObject","inLanguage":"sv-SE","@id":"https:\/\/www.gittas-verkstad.com\/se\/aktuellt\/julsalongen-i-konsthallen-i-amal\/#primaryimage","url":"https:\/\/www.gittas-verkstad.com\/se\/wp-content\/uploads\/sites\/12\/2022\/01\/Julsalong-Amal-2021-Gittas-Verkstad.jpg","contentUrl":"https:\/\/www.gittas-verkstad.com\/se\/wp-content\/uploads\/sites\/12\/2022\/01\/Julsalong-Amal-2021-Gittas-Verkstad.jpg","width":1680,"height":400,"caption":"Julsalong-Amal-2021-Gittas-Verkstad"},{"@type":"BreadcrumbList","@id":"https:\/\/www.gittas-verkstad.com\/se\/aktuellt\/julsalongen-i-konsthallen-i-amal\/#breadcrumb","itemListElement":[{"@type":"ListItem","position":1,"name":"Startseite","item":"https:\/\/www.gittas-verkstad.com\/se\/"},{"@type":"ListItem","position":2,"name":"Julsalongen i Konsthallen i \u00c5m\u00e5l"}]},{"@type":"WebSite","@id":"https:\/\/www.gittas-verkstad.com\/se\/#website","url":"https:\/\/www.gittas-verkstad.com\/se\/","name":"Gittas verkstad v\u00e4v, konst, design \/ se \/ Lennartsfors","description":"Gitta driver en verkstad f\u00f6r v\u00e4vning, konst och design i Lennartsfors. De handgjorda produkterna s\u00e4ljer hon i hennes galleri p\u00e5 Gjut\u00e5s vid Dalslands Kanalen.","potentialAction":[{"@type":"SearchAction","target":{"@type":"EntryPoint","urlTemplate":"https:\/\/www.gittas-verkstad.com\/se\/?s={search_term_string}"},"query-input":{"@type":"PropertyValueSpecification","valueRequired":true,"valueName":"search_term_string"}}],"inLanguage":"sv-SE"},{"@type":"Person","@id":"https:\/\/www.gittas-verkstad.com\/se\/#\/schema\/person\/66efc41949b9b5d43667d40db8dfcc57","name":"gitta","url":"https:\/\/www.gittas-verkstad.com\/se\/author\/gitta\/"}]}},"_links":{"self":[{"href":"https:\/\/www.gittas-verkstad.com\/se\/wp-json\/wp\/v2\/posts\/1757","targetHints":{"allow":["GET"]}}],"collection":[{"href":"https:\/\/www.gittas-verkstad.com\/se\/wp-json\/wp\/v2\/posts"}],"about":[{"href":"https:\/\/www.gittas-verkstad.com\/se\/wp-json\/wp\/v2\/types\/post"}],"author":[{"embeddable":true,"href":"https:\/\/www.gittas-verkstad.com\/se\/wp-json\/wp\/v2\/users\/1"}],"replies":[{"embeddable":true,"href":"https:\/\/www.gittas-verkstad.com\/se\/wp-json\/wp\/v2\/comments?post=1757"}],"version-history":[{"count":2,"href":"https:\/\/www.gittas-verkstad.com\/se\/wp-json\/wp\/v2\/posts\/1757\/revisions"}],"predecessor-version":[{"id":1765,"href":"https:\/\/www.gittas-verkstad.com\/se\/wp-json\/wp\/v2\/posts\/1757\/revisions\/1765"}],"wp:featuredmedia":[{"embeddable":true,"href":"https:\/\/www.gittas-verkstad.com\/se\/wp-json\/wp\/v2\/media\/1758"}],"wp:attachment":[{"href":"https:\/\/www.gittas-verkstad.com\/se\/wp-json\/wp\/v2\/media?parent=1757"}],"wp:term":[{"taxonomy":"category","embeddable":true,"href":"https:\/\/www.gittas-verkstad.com\/se\/wp-json\/wp\/v2\/categories?post=1757"},{"taxonomy":"post_tag","embeddable":true,"href":"https:\/\/www.gittas-verkstad.com\/se\/wp-json\/wp\/v2\/tags?post=1757"}],"curies":[{"name":"wp","href":"https:\/\/api.w.org\/{rel}","templated":true}]}}