{"id":1754,"date":"2021-11-25T16:08:37","date_gmt":"2021-11-25T15:08:37","guid":{"rendered":"https:\/\/www.gittas-verkstad.com\/se\/?p=1754"},"modified":"2022-01-11T16:19:08","modified_gmt":"2022-01-11T15:19:08","slug":"julmarknad-i-lennartsfors-4-och-5-december-2021","status":"publish","type":"post","link":"https:\/\/www.gittas-verkstad.com\/se\/aktuellt\/julmarknad-i-lennartsfors-4-och-5-december-2021\/","title":{"rendered":"Julmarknad i Lennartsfors 4 och 5 december 2021"},"content":{"rendered":"<p>Julmarknaden i Lennartsfors p\u00e5g\u00e5r nu igen efter ett \u00e5rs uppeh\u00e5ll. Den 4 och 5 december kl11.00-16.00 kommer ett 20-tal hantverkare att bjuda p\u00e5 sina produkter p\u00e5 Str\u00f6msborgs.<\/p>\n<p>Efter n\u00e5gra \u00e5r i det mysiga gamla magazinet har vi byt lokalen. Det finns mer plats nu, det \u00e4r l\u00e4ttare att ventilera och vi har \u00e4r varmare \u00e4n tidigare. Marianne driver caf\u00e9et denna g\u00e5ng.<\/p>\n<p>Gittas Verkstad kommer att finnas p\u00e5 plats med en monter. F\u00f6rutom nya handv\u00e4vda halsdukar och sydda ponchos bjuda jag \u00e4ven p\u00e5 bilder med pressade blommor och mindre bildv\u00e4v, som den med titeln &#8221;Nils Holgersson&#8221;.<\/p>\n<p>Vi ser fram emot m\u00e5nga bes\u00f6kare och vi ser fram emot att se dig!<\/p>\n","protected":false},"excerpt":{"rendered":"<p>Julmarknaden i Lennartsfors p\u00e5g\u00e5r nu igen efter ett \u00e5rs uppeh\u00e5ll. Den 4 och 5 december kl11.00-16.00 kommer ett 20-tal hantverkare att bjuda p\u00e5 sina produkter p\u00e5 Str\u00f6msborgs. Efter n\u00e5gra \u00e5r i det mysiga gamla magazinet har vi byt lokalen. Det <a class=\"more-link\" href=\"https:\/\/www.gittas-verkstad.com\/se\/aktuellt\/julmarknad-i-lennartsfors-4-och-5-december-2021\/\">l\u00e4s mer&#8230;<\/a><\/p>\n","protected":false},"author":1,"featured_media":1755,"comment_status":"closed","ping_status":"closed","sticky":false,"template":"","format":"standard","meta":{"footnotes":""},"categories":[2],"tags":[339,8,87,79,73,340,91],"class_list":["post-1754","post","type-post","status-publish","format-standard","has-post-thumbnail","hentry","category-aktuellt","tag-bildvav","tag-gittas-verkstad","tag-handvaevda-sjalar","tag-julmarknad","tag-lennartsfors","tag-nils-holgersson","tag-ponchos"],"yoast_head":"<!-- This site is optimized with the Yoast SEO plugin v27.5 - https:\/\/yoast.com\/product\/yoast-seo-wordpress\/ -->\n<title>Julmarknaden i Lennartsfors p\u00e5g\u00e5r nu igen efter ett \u00e5rs uppeh\u00e5ll<\/title>\n<meta name=\"description\" content=\"Julmarknaden i Lennartsfors p\u00e5g\u00e5r nu igen efter ett \u00e5rs uppeh\u00e5ll. Den 4 och 5 december kl11.00-16.00 kommer ett 20-tal hantverkare\" \/>\n<meta name=\"robots\" content=\"index, follow, max-snippet:-1, max-image-preview:large, max-video-preview:-1\" \/>\n<link rel=\"canonical\" href=\"https:\/\/www.gittas-verkstad.com\/se\/aktuellt\/julmarknad-i-lennartsfors-4-och-5-december-2021\/\" \/>\n<meta property=\"og:locale\" content=\"sv_SE\" \/>\n<meta property=\"og:type\" content=\"article\" \/>\n<meta property=\"og:title\" content=\"Julmarknaden i Lennartsfors p\u00e5g\u00e5r nu igen efter ett \u00e5rs uppeh\u00e5ll\" \/>\n<meta property=\"og:description\" content=\"Julmarknaden i Lennartsfors p\u00e5g\u00e5r nu igen efter ett \u00e5rs uppeh\u00e5ll. Den 4 och 5 december kl11.00-16.00 kommer ett 20-tal hantverkare\" \/>\n<meta property=\"og:url\" content=\"https:\/\/www.gittas-verkstad.com\/se\/aktuellt\/julmarknad-i-lennartsfors-4-och-5-december-2021\/\" \/>\n<meta property=\"og:site_name\" content=\"Gittas verkstad v\u00e4v, konst, design \/ se \/ Lennartsfors\" \/>\n<meta property=\"article:published_time\" content=\"2021-11-25T15:08:37+00:00\" \/>\n<meta property=\"article:modified_time\" content=\"2022-01-11T15:19:08+00:00\" \/>\n<meta property=\"og:image\" content=\"https:\/\/www.gittas-verkstad.com\/se\/wp-content\/uploads\/sites\/12\/2022\/01\/Julmarknad-Lennartsfors-2021-Gittas-verkstad.jpg\" \/>\n\t<meta property=\"og:image:width\" content=\"1680\" \/>\n\t<meta property=\"og:image:height\" content=\"400\" \/>\n\t<meta property=\"og:image:type\" content=\"image\/jpeg\" \/>\n<meta name=\"author\" content=\"gitta\" \/>\n<meta name=\"twitter:card\" content=\"summary_large_image\" \/>\n<meta name=\"twitter:label1\" content=\"Skriven av\" \/>\n\t<meta name=\"twitter:data1\" content=\"gitta\" \/>\n\t<meta name=\"twitter:label2\" content=\"Ber\u00e4knad l\u00e4stid\" \/>\n\t<meta name=\"twitter:data2\" content=\"1 minut\" \/>\n<script type=\"application\/ld+json\" class=\"yoast-schema-graph\">{\"@context\":\"https:\\\/\\\/schema.org\",\"@graph\":[{\"@type\":\"Article\",\"@id\":\"https:\\\/\\\/www.gittas-verkstad.com\\\/se\\\/aktuellt\\\/julmarknad-i-lennartsfors-4-och-5-december-2021\\\/#article\",\"isPartOf\":{\"@id\":\"https:\\\/\\\/www.gittas-verkstad.com\\\/se\\\/aktuellt\\\/julmarknad-i-lennartsfors-4-och-5-december-2021\\\/\"},\"author\":{\"name\":\"gitta\",\"@id\":\"https:\\\/\\\/www.gittas-verkstad.com\\\/se\\\/#\\\/schema\\\/person\\\/66efc41949b9b5d43667d40db8dfcc57\"},\"headline\":\"Julmarknad i Lennartsfors 4 och 5 december 2021\",\"datePublished\":\"2021-11-25T15:08:37+00:00\",\"dateModified\":\"2022-01-11T15:19:08+00:00\",\"mainEntityOfPage\":{\"@id\":\"https:\\\/\\\/www.gittas-verkstad.com\\\/se\\\/aktuellt\\\/julmarknad-i-lennartsfors-4-och-5-december-2021\\\/\"},\"wordCount\":126,\"image\":{\"@id\":\"https:\\\/\\\/www.gittas-verkstad.com\\\/se\\\/aktuellt\\\/julmarknad-i-lennartsfors-4-och-5-december-2021\\\/#primaryimage\"},\"thumbnailUrl\":\"https:\\\/\\\/www.gittas-verkstad.com\\\/se\\\/wp-content\\\/uploads\\\/sites\\\/12\\\/2022\\\/01\\\/Julmarknad-Lennartsfors-2021-Gittas-verkstad.jpg\",\"keywords\":[\"bildv\u00e4v\",\"Gittas verkstad\",\"handv\u00e4vda sjalar\",\"Julmarknad\",\"Lennartsfors\",\"Nils Holgersson\",\"ponchos\"],\"articleSection\":[\"Aktuellt\"],\"inLanguage\":\"sv-SE\"},{\"@type\":\"WebPage\",\"@id\":\"https:\\\/\\\/www.gittas-verkstad.com\\\/se\\\/aktuellt\\\/julmarknad-i-lennartsfors-4-och-5-december-2021\\\/\",\"url\":\"https:\\\/\\\/www.gittas-verkstad.com\\\/se\\\/aktuellt\\\/julmarknad-i-lennartsfors-4-och-5-december-2021\\\/\",\"name\":\"Julmarknaden i Lennartsfors p\u00e5g\u00e5r nu igen efter ett \u00e5rs uppeh\u00e5ll\",\"isPartOf\":{\"@id\":\"https:\\\/\\\/www.gittas-verkstad.com\\\/se\\\/#website\"},\"primaryImageOfPage\":{\"@id\":\"https:\\\/\\\/www.gittas-verkstad.com\\\/se\\\/aktuellt\\\/julmarknad-i-lennartsfors-4-och-5-december-2021\\\/#primaryimage\"},\"image\":{\"@id\":\"https:\\\/\\\/www.gittas-verkstad.com\\\/se\\\/aktuellt\\\/julmarknad-i-lennartsfors-4-och-5-december-2021\\\/#primaryimage\"},\"thumbnailUrl\":\"https:\\\/\\\/www.gittas-verkstad.com\\\/se\\\/wp-content\\\/uploads\\\/sites\\\/12\\\/2022\\\/01\\\/Julmarknad-Lennartsfors-2021-Gittas-verkstad.jpg\",\"datePublished\":\"2021-11-25T15:08:37+00:00\",\"dateModified\":\"2022-01-11T15:19:08+00:00\",\"author\":{\"@id\":\"https:\\\/\\\/www.gittas-verkstad.com\\\/se\\\/#\\\/schema\\\/person\\\/66efc41949b9b5d43667d40db8dfcc57\"},\"description\":\"Julmarknaden i Lennartsfors p\u00e5g\u00e5r nu igen efter ett \u00e5rs uppeh\u00e5ll. Den 4 och 5 december kl11.00-16.00 kommer ett 20-tal hantverkare\",\"breadcrumb\":{\"@id\":\"https:\\\/\\\/www.gittas-verkstad.com\\\/se\\\/aktuellt\\\/julmarknad-i-lennartsfors-4-och-5-december-2021\\\/#breadcrumb\"},\"inLanguage\":\"sv-SE\",\"potentialAction\":[{\"@type\":\"ReadAction\",\"target\":[\"https:\\\/\\\/www.gittas-verkstad.com\\\/se\\\/aktuellt\\\/julmarknad-i-lennartsfors-4-och-5-december-2021\\\/\"]}]},{\"@type\":\"ImageObject\",\"inLanguage\":\"sv-SE\",\"@id\":\"https:\\\/\\\/www.gittas-verkstad.com\\\/se\\\/aktuellt\\\/julmarknad-i-lennartsfors-4-och-5-december-2021\\\/#primaryimage\",\"url\":\"https:\\\/\\\/www.gittas-verkstad.com\\\/se\\\/wp-content\\\/uploads\\\/sites\\\/12\\\/2022\\\/01\\\/Julmarknad-Lennartsfors-2021-Gittas-verkstad.jpg\",\"contentUrl\":\"https:\\\/\\\/www.gittas-verkstad.com\\\/se\\\/wp-content\\\/uploads\\\/sites\\\/12\\\/2022\\\/01\\\/Julmarknad-Lennartsfors-2021-Gittas-verkstad.jpg\",\"width\":1680,\"height\":400,\"caption\":\"Julmarknad-Lennartsfors-2021-Gittas-verkstad\"},{\"@type\":\"BreadcrumbList\",\"@id\":\"https:\\\/\\\/www.gittas-verkstad.com\\\/se\\\/aktuellt\\\/julmarknad-i-lennartsfors-4-och-5-december-2021\\\/#breadcrumb\",\"itemListElement\":[{\"@type\":\"ListItem\",\"position\":1,\"name\":\"Startseite\",\"item\":\"https:\\\/\\\/www.gittas-verkstad.com\\\/se\\\/\"},{\"@type\":\"ListItem\",\"position\":2,\"name\":\"Julmarknad i Lennartsfors 4 och 5 december 2021\"}]},{\"@type\":\"WebSite\",\"@id\":\"https:\\\/\\\/www.gittas-verkstad.com\\\/se\\\/#website\",\"url\":\"https:\\\/\\\/www.gittas-verkstad.com\\\/se\\\/\",\"name\":\"Gittas verkstad v\u00e4v, konst, design \\\/ se \\\/ Lennartsfors\",\"description\":\"Gitta driver en verkstad f\u00f6r v\u00e4vning, konst och design i Lennartsfors. De handgjorda produkterna s\u00e4ljer hon i hennes galleri p\u00e5 Gjut\u00e5s vid Dalslands Kanalen.\",\"potentialAction\":[{\"@type\":\"SearchAction\",\"target\":{\"@type\":\"EntryPoint\",\"urlTemplate\":\"https:\\\/\\\/www.gittas-verkstad.com\\\/se\\\/?s={search_term_string}\"},\"query-input\":{\"@type\":\"PropertyValueSpecification\",\"valueRequired\":true,\"valueName\":\"search_term_string\"}}],\"inLanguage\":\"sv-SE\"},{\"@type\":\"Person\",\"@id\":\"https:\\\/\\\/www.gittas-verkstad.com\\\/se\\\/#\\\/schema\\\/person\\\/66efc41949b9b5d43667d40db8dfcc57\",\"name\":\"gitta\",\"url\":\"https:\\\/\\\/www.gittas-verkstad.com\\\/se\\\/author\\\/gitta\\\/\"}]}<\/script>\n<!-- \/ Yoast SEO plugin. -->","yoast_head_json":{"title":"Julmarknaden i Lennartsfors p\u00e5g\u00e5r nu igen efter ett \u00e5rs uppeh\u00e5ll","description":"Julmarknaden i Lennartsfors p\u00e5g\u00e5r nu igen efter ett \u00e5rs uppeh\u00e5ll. Den 4 och 5 december kl11.00-16.00 kommer ett 20-tal hantverkare","robots":{"index":"index","follow":"follow","max-snippet":"max-snippet:-1","max-image-preview":"max-image-preview:large","max-video-preview":"max-video-preview:-1"},"canonical":"https:\/\/www.gittas-verkstad.com\/se\/aktuellt\/julmarknad-i-lennartsfors-4-och-5-december-2021\/","og_locale":"sv_SE","og_type":"article","og_title":"Julmarknaden i Lennartsfors p\u00e5g\u00e5r nu igen efter ett \u00e5rs uppeh\u00e5ll","og_description":"Julmarknaden i Lennartsfors p\u00e5g\u00e5r nu igen efter ett \u00e5rs uppeh\u00e5ll. Den 4 och 5 december kl11.00-16.00 kommer ett 20-tal hantverkare","og_url":"https:\/\/www.gittas-verkstad.com\/se\/aktuellt\/julmarknad-i-lennartsfors-4-och-5-december-2021\/","og_site_name":"Gittas verkstad v\u00e4v, konst, design \/ se \/ Lennartsfors","article_published_time":"2021-11-25T15:08:37+00:00","article_modified_time":"2022-01-11T15:19:08+00:00","og_image":[{"width":1680,"height":400,"url":"https:\/\/www.gittas-verkstad.com\/se\/wp-content\/uploads\/sites\/12\/2022\/01\/Julmarknad-Lennartsfors-2021-Gittas-verkstad.jpg","type":"image\/jpeg"}],"author":"gitta","twitter_card":"summary_large_image","twitter_misc":{"Skriven av":"gitta","Ber\u00e4knad l\u00e4stid":"1 minut"},"schema":{"@context":"https:\/\/schema.org","@graph":[{"@type":"Article","@id":"https:\/\/www.gittas-verkstad.com\/se\/aktuellt\/julmarknad-i-lennartsfors-4-och-5-december-2021\/#article","isPartOf":{"@id":"https:\/\/www.gittas-verkstad.com\/se\/aktuellt\/julmarknad-i-lennartsfors-4-och-5-december-2021\/"},"author":{"name":"gitta","@id":"https:\/\/www.gittas-verkstad.com\/se\/#\/schema\/person\/66efc41949b9b5d43667d40db8dfcc57"},"headline":"Julmarknad i Lennartsfors 4 och 5 december 2021","datePublished":"2021-11-25T15:08:37+00:00","dateModified":"2022-01-11T15:19:08+00:00","mainEntityOfPage":{"@id":"https:\/\/www.gittas-verkstad.com\/se\/aktuellt\/julmarknad-i-lennartsfors-4-och-5-december-2021\/"},"wordCount":126,"image":{"@id":"https:\/\/www.gittas-verkstad.com\/se\/aktuellt\/julmarknad-i-lennartsfors-4-och-5-december-2021\/#primaryimage"},"thumbnailUrl":"https:\/\/www.gittas-verkstad.com\/se\/wp-content\/uploads\/sites\/12\/2022\/01\/Julmarknad-Lennartsfors-2021-Gittas-verkstad.jpg","keywords":["bildv\u00e4v","Gittas verkstad","handv\u00e4vda sjalar","Julmarknad","Lennartsfors","Nils Holgersson","ponchos"],"articleSection":["Aktuellt"],"inLanguage":"sv-SE"},{"@type":"WebPage","@id":"https:\/\/www.gittas-verkstad.com\/se\/aktuellt\/julmarknad-i-lennartsfors-4-och-5-december-2021\/","url":"https:\/\/www.gittas-verkstad.com\/se\/aktuellt\/julmarknad-i-lennartsfors-4-och-5-december-2021\/","name":"Julmarknaden i Lennartsfors p\u00e5g\u00e5r nu igen efter ett \u00e5rs uppeh\u00e5ll","isPartOf":{"@id":"https:\/\/www.gittas-verkstad.com\/se\/#website"},"primaryImageOfPage":{"@id":"https:\/\/www.gittas-verkstad.com\/se\/aktuellt\/julmarknad-i-lennartsfors-4-och-5-december-2021\/#primaryimage"},"image":{"@id":"https:\/\/www.gittas-verkstad.com\/se\/aktuellt\/julmarknad-i-lennartsfors-4-och-5-december-2021\/#primaryimage"},"thumbnailUrl":"https:\/\/www.gittas-verkstad.com\/se\/wp-content\/uploads\/sites\/12\/2022\/01\/Julmarknad-Lennartsfors-2021-Gittas-verkstad.jpg","datePublished":"2021-11-25T15:08:37+00:00","dateModified":"2022-01-11T15:19:08+00:00","author":{"@id":"https:\/\/www.gittas-verkstad.com\/se\/#\/schema\/person\/66efc41949b9b5d43667d40db8dfcc57"},"description":"Julmarknaden i Lennartsfors p\u00e5g\u00e5r nu igen efter ett \u00e5rs uppeh\u00e5ll. Den 4 och 5 december kl11.00-16.00 kommer ett 20-tal hantverkare","breadcrumb":{"@id":"https:\/\/www.gittas-verkstad.com\/se\/aktuellt\/julmarknad-i-lennartsfors-4-och-5-december-2021\/#breadcrumb"},"inLanguage":"sv-SE","potentialAction":[{"@type":"ReadAction","target":["https:\/\/www.gittas-verkstad.com\/se\/aktuellt\/julmarknad-i-lennartsfors-4-och-5-december-2021\/"]}]},{"@type":"ImageObject","inLanguage":"sv-SE","@id":"https:\/\/www.gittas-verkstad.com\/se\/aktuellt\/julmarknad-i-lennartsfors-4-och-5-december-2021\/#primaryimage","url":"https:\/\/www.gittas-verkstad.com\/se\/wp-content\/uploads\/sites\/12\/2022\/01\/Julmarknad-Lennartsfors-2021-Gittas-verkstad.jpg","contentUrl":"https:\/\/www.gittas-verkstad.com\/se\/wp-content\/uploads\/sites\/12\/2022\/01\/Julmarknad-Lennartsfors-2021-Gittas-verkstad.jpg","width":1680,"height":400,"caption":"Julmarknad-Lennartsfors-2021-Gittas-verkstad"},{"@type":"BreadcrumbList","@id":"https:\/\/www.gittas-verkstad.com\/se\/aktuellt\/julmarknad-i-lennartsfors-4-och-5-december-2021\/#breadcrumb","itemListElement":[{"@type":"ListItem","position":1,"name":"Startseite","item":"https:\/\/www.gittas-verkstad.com\/se\/"},{"@type":"ListItem","position":2,"name":"Julmarknad i Lennartsfors 4 och 5 december 2021"}]},{"@type":"WebSite","@id":"https:\/\/www.gittas-verkstad.com\/se\/#website","url":"https:\/\/www.gittas-verkstad.com\/se\/","name":"Gittas verkstad v\u00e4v, konst, design \/ se \/ Lennartsfors","description":"Gitta driver en verkstad f\u00f6r v\u00e4vning, konst och design i Lennartsfors. De handgjorda produkterna s\u00e4ljer hon i hennes galleri p\u00e5 Gjut\u00e5s vid Dalslands Kanalen.","potentialAction":[{"@type":"SearchAction","target":{"@type":"EntryPoint","urlTemplate":"https:\/\/www.gittas-verkstad.com\/se\/?s={search_term_string}"},"query-input":{"@type":"PropertyValueSpecification","valueRequired":true,"valueName":"search_term_string"}}],"inLanguage":"sv-SE"},{"@type":"Person","@id":"https:\/\/www.gittas-verkstad.com\/se\/#\/schema\/person\/66efc41949b9b5d43667d40db8dfcc57","name":"gitta","url":"https:\/\/www.gittas-verkstad.com\/se\/author\/gitta\/"}]}},"_links":{"self":[{"href":"https:\/\/www.gittas-verkstad.com\/se\/wp-json\/wp\/v2\/posts\/1754","targetHints":{"allow":["GET"]}}],"collection":[{"href":"https:\/\/www.gittas-verkstad.com\/se\/wp-json\/wp\/v2\/posts"}],"about":[{"href":"https:\/\/www.gittas-verkstad.com\/se\/wp-json\/wp\/v2\/types\/post"}],"author":[{"embeddable":true,"href":"https:\/\/www.gittas-verkstad.com\/se\/wp-json\/wp\/v2\/users\/1"}],"replies":[{"embeddable":true,"href":"https:\/\/www.gittas-verkstad.com\/se\/wp-json\/wp\/v2\/comments?post=1754"}],"version-history":[{"count":1,"href":"https:\/\/www.gittas-verkstad.com\/se\/wp-json\/wp\/v2\/posts\/1754\/revisions"}],"predecessor-version":[{"id":1756,"href":"https:\/\/www.gittas-verkstad.com\/se\/wp-json\/wp\/v2\/posts\/1754\/revisions\/1756"}],"wp:featuredmedia":[{"embeddable":true,"href":"https:\/\/www.gittas-verkstad.com\/se\/wp-json\/wp\/v2\/media\/1755"}],"wp:attachment":[{"href":"https:\/\/www.gittas-verkstad.com\/se\/wp-json\/wp\/v2\/media?parent=1754"}],"wp:term":[{"taxonomy":"category","embeddable":true,"href":"https:\/\/www.gittas-verkstad.com\/se\/wp-json\/wp\/v2\/categories?post=1754"},{"taxonomy":"post_tag","embeddable":true,"href":"https:\/\/www.gittas-verkstad.com\/se\/wp-json\/wp\/v2\/tags?post=1754"}],"curies":[{"name":"wp","href":"https:\/\/api.w.org\/{rel}","templated":true}]}}