{"id":1730,"date":"2021-09-01T17:50:57","date_gmt":"2021-09-01T15:50:57","guid":{"rendered":"https:\/\/www.gittas-verkstad.com\/se\/?p=1730"},"modified":"2021-09-12T21:12:14","modified_gmt":"2021-09-12T19:12:14","slug":"sommarsasongen-2021-ar-over","status":"publish","type":"post","link":"https:\/\/www.gittas-verkstad.com\/se\/aktuellt\/sommarsasongen-2021-ar-over\/","title":{"rendered":"Sommars\u00e4songen 2021 \u00e4r \u00f6ver"},"content":{"rendered":"<p>Sommars\u00e4songen 2021 med best\u00e4mda \u00f6ppettider \u00e4r \u00f6ver och jag tackar alla som bes\u00f6kte Gittas Verkstad denna sommar f\u00f6r att titta, handla eller v\u00e4xtf\u00e4rger.<\/p>\n<p>F\u00f6r n\u00e4rvarande har jag \u00f6ppet n\u00e4r vi hemma och tiden passar. Om du planerar att komma \u00e4r det b\u00e4st att ringa 073 838 56 82 i f\u00f6rv\u00e4g.<\/p>\n<p>Jag ser fram emot ditt bes\u00f6k och \u00f6nskar dig en fortsatt fin sensommar och en f\u00e4rgrik h\u00f6st.<\/p>\n","protected":false},"excerpt":{"rendered":"<p>Sommars\u00e4songen 2021 med best\u00e4mda \u00f6ppettider \u00e4r \u00f6ver och jag tackar alla som bes\u00f6kte Gittas Verkstad denna sommar f\u00f6r att titta, handla eller v\u00e4xtf\u00e4rger. F\u00f6r n\u00e4rvarande har jag \u00f6ppet n\u00e4r vi hemma och tiden passar. Om du planerar att komma \u00e4r <a class=\"more-link\" href=\"https:\/\/www.gittas-verkstad.com\/se\/aktuellt\/sommarsasongen-2021-ar-over\/\">l\u00e4s mer&#8230;<\/a><\/p>\n","protected":false},"author":1,"featured_media":1731,"comment_status":"closed","ping_status":"closed","sticky":false,"template":"","format":"standard","meta":{"footnotes":""},"categories":[2],"tags":[8,334,307,335],"class_list":["post-1730","post","type-post","status-publish","format-standard","has-post-thumbnail","hentry","category-aktuellt","tag-gittas-verkstad","tag-sommarsaisong-2021","tag-sommarsasong","tag-vaxtfarga"],"yoast_head":"<!-- This site is optimized with the Yoast SEO plugin v27.5 - https:\/\/yoast.com\/product\/yoast-seo-wordpress\/ -->\n<title>Sommars\u00e4songen 2021 \u00e4r \u00f6ver och jag tackar alla<\/title>\n<meta name=\"description\" content=\"Sommars\u00e4songen 2021 med best\u00e4mda \u00f6ppettider \u00e4r \u00f6ver och jag tackar alla som bes\u00f6kte Gittas Verkstad denna sommar\" \/>\n<meta name=\"robots\" content=\"index, follow, max-snippet:-1, max-image-preview:large, max-video-preview:-1\" \/>\n<link rel=\"canonical\" href=\"https:\/\/www.gittas-verkstad.com\/se\/aktuellt\/sommarsasongen-2021-ar-over\/\" \/>\n<meta property=\"og:locale\" content=\"sv_SE\" \/>\n<meta property=\"og:type\" content=\"article\" \/>\n<meta property=\"og:title\" content=\"Sommars\u00e4songen 2021 \u00e4r \u00f6ver och jag tackar alla\" \/>\n<meta property=\"og:description\" content=\"Sommars\u00e4songen 2021 med best\u00e4mda \u00f6ppettider \u00e4r \u00f6ver och jag tackar alla som bes\u00f6kte Gittas Verkstad denna sommar\" \/>\n<meta property=\"og:url\" content=\"https:\/\/www.gittas-verkstad.com\/se\/aktuellt\/sommarsasongen-2021-ar-over\/\" \/>\n<meta property=\"og:site_name\" content=\"Gittas verkstad v\u00e4v, konst, design \/ se \/ Lennartsfors\" \/>\n<meta property=\"article:published_time\" content=\"2021-09-01T15:50:57+00:00\" \/>\n<meta property=\"article:modified_time\" content=\"2021-09-12T19:12:14+00:00\" \/>\n<meta property=\"og:image\" content=\"https:\/\/www.gittas-verkstad.com\/se\/wp-content\/uploads\/sites\/12\/2021\/09\/sommarsasong-2021-ar-over-Gittas-verkstad.jpg\" \/>\n\t<meta property=\"og:image:width\" content=\"1680\" \/>\n\t<meta property=\"og:image:height\" content=\"399\" \/>\n\t<meta property=\"og:image:type\" content=\"image\/jpeg\" \/>\n<meta name=\"author\" content=\"gitta\" \/>\n<meta name=\"twitter:card\" content=\"summary_large_image\" \/>\n<meta name=\"twitter:label1\" content=\"Skriven av\" \/>\n\t<meta name=\"twitter:data1\" content=\"gitta\" \/>\n<script type=\"application\/ld+json\" class=\"yoast-schema-graph\">{\"@context\":\"https:\\\/\\\/schema.org\",\"@graph\":[{\"@type\":\"Article\",\"@id\":\"https:\\\/\\\/www.gittas-verkstad.com\\\/se\\\/aktuellt\\\/sommarsasongen-2021-ar-over\\\/#article\",\"isPartOf\":{\"@id\":\"https:\\\/\\\/www.gittas-verkstad.com\\\/se\\\/aktuellt\\\/sommarsasongen-2021-ar-over\\\/\"},\"author\":{\"name\":\"gitta\",\"@id\":\"https:\\\/\\\/www.gittas-verkstad.com\\\/se\\\/#\\\/schema\\\/person\\\/66efc41949b9b5d43667d40db8dfcc57\"},\"headline\":\"Sommars\u00e4songen 2021 \u00e4r \u00f6ver\",\"datePublished\":\"2021-09-01T15:50:57+00:00\",\"dateModified\":\"2021-09-12T19:12:14+00:00\",\"mainEntityOfPage\":{\"@id\":\"https:\\\/\\\/www.gittas-verkstad.com\\\/se\\\/aktuellt\\\/sommarsasongen-2021-ar-over\\\/\"},\"wordCount\":81,\"image\":{\"@id\":\"https:\\\/\\\/www.gittas-verkstad.com\\\/se\\\/aktuellt\\\/sommarsasongen-2021-ar-over\\\/#primaryimage\"},\"thumbnailUrl\":\"https:\\\/\\\/www.gittas-verkstad.com\\\/se\\\/wp-content\\\/uploads\\\/sites\\\/12\\\/2021\\\/09\\\/sommarsasong-2021-ar-over-Gittas-verkstad.jpg\",\"keywords\":[\"Gittas verkstad\",\"sommarsaisong 2021\",\"sommars\u00e4song\",\"v\u00e4xtf\u00e4rga\"],\"articleSection\":[\"Aktuellt\"],\"inLanguage\":\"sv-SE\"},{\"@type\":\"WebPage\",\"@id\":\"https:\\\/\\\/www.gittas-verkstad.com\\\/se\\\/aktuellt\\\/sommarsasongen-2021-ar-over\\\/\",\"url\":\"https:\\\/\\\/www.gittas-verkstad.com\\\/se\\\/aktuellt\\\/sommarsasongen-2021-ar-over\\\/\",\"name\":\"Sommars\u00e4songen 2021 \u00e4r \u00f6ver och jag tackar alla\",\"isPartOf\":{\"@id\":\"https:\\\/\\\/www.gittas-verkstad.com\\\/se\\\/#website\"},\"primaryImageOfPage\":{\"@id\":\"https:\\\/\\\/www.gittas-verkstad.com\\\/se\\\/aktuellt\\\/sommarsasongen-2021-ar-over\\\/#primaryimage\"},\"image\":{\"@id\":\"https:\\\/\\\/www.gittas-verkstad.com\\\/se\\\/aktuellt\\\/sommarsasongen-2021-ar-over\\\/#primaryimage\"},\"thumbnailUrl\":\"https:\\\/\\\/www.gittas-verkstad.com\\\/se\\\/wp-content\\\/uploads\\\/sites\\\/12\\\/2021\\\/09\\\/sommarsasong-2021-ar-over-Gittas-verkstad.jpg\",\"datePublished\":\"2021-09-01T15:50:57+00:00\",\"dateModified\":\"2021-09-12T19:12:14+00:00\",\"author\":{\"@id\":\"https:\\\/\\\/www.gittas-verkstad.com\\\/se\\\/#\\\/schema\\\/person\\\/66efc41949b9b5d43667d40db8dfcc57\"},\"description\":\"Sommars\u00e4songen 2021 med best\u00e4mda \u00f6ppettider \u00e4r \u00f6ver och jag tackar alla som bes\u00f6kte Gittas Verkstad denna sommar\",\"breadcrumb\":{\"@id\":\"https:\\\/\\\/www.gittas-verkstad.com\\\/se\\\/aktuellt\\\/sommarsasongen-2021-ar-over\\\/#breadcrumb\"},\"inLanguage\":\"sv-SE\",\"potentialAction\":[{\"@type\":\"ReadAction\",\"target\":[\"https:\\\/\\\/www.gittas-verkstad.com\\\/se\\\/aktuellt\\\/sommarsasongen-2021-ar-over\\\/\"]}]},{\"@type\":\"ImageObject\",\"inLanguage\":\"sv-SE\",\"@id\":\"https:\\\/\\\/www.gittas-verkstad.com\\\/se\\\/aktuellt\\\/sommarsasongen-2021-ar-over\\\/#primaryimage\",\"url\":\"https:\\\/\\\/www.gittas-verkstad.com\\\/se\\\/wp-content\\\/uploads\\\/sites\\\/12\\\/2021\\\/09\\\/sommarsasong-2021-ar-over-Gittas-verkstad.jpg\",\"contentUrl\":\"https:\\\/\\\/www.gittas-verkstad.com\\\/se\\\/wp-content\\\/uploads\\\/sites\\\/12\\\/2021\\\/09\\\/sommarsasong-2021-ar-over-Gittas-verkstad.jpg\",\"width\":1680,\"height\":399,\"caption\":\"sommarsasong-2021-ar-over-Gittas-verkstad\"},{\"@type\":\"BreadcrumbList\",\"@id\":\"https:\\\/\\\/www.gittas-verkstad.com\\\/se\\\/aktuellt\\\/sommarsasongen-2021-ar-over\\\/#breadcrumb\",\"itemListElement\":[{\"@type\":\"ListItem\",\"position\":1,\"name\":\"Startseite\",\"item\":\"https:\\\/\\\/www.gittas-verkstad.com\\\/se\\\/\"},{\"@type\":\"ListItem\",\"position\":2,\"name\":\"Sommars\u00e4songen 2021 \u00e4r \u00f6ver\"}]},{\"@type\":\"WebSite\",\"@id\":\"https:\\\/\\\/www.gittas-verkstad.com\\\/se\\\/#website\",\"url\":\"https:\\\/\\\/www.gittas-verkstad.com\\\/se\\\/\",\"name\":\"Gittas verkstad v\u00e4v, konst, design \\\/ se \\\/ Lennartsfors\",\"description\":\"Gitta driver en verkstad f\u00f6r v\u00e4vning, konst och design i Lennartsfors. De handgjorda produkterna s\u00e4ljer hon i hennes galleri p\u00e5 Gjut\u00e5s vid Dalslands Kanalen.\",\"potentialAction\":[{\"@type\":\"SearchAction\",\"target\":{\"@type\":\"EntryPoint\",\"urlTemplate\":\"https:\\\/\\\/www.gittas-verkstad.com\\\/se\\\/?s={search_term_string}\"},\"query-input\":{\"@type\":\"PropertyValueSpecification\",\"valueRequired\":true,\"valueName\":\"search_term_string\"}}],\"inLanguage\":\"sv-SE\"},{\"@type\":\"Person\",\"@id\":\"https:\\\/\\\/www.gittas-verkstad.com\\\/se\\\/#\\\/schema\\\/person\\\/66efc41949b9b5d43667d40db8dfcc57\",\"name\":\"gitta\",\"url\":\"https:\\\/\\\/www.gittas-verkstad.com\\\/se\\\/author\\\/gitta\\\/\"}]}<\/script>\n<!-- \/ Yoast SEO plugin. -->","yoast_head_json":{"title":"Sommars\u00e4songen 2021 \u00e4r \u00f6ver och jag tackar alla","description":"Sommars\u00e4songen 2021 med best\u00e4mda \u00f6ppettider \u00e4r \u00f6ver och jag tackar alla som bes\u00f6kte Gittas Verkstad denna sommar","robots":{"index":"index","follow":"follow","max-snippet":"max-snippet:-1","max-image-preview":"max-image-preview:large","max-video-preview":"max-video-preview:-1"},"canonical":"https:\/\/www.gittas-verkstad.com\/se\/aktuellt\/sommarsasongen-2021-ar-over\/","og_locale":"sv_SE","og_type":"article","og_title":"Sommars\u00e4songen 2021 \u00e4r \u00f6ver och jag tackar alla","og_description":"Sommars\u00e4songen 2021 med best\u00e4mda \u00f6ppettider \u00e4r \u00f6ver och jag tackar alla som bes\u00f6kte Gittas Verkstad denna sommar","og_url":"https:\/\/www.gittas-verkstad.com\/se\/aktuellt\/sommarsasongen-2021-ar-over\/","og_site_name":"Gittas verkstad v\u00e4v, konst, design \/ se \/ Lennartsfors","article_published_time":"2021-09-01T15:50:57+00:00","article_modified_time":"2021-09-12T19:12:14+00:00","og_image":[{"width":1680,"height":399,"url":"https:\/\/www.gittas-verkstad.com\/se\/wp-content\/uploads\/sites\/12\/2021\/09\/sommarsasong-2021-ar-over-Gittas-verkstad.jpg","type":"image\/jpeg"}],"author":"gitta","twitter_card":"summary_large_image","twitter_misc":{"Skriven av":"gitta"},"schema":{"@context":"https:\/\/schema.org","@graph":[{"@type":"Article","@id":"https:\/\/www.gittas-verkstad.com\/se\/aktuellt\/sommarsasongen-2021-ar-over\/#article","isPartOf":{"@id":"https:\/\/www.gittas-verkstad.com\/se\/aktuellt\/sommarsasongen-2021-ar-over\/"},"author":{"name":"gitta","@id":"https:\/\/www.gittas-verkstad.com\/se\/#\/schema\/person\/66efc41949b9b5d43667d40db8dfcc57"},"headline":"Sommars\u00e4songen 2021 \u00e4r \u00f6ver","datePublished":"2021-09-01T15:50:57+00:00","dateModified":"2021-09-12T19:12:14+00:00","mainEntityOfPage":{"@id":"https:\/\/www.gittas-verkstad.com\/se\/aktuellt\/sommarsasongen-2021-ar-over\/"},"wordCount":81,"image":{"@id":"https:\/\/www.gittas-verkstad.com\/se\/aktuellt\/sommarsasongen-2021-ar-over\/#primaryimage"},"thumbnailUrl":"https:\/\/www.gittas-verkstad.com\/se\/wp-content\/uploads\/sites\/12\/2021\/09\/sommarsasong-2021-ar-over-Gittas-verkstad.jpg","keywords":["Gittas verkstad","sommarsaisong 2021","sommars\u00e4song","v\u00e4xtf\u00e4rga"],"articleSection":["Aktuellt"],"inLanguage":"sv-SE"},{"@type":"WebPage","@id":"https:\/\/www.gittas-verkstad.com\/se\/aktuellt\/sommarsasongen-2021-ar-over\/","url":"https:\/\/www.gittas-verkstad.com\/se\/aktuellt\/sommarsasongen-2021-ar-over\/","name":"Sommars\u00e4songen 2021 \u00e4r \u00f6ver och jag tackar alla","isPartOf":{"@id":"https:\/\/www.gittas-verkstad.com\/se\/#website"},"primaryImageOfPage":{"@id":"https:\/\/www.gittas-verkstad.com\/se\/aktuellt\/sommarsasongen-2021-ar-over\/#primaryimage"},"image":{"@id":"https:\/\/www.gittas-verkstad.com\/se\/aktuellt\/sommarsasongen-2021-ar-over\/#primaryimage"},"thumbnailUrl":"https:\/\/www.gittas-verkstad.com\/se\/wp-content\/uploads\/sites\/12\/2021\/09\/sommarsasong-2021-ar-over-Gittas-verkstad.jpg","datePublished":"2021-09-01T15:50:57+00:00","dateModified":"2021-09-12T19:12:14+00:00","author":{"@id":"https:\/\/www.gittas-verkstad.com\/se\/#\/schema\/person\/66efc41949b9b5d43667d40db8dfcc57"},"description":"Sommars\u00e4songen 2021 med best\u00e4mda \u00f6ppettider \u00e4r \u00f6ver och jag tackar alla som bes\u00f6kte Gittas Verkstad denna sommar","breadcrumb":{"@id":"https:\/\/www.gittas-verkstad.com\/se\/aktuellt\/sommarsasongen-2021-ar-over\/#breadcrumb"},"inLanguage":"sv-SE","potentialAction":[{"@type":"ReadAction","target":["https:\/\/www.gittas-verkstad.com\/se\/aktuellt\/sommarsasongen-2021-ar-over\/"]}]},{"@type":"ImageObject","inLanguage":"sv-SE","@id":"https:\/\/www.gittas-verkstad.com\/se\/aktuellt\/sommarsasongen-2021-ar-over\/#primaryimage","url":"https:\/\/www.gittas-verkstad.com\/se\/wp-content\/uploads\/sites\/12\/2021\/09\/sommarsasong-2021-ar-over-Gittas-verkstad.jpg","contentUrl":"https:\/\/www.gittas-verkstad.com\/se\/wp-content\/uploads\/sites\/12\/2021\/09\/sommarsasong-2021-ar-over-Gittas-verkstad.jpg","width":1680,"height":399,"caption":"sommarsasong-2021-ar-over-Gittas-verkstad"},{"@type":"BreadcrumbList","@id":"https:\/\/www.gittas-verkstad.com\/se\/aktuellt\/sommarsasongen-2021-ar-over\/#breadcrumb","itemListElement":[{"@type":"ListItem","position":1,"name":"Startseite","item":"https:\/\/www.gittas-verkstad.com\/se\/"},{"@type":"ListItem","position":2,"name":"Sommars\u00e4songen 2021 \u00e4r \u00f6ver"}]},{"@type":"WebSite","@id":"https:\/\/www.gittas-verkstad.com\/se\/#website","url":"https:\/\/www.gittas-verkstad.com\/se\/","name":"Gittas verkstad v\u00e4v, konst, design \/ se \/ Lennartsfors","description":"Gitta driver en verkstad f\u00f6r v\u00e4vning, konst och design i Lennartsfors. De handgjorda produkterna s\u00e4ljer hon i hennes galleri p\u00e5 Gjut\u00e5s vid Dalslands Kanalen.","potentialAction":[{"@type":"SearchAction","target":{"@type":"EntryPoint","urlTemplate":"https:\/\/www.gittas-verkstad.com\/se\/?s={search_term_string}"},"query-input":{"@type":"PropertyValueSpecification","valueRequired":true,"valueName":"search_term_string"}}],"inLanguage":"sv-SE"},{"@type":"Person","@id":"https:\/\/www.gittas-verkstad.com\/se\/#\/schema\/person\/66efc41949b9b5d43667d40db8dfcc57","name":"gitta","url":"https:\/\/www.gittas-verkstad.com\/se\/author\/gitta\/"}]}},"_links":{"self":[{"href":"https:\/\/www.gittas-verkstad.com\/se\/wp-json\/wp\/v2\/posts\/1730","targetHints":{"allow":["GET"]}}],"collection":[{"href":"https:\/\/www.gittas-verkstad.com\/se\/wp-json\/wp\/v2\/posts"}],"about":[{"href":"https:\/\/www.gittas-verkstad.com\/se\/wp-json\/wp\/v2\/types\/post"}],"author":[{"embeddable":true,"href":"https:\/\/www.gittas-verkstad.com\/se\/wp-json\/wp\/v2\/users\/1"}],"replies":[{"embeddable":true,"href":"https:\/\/www.gittas-verkstad.com\/se\/wp-json\/wp\/v2\/comments?post=1730"}],"version-history":[{"count":3,"href":"https:\/\/www.gittas-verkstad.com\/se\/wp-json\/wp\/v2\/posts\/1730\/revisions"}],"predecessor-version":[{"id":1739,"href":"https:\/\/www.gittas-verkstad.com\/se\/wp-json\/wp\/v2\/posts\/1730\/revisions\/1739"}],"wp:featuredmedia":[{"embeddable":true,"href":"https:\/\/www.gittas-verkstad.com\/se\/wp-json\/wp\/v2\/media\/1731"}],"wp:attachment":[{"href":"https:\/\/www.gittas-verkstad.com\/se\/wp-json\/wp\/v2\/media?parent=1730"}],"wp:term":[{"taxonomy":"category","embeddable":true,"href":"https:\/\/www.gittas-verkstad.com\/se\/wp-json\/wp\/v2\/categories?post=1730"},{"taxonomy":"post_tag","embeddable":true,"href":"https:\/\/www.gittas-verkstad.com\/se\/wp-json\/wp\/v2\/tags?post=1730"}],"curies":[{"name":"wp","href":"https:\/\/api.w.org\/{rel}","templated":true}]}}