{"id":1723,"date":"2021-07-01T21:54:04","date_gmt":"2021-07-01T19:54:04","guid":{"rendered":"https:\/\/www.gittas-verkstad.com\/se\/?p=1723"},"modified":"2021-07-09T23:52:00","modified_gmt":"2021-07-09T21:52:00","slug":"sommarutstallning-2021","status":"publish","type":"post","link":"https:\/\/www.gittas-verkstad.com\/se\/aktuellt\/sommarutstallning-2021\/","title":{"rendered":"Sommarutst\u00e4llning 2021"},"content":{"rendered":"<p>Min sommarutst\u00e4llning 2021 \u00e4r \u00f6ppen i juli och augusti varje fredag \u200b\u200boch l\u00f6rdag fr\u00e5n 11:00 till 17:00.<br \/>\nOm du vill komma en annan dag \u00e4r det b\u00e4st att ringa till oss i f\u00f6rv\u00e4g p\u00e5 073 838 56 82.<br \/>\nD\u00e5 \u00e4r du s\u00e4ker p\u00e5 att vi ocks\u00e5 \u00e4r hemma.<\/p>\n<p>I min utst\u00e4llning hittar du fina saker som jag och min man har v\u00e4vt, sytt, m\u00e5lat och svarvart \u00f6ver vintern. Kanske finns det en souvenir eller en present till dig. Dessutom kan du se min verkstad med tre v\u00e4vstolar och vi kan prata lite om v\u00e4vning.<\/p>\n<p>V\u00e4lkommen till Gittas Verkstad och butik p\u00e5 v\u00e5r lilla g\u00e5rd Gjut\u00e5s i K\u00e4llsbyn Lennartsfors vid Dalslands Kanal!<\/p>\n","protected":false},"excerpt":{"rendered":"<p>Min sommarutst\u00e4llning 2021 \u00e4r \u00f6ppen i juli och augusti varje fredag \u200b\u200boch l\u00f6rdag fr\u00e5n 11:00 till 17:00. Om du vill komma en annan dag \u00e4r det b\u00e4st att ringa till oss i f\u00f6rv\u00e4g p\u00e5 073 838 56 82. D\u00e5 \u00e4r <a class=\"more-link\" href=\"https:\/\/www.gittas-verkstad.com\/se\/aktuellt\/sommarutstallning-2021\/\">l\u00e4s mer&#8230;<\/a><\/p>\n","protected":false},"author":1,"featured_media":1724,"comment_status":"closed","ping_status":"closed","sticky":false,"template":"","format":"standard","meta":{"footnotes":""},"categories":[2],"tags":[8,71,72,73,312,332,333],"class_list":["post-1723","post","type-post","status-publish","format-standard","has-post-thumbnail","hentry","category-aktuellt","tag-gittas-verkstad","tag-gjutas","tag-kaellsbyn","tag-lennartsfors","tag-present","tag-sommarutstallning-2021","tag-souvenier"],"yoast_head":"<!-- This site is optimized with the Yoast SEO plugin v27.5 - https:\/\/yoast.com\/product\/yoast-seo-wordpress\/ -->\n<title>Min sommarutst\u00e4llning 2021 \u00e4r \u00f6ppen i juli och augusti<\/title>\n<meta name=\"description\" content=\"Min sommarutst\u00e4llning 2021 \u00e4r \u00f6ppen i juli och augusti varje fredag \u200b\u200boch l\u00f6rdag fr\u00e5n 11:00 till 17:00.Om du vill komma en annan dag\" \/>\n<meta name=\"robots\" content=\"index, follow, max-snippet:-1, max-image-preview:large, max-video-preview:-1\" \/>\n<link rel=\"canonical\" href=\"https:\/\/www.gittas-verkstad.com\/se\/aktuellt\/sommarutstallning-2021\/\" \/>\n<meta property=\"og:locale\" content=\"sv_SE\" \/>\n<meta property=\"og:type\" content=\"article\" \/>\n<meta property=\"og:title\" content=\"Min sommarutst\u00e4llning 2021 \u00e4r \u00f6ppen i juli och augusti\" \/>\n<meta property=\"og:description\" content=\"Min sommarutst\u00e4llning 2021 \u00e4r \u00f6ppen i juli och augusti varje fredag \u200b\u200boch l\u00f6rdag fr\u00e5n 11:00 till 17:00.Om du vill komma en annan dag\" \/>\n<meta property=\"og:url\" content=\"https:\/\/www.gittas-verkstad.com\/se\/aktuellt\/sommarutstallning-2021\/\" \/>\n<meta property=\"og:site_name\" content=\"Gittas verkstad v\u00e4v, konst, design \/ se \/ Lennartsfors\" \/>\n<meta property=\"article:published_time\" content=\"2021-07-01T19:54:04+00:00\" \/>\n<meta property=\"article:modified_time\" content=\"2021-07-09T21:52:00+00:00\" \/>\n<meta property=\"og:image\" content=\"https:\/\/www.gittas-verkstad.com\/se\/wp-content\/uploads\/sites\/12\/2021\/07\/Sommarutstallning-2021.jpg\" \/>\n\t<meta property=\"og:image:width\" content=\"1680\" \/>\n\t<meta property=\"og:image:height\" content=\"400\" \/>\n\t<meta property=\"og:image:type\" content=\"image\/jpeg\" \/>\n<meta name=\"author\" content=\"gitta\" \/>\n<meta name=\"twitter:card\" content=\"summary_large_image\" \/>\n<meta name=\"twitter:label1\" content=\"Skriven av\" \/>\n\t<meta name=\"twitter:data1\" content=\"gitta\" \/>\n\t<meta name=\"twitter:label2\" content=\"Ber\u00e4knad l\u00e4stid\" \/>\n\t<meta name=\"twitter:data2\" content=\"1 minut\" \/>\n<script type=\"application\/ld+json\" class=\"yoast-schema-graph\">{\"@context\":\"https:\\\/\\\/schema.org\",\"@graph\":[{\"@type\":\"Article\",\"@id\":\"https:\\\/\\\/www.gittas-verkstad.com\\\/se\\\/aktuellt\\\/sommarutstallning-2021\\\/#article\",\"isPartOf\":{\"@id\":\"https:\\\/\\\/www.gittas-verkstad.com\\\/se\\\/aktuellt\\\/sommarutstallning-2021\\\/\"},\"author\":{\"name\":\"gitta\",\"@id\":\"https:\\\/\\\/www.gittas-verkstad.com\\\/se\\\/#\\\/schema\\\/person\\\/66efc41949b9b5d43667d40db8dfcc57\"},\"headline\":\"Sommarutst\u00e4llning 2021\",\"datePublished\":\"2021-07-01T19:54:04+00:00\",\"dateModified\":\"2021-07-09T21:52:00+00:00\",\"mainEntityOfPage\":{\"@id\":\"https:\\\/\\\/www.gittas-verkstad.com\\\/se\\\/aktuellt\\\/sommarutstallning-2021\\\/\"},\"wordCount\":123,\"image\":{\"@id\":\"https:\\\/\\\/www.gittas-verkstad.com\\\/se\\\/aktuellt\\\/sommarutstallning-2021\\\/#primaryimage\"},\"thumbnailUrl\":\"https:\\\/\\\/www.gittas-verkstad.com\\\/se\\\/wp-content\\\/uploads\\\/sites\\\/12\\\/2021\\\/07\\\/Sommarutstallning-2021.jpg\",\"keywords\":[\"Gittas verkstad\",\"Gjut\u00e5s\",\"K\u00e4llsbyn\",\"Lennartsfors\",\"present\",\"sommarutst\u00e4llning 2021\",\"souvenier\"],\"articleSection\":[\"Aktuellt\"],\"inLanguage\":\"sv-SE\"},{\"@type\":\"WebPage\",\"@id\":\"https:\\\/\\\/www.gittas-verkstad.com\\\/se\\\/aktuellt\\\/sommarutstallning-2021\\\/\",\"url\":\"https:\\\/\\\/www.gittas-verkstad.com\\\/se\\\/aktuellt\\\/sommarutstallning-2021\\\/\",\"name\":\"Min sommarutst\u00e4llning 2021 \u00e4r \u00f6ppen i juli och augusti\",\"isPartOf\":{\"@id\":\"https:\\\/\\\/www.gittas-verkstad.com\\\/se\\\/#website\"},\"primaryImageOfPage\":{\"@id\":\"https:\\\/\\\/www.gittas-verkstad.com\\\/se\\\/aktuellt\\\/sommarutstallning-2021\\\/#primaryimage\"},\"image\":{\"@id\":\"https:\\\/\\\/www.gittas-verkstad.com\\\/se\\\/aktuellt\\\/sommarutstallning-2021\\\/#primaryimage\"},\"thumbnailUrl\":\"https:\\\/\\\/www.gittas-verkstad.com\\\/se\\\/wp-content\\\/uploads\\\/sites\\\/12\\\/2021\\\/07\\\/Sommarutstallning-2021.jpg\",\"datePublished\":\"2021-07-01T19:54:04+00:00\",\"dateModified\":\"2021-07-09T21:52:00+00:00\",\"author\":{\"@id\":\"https:\\\/\\\/www.gittas-verkstad.com\\\/se\\\/#\\\/schema\\\/person\\\/66efc41949b9b5d43667d40db8dfcc57\"},\"description\":\"Min sommarutst\u00e4llning 2021 \u00e4r \u00f6ppen i juli och augusti varje fredag \u200b\u200boch l\u00f6rdag fr\u00e5n 11:00 till 17:00.Om du vill komma en annan dag\",\"breadcrumb\":{\"@id\":\"https:\\\/\\\/www.gittas-verkstad.com\\\/se\\\/aktuellt\\\/sommarutstallning-2021\\\/#breadcrumb\"},\"inLanguage\":\"sv-SE\",\"potentialAction\":[{\"@type\":\"ReadAction\",\"target\":[\"https:\\\/\\\/www.gittas-verkstad.com\\\/se\\\/aktuellt\\\/sommarutstallning-2021\\\/\"]}]},{\"@type\":\"ImageObject\",\"inLanguage\":\"sv-SE\",\"@id\":\"https:\\\/\\\/www.gittas-verkstad.com\\\/se\\\/aktuellt\\\/sommarutstallning-2021\\\/#primaryimage\",\"url\":\"https:\\\/\\\/www.gittas-verkstad.com\\\/se\\\/wp-content\\\/uploads\\\/sites\\\/12\\\/2021\\\/07\\\/Sommarutstallning-2021.jpg\",\"contentUrl\":\"https:\\\/\\\/www.gittas-verkstad.com\\\/se\\\/wp-content\\\/uploads\\\/sites\\\/12\\\/2021\\\/07\\\/Sommarutstallning-2021.jpg\",\"width\":1680,\"height\":400,\"caption\":\"sommarutst\u00e4llning-2021-gittas-verkstad\"},{\"@type\":\"BreadcrumbList\",\"@id\":\"https:\\\/\\\/www.gittas-verkstad.com\\\/se\\\/aktuellt\\\/sommarutstallning-2021\\\/#breadcrumb\",\"itemListElement\":[{\"@type\":\"ListItem\",\"position\":1,\"name\":\"Startseite\",\"item\":\"https:\\\/\\\/www.gittas-verkstad.com\\\/se\\\/\"},{\"@type\":\"ListItem\",\"position\":2,\"name\":\"Sommarutst\u00e4llning 2021\"}]},{\"@type\":\"WebSite\",\"@id\":\"https:\\\/\\\/www.gittas-verkstad.com\\\/se\\\/#website\",\"url\":\"https:\\\/\\\/www.gittas-verkstad.com\\\/se\\\/\",\"name\":\"Gittas verkstad v\u00e4v, konst, design \\\/ se \\\/ Lennartsfors\",\"description\":\"Gitta driver en verkstad f\u00f6r v\u00e4vning, konst och design i Lennartsfors. De handgjorda produkterna s\u00e4ljer hon i hennes galleri p\u00e5 Gjut\u00e5s vid Dalslands Kanalen.\",\"potentialAction\":[{\"@type\":\"SearchAction\",\"target\":{\"@type\":\"EntryPoint\",\"urlTemplate\":\"https:\\\/\\\/www.gittas-verkstad.com\\\/se\\\/?s={search_term_string}\"},\"query-input\":{\"@type\":\"PropertyValueSpecification\",\"valueRequired\":true,\"valueName\":\"search_term_string\"}}],\"inLanguage\":\"sv-SE\"},{\"@type\":\"Person\",\"@id\":\"https:\\\/\\\/www.gittas-verkstad.com\\\/se\\\/#\\\/schema\\\/person\\\/66efc41949b9b5d43667d40db8dfcc57\",\"name\":\"gitta\",\"url\":\"https:\\\/\\\/www.gittas-verkstad.com\\\/se\\\/author\\\/gitta\\\/\"}]}<\/script>\n<!-- \/ Yoast SEO plugin. -->","yoast_head_json":{"title":"Min sommarutst\u00e4llning 2021 \u00e4r \u00f6ppen i juli och augusti","description":"Min sommarutst\u00e4llning 2021 \u00e4r \u00f6ppen i juli och augusti varje fredag \u200b\u200boch l\u00f6rdag fr\u00e5n 11:00 till 17:00.Om du vill komma en annan dag","robots":{"index":"index","follow":"follow","max-snippet":"max-snippet:-1","max-image-preview":"max-image-preview:large","max-video-preview":"max-video-preview:-1"},"canonical":"https:\/\/www.gittas-verkstad.com\/se\/aktuellt\/sommarutstallning-2021\/","og_locale":"sv_SE","og_type":"article","og_title":"Min sommarutst\u00e4llning 2021 \u00e4r \u00f6ppen i juli och augusti","og_description":"Min sommarutst\u00e4llning 2021 \u00e4r \u00f6ppen i juli och augusti varje fredag \u200b\u200boch l\u00f6rdag fr\u00e5n 11:00 till 17:00.Om du vill komma en annan dag","og_url":"https:\/\/www.gittas-verkstad.com\/se\/aktuellt\/sommarutstallning-2021\/","og_site_name":"Gittas verkstad v\u00e4v, konst, design \/ se \/ Lennartsfors","article_published_time":"2021-07-01T19:54:04+00:00","article_modified_time":"2021-07-09T21:52:00+00:00","og_image":[{"width":1680,"height":400,"url":"https:\/\/www.gittas-verkstad.com\/se\/wp-content\/uploads\/sites\/12\/2021\/07\/Sommarutstallning-2021.jpg","type":"image\/jpeg"}],"author":"gitta","twitter_card":"summary_large_image","twitter_misc":{"Skriven av":"gitta","Ber\u00e4knad l\u00e4stid":"1 minut"},"schema":{"@context":"https:\/\/schema.org","@graph":[{"@type":"Article","@id":"https:\/\/www.gittas-verkstad.com\/se\/aktuellt\/sommarutstallning-2021\/#article","isPartOf":{"@id":"https:\/\/www.gittas-verkstad.com\/se\/aktuellt\/sommarutstallning-2021\/"},"author":{"name":"gitta","@id":"https:\/\/www.gittas-verkstad.com\/se\/#\/schema\/person\/66efc41949b9b5d43667d40db8dfcc57"},"headline":"Sommarutst\u00e4llning 2021","datePublished":"2021-07-01T19:54:04+00:00","dateModified":"2021-07-09T21:52:00+00:00","mainEntityOfPage":{"@id":"https:\/\/www.gittas-verkstad.com\/se\/aktuellt\/sommarutstallning-2021\/"},"wordCount":123,"image":{"@id":"https:\/\/www.gittas-verkstad.com\/se\/aktuellt\/sommarutstallning-2021\/#primaryimage"},"thumbnailUrl":"https:\/\/www.gittas-verkstad.com\/se\/wp-content\/uploads\/sites\/12\/2021\/07\/Sommarutstallning-2021.jpg","keywords":["Gittas verkstad","Gjut\u00e5s","K\u00e4llsbyn","Lennartsfors","present","sommarutst\u00e4llning 2021","souvenier"],"articleSection":["Aktuellt"],"inLanguage":"sv-SE"},{"@type":"WebPage","@id":"https:\/\/www.gittas-verkstad.com\/se\/aktuellt\/sommarutstallning-2021\/","url":"https:\/\/www.gittas-verkstad.com\/se\/aktuellt\/sommarutstallning-2021\/","name":"Min sommarutst\u00e4llning 2021 \u00e4r \u00f6ppen i juli och augusti","isPartOf":{"@id":"https:\/\/www.gittas-verkstad.com\/se\/#website"},"primaryImageOfPage":{"@id":"https:\/\/www.gittas-verkstad.com\/se\/aktuellt\/sommarutstallning-2021\/#primaryimage"},"image":{"@id":"https:\/\/www.gittas-verkstad.com\/se\/aktuellt\/sommarutstallning-2021\/#primaryimage"},"thumbnailUrl":"https:\/\/www.gittas-verkstad.com\/se\/wp-content\/uploads\/sites\/12\/2021\/07\/Sommarutstallning-2021.jpg","datePublished":"2021-07-01T19:54:04+00:00","dateModified":"2021-07-09T21:52:00+00:00","author":{"@id":"https:\/\/www.gittas-verkstad.com\/se\/#\/schema\/person\/66efc41949b9b5d43667d40db8dfcc57"},"description":"Min sommarutst\u00e4llning 2021 \u00e4r \u00f6ppen i juli och augusti varje fredag \u200b\u200boch l\u00f6rdag fr\u00e5n 11:00 till 17:00.Om du vill komma en annan dag","breadcrumb":{"@id":"https:\/\/www.gittas-verkstad.com\/se\/aktuellt\/sommarutstallning-2021\/#breadcrumb"},"inLanguage":"sv-SE","potentialAction":[{"@type":"ReadAction","target":["https:\/\/www.gittas-verkstad.com\/se\/aktuellt\/sommarutstallning-2021\/"]}]},{"@type":"ImageObject","inLanguage":"sv-SE","@id":"https:\/\/www.gittas-verkstad.com\/se\/aktuellt\/sommarutstallning-2021\/#primaryimage","url":"https:\/\/www.gittas-verkstad.com\/se\/wp-content\/uploads\/sites\/12\/2021\/07\/Sommarutstallning-2021.jpg","contentUrl":"https:\/\/www.gittas-verkstad.com\/se\/wp-content\/uploads\/sites\/12\/2021\/07\/Sommarutstallning-2021.jpg","width":1680,"height":400,"caption":"sommarutst\u00e4llning-2021-gittas-verkstad"},{"@type":"BreadcrumbList","@id":"https:\/\/www.gittas-verkstad.com\/se\/aktuellt\/sommarutstallning-2021\/#breadcrumb","itemListElement":[{"@type":"ListItem","position":1,"name":"Startseite","item":"https:\/\/www.gittas-verkstad.com\/se\/"},{"@type":"ListItem","position":2,"name":"Sommarutst\u00e4llning 2021"}]},{"@type":"WebSite","@id":"https:\/\/www.gittas-verkstad.com\/se\/#website","url":"https:\/\/www.gittas-verkstad.com\/se\/","name":"Gittas verkstad v\u00e4v, konst, design \/ se \/ Lennartsfors","description":"Gitta driver en verkstad f\u00f6r v\u00e4vning, konst och design i Lennartsfors. De handgjorda produkterna s\u00e4ljer hon i hennes galleri p\u00e5 Gjut\u00e5s vid Dalslands Kanalen.","potentialAction":[{"@type":"SearchAction","target":{"@type":"EntryPoint","urlTemplate":"https:\/\/www.gittas-verkstad.com\/se\/?s={search_term_string}"},"query-input":{"@type":"PropertyValueSpecification","valueRequired":true,"valueName":"search_term_string"}}],"inLanguage":"sv-SE"},{"@type":"Person","@id":"https:\/\/www.gittas-verkstad.com\/se\/#\/schema\/person\/66efc41949b9b5d43667d40db8dfcc57","name":"gitta","url":"https:\/\/www.gittas-verkstad.com\/se\/author\/gitta\/"}]}},"_links":{"self":[{"href":"https:\/\/www.gittas-verkstad.com\/se\/wp-json\/wp\/v2\/posts\/1723","targetHints":{"allow":["GET"]}}],"collection":[{"href":"https:\/\/www.gittas-verkstad.com\/se\/wp-json\/wp\/v2\/posts"}],"about":[{"href":"https:\/\/www.gittas-verkstad.com\/se\/wp-json\/wp\/v2\/types\/post"}],"author":[{"embeddable":true,"href":"https:\/\/www.gittas-verkstad.com\/se\/wp-json\/wp\/v2\/users\/1"}],"replies":[{"embeddable":true,"href":"https:\/\/www.gittas-verkstad.com\/se\/wp-json\/wp\/v2\/comments?post=1723"}],"version-history":[{"count":4,"href":"https:\/\/www.gittas-verkstad.com\/se\/wp-json\/wp\/v2\/posts\/1723\/revisions"}],"predecessor-version":[{"id":1728,"href":"https:\/\/www.gittas-verkstad.com\/se\/wp-json\/wp\/v2\/posts\/1723\/revisions\/1728"}],"wp:featuredmedia":[{"embeddable":true,"href":"https:\/\/www.gittas-verkstad.com\/se\/wp-json\/wp\/v2\/media\/1724"}],"wp:attachment":[{"href":"https:\/\/www.gittas-verkstad.com\/se\/wp-json\/wp\/v2\/media?parent=1723"}],"wp:term":[{"taxonomy":"category","embeddable":true,"href":"https:\/\/www.gittas-verkstad.com\/se\/wp-json\/wp\/v2\/categories?post=1723"},{"taxonomy":"post_tag","embeddable":true,"href":"https:\/\/www.gittas-verkstad.com\/se\/wp-json\/wp\/v2\/tags?post=1723"}],"curies":[{"name":"wp","href":"https:\/\/api.w.org\/{rel}","templated":true}]}}