{"id":1682,"date":"2021-04-03T21:08:33","date_gmt":"2021-04-03T19:08:33","guid":{"rendered":"https:\/\/www.gittas-verkstad.com\/se\/?p=1682"},"modified":"2021-04-04T18:51:15","modified_gmt":"2021-04-04T16:51:15","slug":"glad-pask-2021","status":"publish","type":"post","link":"https:\/\/www.gittas-verkstad.com\/se\/aktuellt\/glad-pask-2021\/","title":{"rendered":"Glad P\u00e5sk 2021"},"content":{"rendered":"<p>Glad P\u00e5sk 2021 \u00f6nskar Gittas Verkstad. Tr\u00e4dg\u00e5rden \u00e4r utsmyckad med bj\u00f6rkgrenar med f\u00e4rgglada f\u00e5rull tofsar. Vi planterade pens\u00e9er och p\u00e5skliljor. Allt s\u00e5 som vi gjorde de senaste \u00e5ren n\u00e4r vi f\u00f6rv\u00e4ntade oss g\u00e4ster fr\u00e5n konstrundan p\u00e5 P\u00e5sk.<\/p>\n<p>Men Konstrundan \u00c5rj\u00e4ngs Kommun \u00e4ger tyv\u00e4rr inte rum i \u00e5r. Vi tar en paus i \u00e5r. D\u00e5 passar det bra att Nordmarkens Pastorat tillsammans med kommunen har inlett en Kultur-runda i T\u00f6cksfors. 25 hantverkare visar sitt kreativa arbete i olika skyltf\u00f6nster och bidrar d\u00e4rmed till en inspirerande och hoppfull kulturvandring.<\/p>\n<p>Gittas Verkstad st\u00e4ller ut med keramikern Nilla Axelsson i f\u00f6nstren p\u00e5 Westra Wermlands Sparbank. Tillsammans med de fina vita keramiska sk\u00e5larna fr\u00e5n Nilla visar jag babyfiltar i f\u00f6nstret bredvid entr\u00e9n som g\u00e5vor f\u00f6r f\u00f6delse eller dop. I det andra skyltf\u00f6nstret visar jag en filt av siden och alpacka f\u00f6r vuxna och en krage av samma material.<\/p>\n<p>S\u00e5 trevligt att diakonen Annelie Morken tog initiativet till denna utst\u00e4llning. Utst\u00e4llningen kan ses i T\u00f6cksfors fram till 16 april.<\/p>\n<p>V\u00e4lkommen till skyltf\u00f6nsterutst\u00e4llningen i T\u00f6cksfors!<\/p>\n","protected":false},"excerpt":{"rendered":"<p>Glad P\u00e5sk 2021 \u00f6nskar Gittas Verkstad. Tr\u00e4dg\u00e5rden \u00e4r utsmyckad med bj\u00f6rkgrenar med f\u00e4rgglada f\u00e5rull tofsar. Vi planterade pens\u00e9er och p\u00e5skliljor. Allt s\u00e5 som vi gjorde de senaste \u00e5ren n\u00e4r vi f\u00f6rv\u00e4ntade oss g\u00e4ster fr\u00e5n konstrundan p\u00e5 P\u00e5sk. Men Konstrundan \u00c5rj\u00e4ngs <a class=\"more-link\" href=\"https:\/\/www.gittas-verkstad.com\/se\/aktuellt\/glad-pask-2021\/\">l\u00e4s mer&#8230;<\/a><\/p>\n","protected":false},"author":1,"featured_media":1685,"comment_status":"closed","ping_status":"closed","sticky":false,"template":"","format":"standard","meta":{"footnotes":""},"categories":[2],"tags":[83,165,328,326,329,327,8,323,324,61,164,325],"class_list":["post-1682","post","type-post","status-publish","format-standard","has-post-thumbnail","hentry","category-aktuellt","tag-alpacka","tag-arjaengs-kommun","tag-babyfilt","tag-dop-present","tag-filt","tag-fodelse-gava","tag-gittas-verkstad","tag-glad-pask-2021","tag-kulturrunda","tag-silke","tag-toecksfors","tag-westra-wermlands-sparbank"],"yoast_head":"<!-- This site is optimized with the Yoast SEO plugin v27.5 - https:\/\/yoast.com\/product\/yoast-seo-wordpress\/ -->\n<title>Glad P\u00e5sk 2021 \u00f6nskar Gittas Verkstad. Tr\u00e4dg\u00e5rden<\/title>\n<meta name=\"description\" content=\"Glad P\u00e5sk 2021 \u00f6nskar Gittas Verkstad. Tr\u00e4dg\u00e5rden \u00e4r utsmyckad med bj\u00f6rkgrenar med f\u00e4rgglada f\u00e5rull tofsar. Vi planterade pens\u00e9er\" \/>\n<meta name=\"robots\" content=\"index, follow, max-snippet:-1, max-image-preview:large, max-video-preview:-1\" \/>\n<link rel=\"canonical\" href=\"https:\/\/www.gittas-verkstad.com\/se\/aktuellt\/glad-pask-2021\/\" \/>\n<meta property=\"og:locale\" content=\"sv_SE\" \/>\n<meta property=\"og:type\" content=\"article\" \/>\n<meta property=\"og:title\" content=\"Glad P\u00e5sk 2021 \u00f6nskar Gittas Verkstad. Tr\u00e4dg\u00e5rden\" \/>\n<meta property=\"og:description\" content=\"Glad P\u00e5sk 2021 \u00f6nskar Gittas Verkstad. Tr\u00e4dg\u00e5rden \u00e4r utsmyckad med bj\u00f6rkgrenar med f\u00e4rgglada f\u00e5rull tofsar. Vi planterade pens\u00e9er\" \/>\n<meta property=\"og:url\" content=\"https:\/\/www.gittas-verkstad.com\/se\/aktuellt\/glad-pask-2021\/\" \/>\n<meta property=\"og:site_name\" content=\"Gittas verkstad v\u00e4v, konst, design \/ se \/ Lennartsfors\" \/>\n<meta property=\"article:published_time\" content=\"2021-04-03T19:08:33+00:00\" \/>\n<meta property=\"article:modified_time\" content=\"2021-04-04T16:51:15+00:00\" \/>\n<meta property=\"og:image\" content=\"https:\/\/www.gittas-verkstad.com\/se\/wp-content\/uploads\/sites\/12\/2021\/04\/Glad-pask-2021-gittas-verkstad-1.jpg\" \/>\n\t<meta property=\"og:image:width\" content=\"1680\" \/>\n\t<meta property=\"og:image:height\" content=\"400\" \/>\n\t<meta property=\"og:image:type\" content=\"image\/jpeg\" \/>\n<meta name=\"author\" content=\"gitta\" \/>\n<meta name=\"twitter:card\" content=\"summary_large_image\" \/>\n<meta name=\"twitter:label1\" content=\"Skriven av\" \/>\n\t<meta name=\"twitter:data1\" content=\"gitta\" \/>\n\t<meta name=\"twitter:label2\" content=\"Ber\u00e4knad l\u00e4stid\" \/>\n\t<meta name=\"twitter:data2\" content=\"1 minut\" \/>\n<script type=\"application\/ld+json\" class=\"yoast-schema-graph\">{\"@context\":\"https:\\\/\\\/schema.org\",\"@graph\":[{\"@type\":\"Article\",\"@id\":\"https:\\\/\\\/www.gittas-verkstad.com\\\/se\\\/aktuellt\\\/glad-pask-2021\\\/#article\",\"isPartOf\":{\"@id\":\"https:\\\/\\\/www.gittas-verkstad.com\\\/se\\\/aktuellt\\\/glad-pask-2021\\\/\"},\"author\":{\"name\":\"gitta\",\"@id\":\"https:\\\/\\\/www.gittas-verkstad.com\\\/se\\\/#\\\/schema\\\/person\\\/66efc41949b9b5d43667d40db8dfcc57\"},\"headline\":\"Glad P\u00e5sk 2021\",\"datePublished\":\"2021-04-03T19:08:33+00:00\",\"dateModified\":\"2021-04-04T16:51:15+00:00\",\"mainEntityOfPage\":{\"@id\":\"https:\\\/\\\/www.gittas-verkstad.com\\\/se\\\/aktuellt\\\/glad-pask-2021\\\/\"},\"wordCount\":205,\"image\":{\"@id\":\"https:\\\/\\\/www.gittas-verkstad.com\\\/se\\\/aktuellt\\\/glad-pask-2021\\\/#primaryimage\"},\"thumbnailUrl\":\"https:\\\/\\\/www.gittas-verkstad.com\\\/se\\\/wp-content\\\/uploads\\\/sites\\\/12\\\/2021\\\/04\\\/Glad-pask-2021-gittas-verkstad-1.jpg\",\"keywords\":[\"alpacka\",\"\u00c5rj\u00e4ngs Kommun\",\"babyfilt\",\"d\u00f6p present\",\"filt\",\"f\u00f6delse gava\",\"Gittas verkstad\",\"Glad p\u00e5sk 2021\",\"Kulturrunda\",\"silke\",\"T\u00f6cksfors\",\"Westra Wermlands Sparbank\"],\"articleSection\":[\"Aktuellt\"],\"inLanguage\":\"sv-SE\"},{\"@type\":\"WebPage\",\"@id\":\"https:\\\/\\\/www.gittas-verkstad.com\\\/se\\\/aktuellt\\\/glad-pask-2021\\\/\",\"url\":\"https:\\\/\\\/www.gittas-verkstad.com\\\/se\\\/aktuellt\\\/glad-pask-2021\\\/\",\"name\":\"Glad P\u00e5sk 2021 \u00f6nskar Gittas Verkstad. Tr\u00e4dg\u00e5rden\",\"isPartOf\":{\"@id\":\"https:\\\/\\\/www.gittas-verkstad.com\\\/se\\\/#website\"},\"primaryImageOfPage\":{\"@id\":\"https:\\\/\\\/www.gittas-verkstad.com\\\/se\\\/aktuellt\\\/glad-pask-2021\\\/#primaryimage\"},\"image\":{\"@id\":\"https:\\\/\\\/www.gittas-verkstad.com\\\/se\\\/aktuellt\\\/glad-pask-2021\\\/#primaryimage\"},\"thumbnailUrl\":\"https:\\\/\\\/www.gittas-verkstad.com\\\/se\\\/wp-content\\\/uploads\\\/sites\\\/12\\\/2021\\\/04\\\/Glad-pask-2021-gittas-verkstad-1.jpg\",\"datePublished\":\"2021-04-03T19:08:33+00:00\",\"dateModified\":\"2021-04-04T16:51:15+00:00\",\"author\":{\"@id\":\"https:\\\/\\\/www.gittas-verkstad.com\\\/se\\\/#\\\/schema\\\/person\\\/66efc41949b9b5d43667d40db8dfcc57\"},\"description\":\"Glad P\u00e5sk 2021 \u00f6nskar Gittas Verkstad. Tr\u00e4dg\u00e5rden \u00e4r utsmyckad med bj\u00f6rkgrenar med f\u00e4rgglada f\u00e5rull tofsar. Vi planterade pens\u00e9er\",\"breadcrumb\":{\"@id\":\"https:\\\/\\\/www.gittas-verkstad.com\\\/se\\\/aktuellt\\\/glad-pask-2021\\\/#breadcrumb\"},\"inLanguage\":\"sv-SE\",\"potentialAction\":[{\"@type\":\"ReadAction\",\"target\":[\"https:\\\/\\\/www.gittas-verkstad.com\\\/se\\\/aktuellt\\\/glad-pask-2021\\\/\"]}]},{\"@type\":\"ImageObject\",\"inLanguage\":\"sv-SE\",\"@id\":\"https:\\\/\\\/www.gittas-verkstad.com\\\/se\\\/aktuellt\\\/glad-pask-2021\\\/#primaryimage\",\"url\":\"https:\\\/\\\/www.gittas-verkstad.com\\\/se\\\/wp-content\\\/uploads\\\/sites\\\/12\\\/2021\\\/04\\\/Glad-pask-2021-gittas-verkstad-1.jpg\",\"contentUrl\":\"https:\\\/\\\/www.gittas-verkstad.com\\\/se\\\/wp-content\\\/uploads\\\/sites\\\/12\\\/2021\\\/04\\\/Glad-pask-2021-gittas-verkstad-1.jpg\",\"width\":1680,\"height\":400,\"caption\":\"Glad-pask-2021-gittas-verkstad\"},{\"@type\":\"BreadcrumbList\",\"@id\":\"https:\\\/\\\/www.gittas-verkstad.com\\\/se\\\/aktuellt\\\/glad-pask-2021\\\/#breadcrumb\",\"itemListElement\":[{\"@type\":\"ListItem\",\"position\":1,\"name\":\"Startseite\",\"item\":\"https:\\\/\\\/www.gittas-verkstad.com\\\/se\\\/\"},{\"@type\":\"ListItem\",\"position\":2,\"name\":\"Glad P\u00e5sk 2021\"}]},{\"@type\":\"WebSite\",\"@id\":\"https:\\\/\\\/www.gittas-verkstad.com\\\/se\\\/#website\",\"url\":\"https:\\\/\\\/www.gittas-verkstad.com\\\/se\\\/\",\"name\":\"Gittas verkstad v\u00e4v, konst, design \\\/ se \\\/ Lennartsfors\",\"description\":\"Gitta driver en verkstad f\u00f6r v\u00e4vning, konst och design i Lennartsfors. De handgjorda produkterna s\u00e4ljer hon i hennes galleri p\u00e5 Gjut\u00e5s vid Dalslands Kanalen.\",\"potentialAction\":[{\"@type\":\"SearchAction\",\"target\":{\"@type\":\"EntryPoint\",\"urlTemplate\":\"https:\\\/\\\/www.gittas-verkstad.com\\\/se\\\/?s={search_term_string}\"},\"query-input\":{\"@type\":\"PropertyValueSpecification\",\"valueRequired\":true,\"valueName\":\"search_term_string\"}}],\"inLanguage\":\"sv-SE\"},{\"@type\":\"Person\",\"@id\":\"https:\\\/\\\/www.gittas-verkstad.com\\\/se\\\/#\\\/schema\\\/person\\\/66efc41949b9b5d43667d40db8dfcc57\",\"name\":\"gitta\",\"url\":\"https:\\\/\\\/www.gittas-verkstad.com\\\/se\\\/author\\\/gitta\\\/\"}]}<\/script>\n<!-- \/ Yoast SEO plugin. -->","yoast_head_json":{"title":"Glad P\u00e5sk 2021 \u00f6nskar Gittas Verkstad. Tr\u00e4dg\u00e5rden","description":"Glad P\u00e5sk 2021 \u00f6nskar Gittas Verkstad. Tr\u00e4dg\u00e5rden \u00e4r utsmyckad med bj\u00f6rkgrenar med f\u00e4rgglada f\u00e5rull tofsar. Vi planterade pens\u00e9er","robots":{"index":"index","follow":"follow","max-snippet":"max-snippet:-1","max-image-preview":"max-image-preview:large","max-video-preview":"max-video-preview:-1"},"canonical":"https:\/\/www.gittas-verkstad.com\/se\/aktuellt\/glad-pask-2021\/","og_locale":"sv_SE","og_type":"article","og_title":"Glad P\u00e5sk 2021 \u00f6nskar Gittas Verkstad. Tr\u00e4dg\u00e5rden","og_description":"Glad P\u00e5sk 2021 \u00f6nskar Gittas Verkstad. Tr\u00e4dg\u00e5rden \u00e4r utsmyckad med bj\u00f6rkgrenar med f\u00e4rgglada f\u00e5rull tofsar. Vi planterade pens\u00e9er","og_url":"https:\/\/www.gittas-verkstad.com\/se\/aktuellt\/glad-pask-2021\/","og_site_name":"Gittas verkstad v\u00e4v, konst, design \/ se \/ Lennartsfors","article_published_time":"2021-04-03T19:08:33+00:00","article_modified_time":"2021-04-04T16:51:15+00:00","og_image":[{"width":1680,"height":400,"url":"https:\/\/www.gittas-verkstad.com\/se\/wp-content\/uploads\/sites\/12\/2021\/04\/Glad-pask-2021-gittas-verkstad-1.jpg","type":"image\/jpeg"}],"author":"gitta","twitter_card":"summary_large_image","twitter_misc":{"Skriven av":"gitta","Ber\u00e4knad l\u00e4stid":"1 minut"},"schema":{"@context":"https:\/\/schema.org","@graph":[{"@type":"Article","@id":"https:\/\/www.gittas-verkstad.com\/se\/aktuellt\/glad-pask-2021\/#article","isPartOf":{"@id":"https:\/\/www.gittas-verkstad.com\/se\/aktuellt\/glad-pask-2021\/"},"author":{"name":"gitta","@id":"https:\/\/www.gittas-verkstad.com\/se\/#\/schema\/person\/66efc41949b9b5d43667d40db8dfcc57"},"headline":"Glad P\u00e5sk 2021","datePublished":"2021-04-03T19:08:33+00:00","dateModified":"2021-04-04T16:51:15+00:00","mainEntityOfPage":{"@id":"https:\/\/www.gittas-verkstad.com\/se\/aktuellt\/glad-pask-2021\/"},"wordCount":205,"image":{"@id":"https:\/\/www.gittas-verkstad.com\/se\/aktuellt\/glad-pask-2021\/#primaryimage"},"thumbnailUrl":"https:\/\/www.gittas-verkstad.com\/se\/wp-content\/uploads\/sites\/12\/2021\/04\/Glad-pask-2021-gittas-verkstad-1.jpg","keywords":["alpacka","\u00c5rj\u00e4ngs Kommun","babyfilt","d\u00f6p present","filt","f\u00f6delse gava","Gittas verkstad","Glad p\u00e5sk 2021","Kulturrunda","silke","T\u00f6cksfors","Westra Wermlands Sparbank"],"articleSection":["Aktuellt"],"inLanguage":"sv-SE"},{"@type":"WebPage","@id":"https:\/\/www.gittas-verkstad.com\/se\/aktuellt\/glad-pask-2021\/","url":"https:\/\/www.gittas-verkstad.com\/se\/aktuellt\/glad-pask-2021\/","name":"Glad P\u00e5sk 2021 \u00f6nskar Gittas Verkstad. Tr\u00e4dg\u00e5rden","isPartOf":{"@id":"https:\/\/www.gittas-verkstad.com\/se\/#website"},"primaryImageOfPage":{"@id":"https:\/\/www.gittas-verkstad.com\/se\/aktuellt\/glad-pask-2021\/#primaryimage"},"image":{"@id":"https:\/\/www.gittas-verkstad.com\/se\/aktuellt\/glad-pask-2021\/#primaryimage"},"thumbnailUrl":"https:\/\/www.gittas-verkstad.com\/se\/wp-content\/uploads\/sites\/12\/2021\/04\/Glad-pask-2021-gittas-verkstad-1.jpg","datePublished":"2021-04-03T19:08:33+00:00","dateModified":"2021-04-04T16:51:15+00:00","author":{"@id":"https:\/\/www.gittas-verkstad.com\/se\/#\/schema\/person\/66efc41949b9b5d43667d40db8dfcc57"},"description":"Glad P\u00e5sk 2021 \u00f6nskar Gittas Verkstad. Tr\u00e4dg\u00e5rden \u00e4r utsmyckad med bj\u00f6rkgrenar med f\u00e4rgglada f\u00e5rull tofsar. Vi planterade pens\u00e9er","breadcrumb":{"@id":"https:\/\/www.gittas-verkstad.com\/se\/aktuellt\/glad-pask-2021\/#breadcrumb"},"inLanguage":"sv-SE","potentialAction":[{"@type":"ReadAction","target":["https:\/\/www.gittas-verkstad.com\/se\/aktuellt\/glad-pask-2021\/"]}]},{"@type":"ImageObject","inLanguage":"sv-SE","@id":"https:\/\/www.gittas-verkstad.com\/se\/aktuellt\/glad-pask-2021\/#primaryimage","url":"https:\/\/www.gittas-verkstad.com\/se\/wp-content\/uploads\/sites\/12\/2021\/04\/Glad-pask-2021-gittas-verkstad-1.jpg","contentUrl":"https:\/\/www.gittas-verkstad.com\/se\/wp-content\/uploads\/sites\/12\/2021\/04\/Glad-pask-2021-gittas-verkstad-1.jpg","width":1680,"height":400,"caption":"Glad-pask-2021-gittas-verkstad"},{"@type":"BreadcrumbList","@id":"https:\/\/www.gittas-verkstad.com\/se\/aktuellt\/glad-pask-2021\/#breadcrumb","itemListElement":[{"@type":"ListItem","position":1,"name":"Startseite","item":"https:\/\/www.gittas-verkstad.com\/se\/"},{"@type":"ListItem","position":2,"name":"Glad P\u00e5sk 2021"}]},{"@type":"WebSite","@id":"https:\/\/www.gittas-verkstad.com\/se\/#website","url":"https:\/\/www.gittas-verkstad.com\/se\/","name":"Gittas verkstad v\u00e4v, konst, design \/ se \/ Lennartsfors","description":"Gitta driver en verkstad f\u00f6r v\u00e4vning, konst och design i Lennartsfors. De handgjorda produkterna s\u00e4ljer hon i hennes galleri p\u00e5 Gjut\u00e5s vid Dalslands Kanalen.","potentialAction":[{"@type":"SearchAction","target":{"@type":"EntryPoint","urlTemplate":"https:\/\/www.gittas-verkstad.com\/se\/?s={search_term_string}"},"query-input":{"@type":"PropertyValueSpecification","valueRequired":true,"valueName":"search_term_string"}}],"inLanguage":"sv-SE"},{"@type":"Person","@id":"https:\/\/www.gittas-verkstad.com\/se\/#\/schema\/person\/66efc41949b9b5d43667d40db8dfcc57","name":"gitta","url":"https:\/\/www.gittas-verkstad.com\/se\/author\/gitta\/"}]}},"_links":{"self":[{"href":"https:\/\/www.gittas-verkstad.com\/se\/wp-json\/wp\/v2\/posts\/1682","targetHints":{"allow":["GET"]}}],"collection":[{"href":"https:\/\/www.gittas-verkstad.com\/se\/wp-json\/wp\/v2\/posts"}],"about":[{"href":"https:\/\/www.gittas-verkstad.com\/se\/wp-json\/wp\/v2\/types\/post"}],"author":[{"embeddable":true,"href":"https:\/\/www.gittas-verkstad.com\/se\/wp-json\/wp\/v2\/users\/1"}],"replies":[{"embeddable":true,"href":"https:\/\/www.gittas-verkstad.com\/se\/wp-json\/wp\/v2\/comments?post=1682"}],"version-history":[{"count":1,"href":"https:\/\/www.gittas-verkstad.com\/se\/wp-json\/wp\/v2\/posts\/1682\/revisions"}],"predecessor-version":[{"id":1683,"href":"https:\/\/www.gittas-verkstad.com\/se\/wp-json\/wp\/v2\/posts\/1682\/revisions\/1683"}],"wp:featuredmedia":[{"embeddable":true,"href":"https:\/\/www.gittas-verkstad.com\/se\/wp-json\/wp\/v2\/media\/1685"}],"wp:attachment":[{"href":"https:\/\/www.gittas-verkstad.com\/se\/wp-json\/wp\/v2\/media?parent=1682"}],"wp:term":[{"taxonomy":"category","embeddable":true,"href":"https:\/\/www.gittas-verkstad.com\/se\/wp-json\/wp\/v2\/categories?post=1682"},{"taxonomy":"post_tag","embeddable":true,"href":"https:\/\/www.gittas-verkstad.com\/se\/wp-json\/wp\/v2\/tags?post=1682"}],"curies":[{"name":"wp","href":"https:\/\/api.w.org\/{rel}","templated":true}]}}