{"id":1552,"date":"2020-12-22T21:22:27","date_gmt":"2020-12-22T20:22:27","guid":{"rendered":"https:\/\/www.gittas-verkstad.com\/se\/?p=1552"},"modified":"2020-12-28T21:23:24","modified_gmt":"2020-12-28T20:23:24","slug":"god-jul-i-ar-2020-onskar-dig-gittas-verkstad","status":"publish","type":"post","link":"https:\/\/www.gittas-verkstad.com\/se\/aktuellt\/god-jul-i-ar-2020-onskar-dig-gittas-verkstad\/","title":{"rendered":"God Jul i \u00e5r 2020 \u00f6nskar dig Gittas Verkstad"},"content":{"rendered":"<p>God Jul i \u00e5r 2020 \u00f6nskar dig Gittas Verkstad. Jag hoppas att du har en god jul i \u00e5r trots begr\u00e4nsningarna. Kanske finns det till och med en present fr\u00e5n Gittas Verkstad p\u00e5 ditt presentbord eller kanske har du gett en present fr\u00e5n Gittas Verkstad.<\/p>\n<p>I alla fall \u00f6nskar jag dig fina dagar med din familf eller i en liten grupp.<\/p>\n","protected":false},"excerpt":{"rendered":"<p>God Jul i \u00e5r 2020 \u00f6nskar dig Gittas Verkstad. Jag hoppas att du har en god jul i \u00e5r trots begr\u00e4nsningarna. Kanske finns det till och med en present fr\u00e5n Gittas Verkstad p\u00e5 ditt presentbord eller kanske har du gett <a class=\"more-link\" href=\"https:\/\/www.gittas-verkstad.com\/se\/aktuellt\/god-jul-i-ar-2020-onskar-dig-gittas-verkstad\/\">l\u00e4s mer&#8230;<\/a><\/p>\n","protected":false},"author":1,"featured_media":1553,"comment_status":"closed","ping_status":"closed","sticky":false,"template":"","format":"standard","meta":{"footnotes":""},"categories":[2],"tags":[8,196,295,313,312],"class_list":["post-1552","post","type-post","status-publish","format-standard","has-post-thumbnail","hentry","category-aktuellt","tag-gittas-verkstad","tag-god-jul","tag-julklapp","tag-julpresent","tag-present"],"yoast_head":"<!-- This site is optimized with the Yoast SEO plugin v27.5 - https:\/\/yoast.com\/product\/yoast-seo-wordpress\/ -->\n<title>God Jul i \u00e5r 2020 \u00f6nskar dig Gittas Verkstad. Jag hoppas<\/title>\n<meta name=\"description\" content=\"God Jul i \u00e5r 2020 \u00f6nskar dig Gittas Verkstad. Jag hoppas att du har en god jul i \u00e5r trots begr\u00e4nsningarna. Kanske finns det\" \/>\n<meta name=\"robots\" content=\"index, follow, max-snippet:-1, max-image-preview:large, max-video-preview:-1\" \/>\n<link rel=\"canonical\" href=\"https:\/\/www.gittas-verkstad.com\/se\/aktuellt\/god-jul-i-ar-2020-onskar-dig-gittas-verkstad\/\" \/>\n<meta property=\"og:locale\" content=\"sv_SE\" \/>\n<meta property=\"og:type\" content=\"article\" \/>\n<meta property=\"og:title\" content=\"God Jul i \u00e5r 2020 \u00f6nskar dig Gittas Verkstad. Jag hoppas\" \/>\n<meta property=\"og:description\" content=\"God Jul i \u00e5r 2020 \u00f6nskar dig Gittas Verkstad. Jag hoppas att du har en god jul i \u00e5r trots begr\u00e4nsningarna. Kanske finns det\" \/>\n<meta property=\"og:url\" content=\"https:\/\/www.gittas-verkstad.com\/se\/aktuellt\/god-jul-i-ar-2020-onskar-dig-gittas-verkstad\/\" \/>\n<meta property=\"og:site_name\" content=\"Gittas verkstad v\u00e4v, konst, design \/ se \/ Lennartsfors\" \/>\n<meta property=\"article:published_time\" content=\"2020-12-22T20:22:27+00:00\" \/>\n<meta property=\"article:modified_time\" content=\"2020-12-28T20:23:24+00:00\" \/>\n<meta property=\"og:image\" content=\"https:\/\/www.gittas-verkstad.com\/se\/wp-content\/uploads\/sites\/12\/2020\/12\/God-jul-2020-Gittas-verkstad.jpg\" \/>\n\t<meta property=\"og:image:width\" content=\"1680\" \/>\n\t<meta property=\"og:image:height\" content=\"400\" \/>\n\t<meta property=\"og:image:type\" content=\"image\/jpeg\" \/>\n<meta name=\"author\" content=\"gitta\" \/>\n<meta name=\"twitter:card\" content=\"summary_large_image\" \/>\n<meta name=\"twitter:label1\" content=\"Skriven av\" \/>\n\t<meta name=\"twitter:data1\" content=\"gitta\" \/>\n<script type=\"application\/ld+json\" class=\"yoast-schema-graph\">{\"@context\":\"https:\\\/\\\/schema.org\",\"@graph\":[{\"@type\":\"Article\",\"@id\":\"https:\\\/\\\/www.gittas-verkstad.com\\\/se\\\/aktuellt\\\/god-jul-i-ar-2020-onskar-dig-gittas-verkstad\\\/#article\",\"isPartOf\":{\"@id\":\"https:\\\/\\\/www.gittas-verkstad.com\\\/se\\\/aktuellt\\\/god-jul-i-ar-2020-onskar-dig-gittas-verkstad\\\/\"},\"author\":{\"name\":\"gitta\",\"@id\":\"https:\\\/\\\/www.gittas-verkstad.com\\\/se\\\/#\\\/schema\\\/person\\\/66efc41949b9b5d43667d40db8dfcc57\"},\"headline\":\"God Jul i \u00e5r 2020 \u00f6nskar dig Gittas Verkstad\",\"datePublished\":\"2020-12-22T20:22:27+00:00\",\"dateModified\":\"2020-12-28T20:23:24+00:00\",\"mainEntityOfPage\":{\"@id\":\"https:\\\/\\\/www.gittas-verkstad.com\\\/se\\\/aktuellt\\\/god-jul-i-ar-2020-onskar-dig-gittas-verkstad\\\/\"},\"wordCount\":71,\"image\":{\"@id\":\"https:\\\/\\\/www.gittas-verkstad.com\\\/se\\\/aktuellt\\\/god-jul-i-ar-2020-onskar-dig-gittas-verkstad\\\/#primaryimage\"},\"thumbnailUrl\":\"https:\\\/\\\/www.gittas-verkstad.com\\\/se\\\/wp-content\\\/uploads\\\/sites\\\/12\\\/2020\\\/12\\\/God-jul-2020-Gittas-verkstad.jpg\",\"keywords\":[\"Gittas verkstad\",\"god jul\",\"julklapp\",\"Julpresent\",\"present\"],\"articleSection\":[\"Aktuellt\"],\"inLanguage\":\"sv-SE\"},{\"@type\":\"WebPage\",\"@id\":\"https:\\\/\\\/www.gittas-verkstad.com\\\/se\\\/aktuellt\\\/god-jul-i-ar-2020-onskar-dig-gittas-verkstad\\\/\",\"url\":\"https:\\\/\\\/www.gittas-verkstad.com\\\/se\\\/aktuellt\\\/god-jul-i-ar-2020-onskar-dig-gittas-verkstad\\\/\",\"name\":\"God Jul i \u00e5r 2020 \u00f6nskar dig Gittas Verkstad. Jag hoppas\",\"isPartOf\":{\"@id\":\"https:\\\/\\\/www.gittas-verkstad.com\\\/se\\\/#website\"},\"primaryImageOfPage\":{\"@id\":\"https:\\\/\\\/www.gittas-verkstad.com\\\/se\\\/aktuellt\\\/god-jul-i-ar-2020-onskar-dig-gittas-verkstad\\\/#primaryimage\"},\"image\":{\"@id\":\"https:\\\/\\\/www.gittas-verkstad.com\\\/se\\\/aktuellt\\\/god-jul-i-ar-2020-onskar-dig-gittas-verkstad\\\/#primaryimage\"},\"thumbnailUrl\":\"https:\\\/\\\/www.gittas-verkstad.com\\\/se\\\/wp-content\\\/uploads\\\/sites\\\/12\\\/2020\\\/12\\\/God-jul-2020-Gittas-verkstad.jpg\",\"datePublished\":\"2020-12-22T20:22:27+00:00\",\"dateModified\":\"2020-12-28T20:23:24+00:00\",\"author\":{\"@id\":\"https:\\\/\\\/www.gittas-verkstad.com\\\/se\\\/#\\\/schema\\\/person\\\/66efc41949b9b5d43667d40db8dfcc57\"},\"description\":\"God Jul i \u00e5r 2020 \u00f6nskar dig Gittas Verkstad. Jag hoppas att du har en god jul i \u00e5r trots begr\u00e4nsningarna. Kanske finns det\",\"breadcrumb\":{\"@id\":\"https:\\\/\\\/www.gittas-verkstad.com\\\/se\\\/aktuellt\\\/god-jul-i-ar-2020-onskar-dig-gittas-verkstad\\\/#breadcrumb\"},\"inLanguage\":\"sv-SE\",\"potentialAction\":[{\"@type\":\"ReadAction\",\"target\":[\"https:\\\/\\\/www.gittas-verkstad.com\\\/se\\\/aktuellt\\\/god-jul-i-ar-2020-onskar-dig-gittas-verkstad\\\/\"]}]},{\"@type\":\"ImageObject\",\"inLanguage\":\"sv-SE\",\"@id\":\"https:\\\/\\\/www.gittas-verkstad.com\\\/se\\\/aktuellt\\\/god-jul-i-ar-2020-onskar-dig-gittas-verkstad\\\/#primaryimage\",\"url\":\"https:\\\/\\\/www.gittas-verkstad.com\\\/se\\\/wp-content\\\/uploads\\\/sites\\\/12\\\/2020\\\/12\\\/God-jul-2020-Gittas-verkstad.jpg\",\"contentUrl\":\"https:\\\/\\\/www.gittas-verkstad.com\\\/se\\\/wp-content\\\/uploads\\\/sites\\\/12\\\/2020\\\/12\\\/God-jul-2020-Gittas-verkstad.jpg\",\"width\":1680,\"height\":400,\"caption\":\"God-jul-2020-Gittas-verkstad\"},{\"@type\":\"BreadcrumbList\",\"@id\":\"https:\\\/\\\/www.gittas-verkstad.com\\\/se\\\/aktuellt\\\/god-jul-i-ar-2020-onskar-dig-gittas-verkstad\\\/#breadcrumb\",\"itemListElement\":[{\"@type\":\"ListItem\",\"position\":1,\"name\":\"Startseite\",\"item\":\"https:\\\/\\\/www.gittas-verkstad.com\\\/se\\\/\"},{\"@type\":\"ListItem\",\"position\":2,\"name\":\"God Jul i \u00e5r 2020 \u00f6nskar dig Gittas Verkstad\"}]},{\"@type\":\"WebSite\",\"@id\":\"https:\\\/\\\/www.gittas-verkstad.com\\\/se\\\/#website\",\"url\":\"https:\\\/\\\/www.gittas-verkstad.com\\\/se\\\/\",\"name\":\"Gittas verkstad v\u00e4v, konst, design \\\/ se \\\/ Lennartsfors\",\"description\":\"Gitta driver en verkstad f\u00f6r v\u00e4vning, konst och design i Lennartsfors. De handgjorda produkterna s\u00e4ljer hon i hennes galleri p\u00e5 Gjut\u00e5s vid Dalslands Kanalen.\",\"potentialAction\":[{\"@type\":\"SearchAction\",\"target\":{\"@type\":\"EntryPoint\",\"urlTemplate\":\"https:\\\/\\\/www.gittas-verkstad.com\\\/se\\\/?s={search_term_string}\"},\"query-input\":{\"@type\":\"PropertyValueSpecification\",\"valueRequired\":true,\"valueName\":\"search_term_string\"}}],\"inLanguage\":\"sv-SE\"},{\"@type\":\"Person\",\"@id\":\"https:\\\/\\\/www.gittas-verkstad.com\\\/se\\\/#\\\/schema\\\/person\\\/66efc41949b9b5d43667d40db8dfcc57\",\"name\":\"gitta\",\"url\":\"https:\\\/\\\/www.gittas-verkstad.com\\\/se\\\/author\\\/gitta\\\/\"}]}<\/script>\n<!-- \/ Yoast SEO plugin. -->","yoast_head_json":{"title":"God Jul i \u00e5r 2020 \u00f6nskar dig Gittas Verkstad. Jag hoppas","description":"God Jul i \u00e5r 2020 \u00f6nskar dig Gittas Verkstad. Jag hoppas att du har en god jul i \u00e5r trots begr\u00e4nsningarna. Kanske finns det","robots":{"index":"index","follow":"follow","max-snippet":"max-snippet:-1","max-image-preview":"max-image-preview:large","max-video-preview":"max-video-preview:-1"},"canonical":"https:\/\/www.gittas-verkstad.com\/se\/aktuellt\/god-jul-i-ar-2020-onskar-dig-gittas-verkstad\/","og_locale":"sv_SE","og_type":"article","og_title":"God Jul i \u00e5r 2020 \u00f6nskar dig Gittas Verkstad. Jag hoppas","og_description":"God Jul i \u00e5r 2020 \u00f6nskar dig Gittas Verkstad. Jag hoppas att du har en god jul i \u00e5r trots begr\u00e4nsningarna. Kanske finns det","og_url":"https:\/\/www.gittas-verkstad.com\/se\/aktuellt\/god-jul-i-ar-2020-onskar-dig-gittas-verkstad\/","og_site_name":"Gittas verkstad v\u00e4v, konst, design \/ se \/ Lennartsfors","article_published_time":"2020-12-22T20:22:27+00:00","article_modified_time":"2020-12-28T20:23:24+00:00","og_image":[{"width":1680,"height":400,"url":"https:\/\/www.gittas-verkstad.com\/se\/wp-content\/uploads\/sites\/12\/2020\/12\/God-jul-2020-Gittas-verkstad.jpg","type":"image\/jpeg"}],"author":"gitta","twitter_card":"summary_large_image","twitter_misc":{"Skriven av":"gitta"},"schema":{"@context":"https:\/\/schema.org","@graph":[{"@type":"Article","@id":"https:\/\/www.gittas-verkstad.com\/se\/aktuellt\/god-jul-i-ar-2020-onskar-dig-gittas-verkstad\/#article","isPartOf":{"@id":"https:\/\/www.gittas-verkstad.com\/se\/aktuellt\/god-jul-i-ar-2020-onskar-dig-gittas-verkstad\/"},"author":{"name":"gitta","@id":"https:\/\/www.gittas-verkstad.com\/se\/#\/schema\/person\/66efc41949b9b5d43667d40db8dfcc57"},"headline":"God Jul i \u00e5r 2020 \u00f6nskar dig Gittas Verkstad","datePublished":"2020-12-22T20:22:27+00:00","dateModified":"2020-12-28T20:23:24+00:00","mainEntityOfPage":{"@id":"https:\/\/www.gittas-verkstad.com\/se\/aktuellt\/god-jul-i-ar-2020-onskar-dig-gittas-verkstad\/"},"wordCount":71,"image":{"@id":"https:\/\/www.gittas-verkstad.com\/se\/aktuellt\/god-jul-i-ar-2020-onskar-dig-gittas-verkstad\/#primaryimage"},"thumbnailUrl":"https:\/\/www.gittas-verkstad.com\/se\/wp-content\/uploads\/sites\/12\/2020\/12\/God-jul-2020-Gittas-verkstad.jpg","keywords":["Gittas verkstad","god jul","julklapp","Julpresent","present"],"articleSection":["Aktuellt"],"inLanguage":"sv-SE"},{"@type":"WebPage","@id":"https:\/\/www.gittas-verkstad.com\/se\/aktuellt\/god-jul-i-ar-2020-onskar-dig-gittas-verkstad\/","url":"https:\/\/www.gittas-verkstad.com\/se\/aktuellt\/god-jul-i-ar-2020-onskar-dig-gittas-verkstad\/","name":"God Jul i \u00e5r 2020 \u00f6nskar dig Gittas Verkstad. Jag hoppas","isPartOf":{"@id":"https:\/\/www.gittas-verkstad.com\/se\/#website"},"primaryImageOfPage":{"@id":"https:\/\/www.gittas-verkstad.com\/se\/aktuellt\/god-jul-i-ar-2020-onskar-dig-gittas-verkstad\/#primaryimage"},"image":{"@id":"https:\/\/www.gittas-verkstad.com\/se\/aktuellt\/god-jul-i-ar-2020-onskar-dig-gittas-verkstad\/#primaryimage"},"thumbnailUrl":"https:\/\/www.gittas-verkstad.com\/se\/wp-content\/uploads\/sites\/12\/2020\/12\/God-jul-2020-Gittas-verkstad.jpg","datePublished":"2020-12-22T20:22:27+00:00","dateModified":"2020-12-28T20:23:24+00:00","author":{"@id":"https:\/\/www.gittas-verkstad.com\/se\/#\/schema\/person\/66efc41949b9b5d43667d40db8dfcc57"},"description":"God Jul i \u00e5r 2020 \u00f6nskar dig Gittas Verkstad. Jag hoppas att du har en god jul i \u00e5r trots begr\u00e4nsningarna. Kanske finns det","breadcrumb":{"@id":"https:\/\/www.gittas-verkstad.com\/se\/aktuellt\/god-jul-i-ar-2020-onskar-dig-gittas-verkstad\/#breadcrumb"},"inLanguage":"sv-SE","potentialAction":[{"@type":"ReadAction","target":["https:\/\/www.gittas-verkstad.com\/se\/aktuellt\/god-jul-i-ar-2020-onskar-dig-gittas-verkstad\/"]}]},{"@type":"ImageObject","inLanguage":"sv-SE","@id":"https:\/\/www.gittas-verkstad.com\/se\/aktuellt\/god-jul-i-ar-2020-onskar-dig-gittas-verkstad\/#primaryimage","url":"https:\/\/www.gittas-verkstad.com\/se\/wp-content\/uploads\/sites\/12\/2020\/12\/God-jul-2020-Gittas-verkstad.jpg","contentUrl":"https:\/\/www.gittas-verkstad.com\/se\/wp-content\/uploads\/sites\/12\/2020\/12\/God-jul-2020-Gittas-verkstad.jpg","width":1680,"height":400,"caption":"God-jul-2020-Gittas-verkstad"},{"@type":"BreadcrumbList","@id":"https:\/\/www.gittas-verkstad.com\/se\/aktuellt\/god-jul-i-ar-2020-onskar-dig-gittas-verkstad\/#breadcrumb","itemListElement":[{"@type":"ListItem","position":1,"name":"Startseite","item":"https:\/\/www.gittas-verkstad.com\/se\/"},{"@type":"ListItem","position":2,"name":"God Jul i \u00e5r 2020 \u00f6nskar dig Gittas Verkstad"}]},{"@type":"WebSite","@id":"https:\/\/www.gittas-verkstad.com\/se\/#website","url":"https:\/\/www.gittas-verkstad.com\/se\/","name":"Gittas verkstad v\u00e4v, konst, design \/ se \/ Lennartsfors","description":"Gitta driver en verkstad f\u00f6r v\u00e4vning, konst och design i Lennartsfors. De handgjorda produkterna s\u00e4ljer hon i hennes galleri p\u00e5 Gjut\u00e5s vid Dalslands Kanalen.","potentialAction":[{"@type":"SearchAction","target":{"@type":"EntryPoint","urlTemplate":"https:\/\/www.gittas-verkstad.com\/se\/?s={search_term_string}"},"query-input":{"@type":"PropertyValueSpecification","valueRequired":true,"valueName":"search_term_string"}}],"inLanguage":"sv-SE"},{"@type":"Person","@id":"https:\/\/www.gittas-verkstad.com\/se\/#\/schema\/person\/66efc41949b9b5d43667d40db8dfcc57","name":"gitta","url":"https:\/\/www.gittas-verkstad.com\/se\/author\/gitta\/"}]}},"_links":{"self":[{"href":"https:\/\/www.gittas-verkstad.com\/se\/wp-json\/wp\/v2\/posts\/1552","targetHints":{"allow":["GET"]}}],"collection":[{"href":"https:\/\/www.gittas-verkstad.com\/se\/wp-json\/wp\/v2\/posts"}],"about":[{"href":"https:\/\/www.gittas-verkstad.com\/se\/wp-json\/wp\/v2\/types\/post"}],"author":[{"embeddable":true,"href":"https:\/\/www.gittas-verkstad.com\/se\/wp-json\/wp\/v2\/users\/1"}],"replies":[{"embeddable":true,"href":"https:\/\/www.gittas-verkstad.com\/se\/wp-json\/wp\/v2\/comments?post=1552"}],"version-history":[{"count":1,"href":"https:\/\/www.gittas-verkstad.com\/se\/wp-json\/wp\/v2\/posts\/1552\/revisions"}],"predecessor-version":[{"id":1554,"href":"https:\/\/www.gittas-verkstad.com\/se\/wp-json\/wp\/v2\/posts\/1552\/revisions\/1554"}],"wp:featuredmedia":[{"embeddable":true,"href":"https:\/\/www.gittas-verkstad.com\/se\/wp-json\/wp\/v2\/media\/1553"}],"wp:attachment":[{"href":"https:\/\/www.gittas-verkstad.com\/se\/wp-json\/wp\/v2\/media?parent=1552"}],"wp:term":[{"taxonomy":"category","embeddable":true,"href":"https:\/\/www.gittas-verkstad.com\/se\/wp-json\/wp\/v2\/categories?post=1552"},{"taxonomy":"post_tag","embeddable":true,"href":"https:\/\/www.gittas-verkstad.com\/se\/wp-json\/wp\/v2\/tags?post=1552"}],"curies":[{"name":"wp","href":"https:\/\/api.w.org\/{rel}","templated":true}]}}