{"id":1519,"date":"2020-09-17T18:43:08","date_gmt":"2020-09-17T16:43:08","guid":{"rendered":"https:\/\/www.gittas-verkstad.com\/se\/?p=1519"},"modified":"2020-11-18T19:00:13","modified_gmt":"2020-11-18T18:00:13","slug":"sommarsasongen-2020-ar-over","status":"publish","type":"post","link":"https:\/\/www.gittas-verkstad.com\/se\/aktuellt\/sommarsasongen-2020-ar-over\/","title":{"rendered":"Sommars\u00e4songen 2020 \u00e4r \u00f6ver"},"content":{"rendered":"<p>Sommars\u00e4songen 2020 \u00e4r \u00f6ver och jag tackar alla som bes\u00f6kte Gittas Verkstad i sommar.<\/p>\n<p>\u00c4ven om det inte har varit s\u00e5 m\u00e5nga bes\u00f6kare som f\u00f6rra \u00e5ret var jag mycket glad \u00f6ver alla som kom. Flera hittade en present till en f\u00f6delsedag eller sin favorit halsduk. N\u00e5gra best\u00e4llningar kom in som jag skickas ut s\u00e5 snart det \u00e4r klar.<\/p>\n<p>Nu p\u00e5 h\u00f6sten blir det mer tid att sitta vid v\u00e4ven. Bland annat f\u00f6rbereder jag mig f\u00f6r en julutst\u00e4llning tillsammans med andra hantverkare i konsthallen i \u00c5m\u00e5l. Mer information kommer s\u00e5 snart som m\u00f6jlig.<\/p>\n<p>Njut av de vackra h\u00f6stdagarna och h\u00f6r av dig om du vill bes\u00f6ka Gittas Verkstad eller best\u00e4lla n\u00e5got hos mig.<\/p>\n","protected":false},"excerpt":{"rendered":"<p>Sommars\u00e4songen 2020 \u00e4r \u00f6ver och jag tackar alla som bes\u00f6kte Gittas Verkstad i sommar. \u00c4ven om det inte har varit s\u00e5 m\u00e5nga bes\u00f6kare som f\u00f6rra \u00e5ret var jag mycket glad \u00f6ver alla som kom. Flera hittade en present till en <a class=\"more-link\" href=\"https:\/\/www.gittas-verkstad.com\/se\/aktuellt\/sommarsasongen-2020-ar-over\/\">l\u00e4s mer&#8230;<\/a><\/p>\n","protected":false},"author":1,"featured_media":1520,"comment_status":"closed","ping_status":"closed","sticky":false,"template":"","format":"standard","meta":{"footnotes":""},"categories":[2],"tags":[310,8,39,311,78,312,260,307],"class_list":["post-1519","post","type-post","status-publish","format-standard","has-post-thumbnail","hentry","category-aktuellt","tag-amal","tag-gittas-verkstad","tag-halsduk","tag-julutstallning","tag-konsthall","tag-present","tag-presenter","tag-sommarsasong"],"yoast_head":"<!-- This site is optimized with the Yoast SEO plugin v27.5 - https:\/\/yoast.com\/product\/yoast-seo-wordpress\/ -->\n<title>Sommars\u00e4songen 2020 \u00e4r \u00f6ver och jag tackar alla som bes\u00f6kte<\/title>\n<meta name=\"description\" content=\"Sommars\u00e4songen 2020 \u00e4r \u00f6ver och jag tackar alla som bes\u00f6kte Gittas Verkstad i sommar. \u00c4ven om det inte var s\u00e5 m\u00e5nga bes\u00f6kare \u00e4n f\u00f6rra \u00e5ret\" \/>\n<meta name=\"robots\" content=\"index, follow, max-snippet:-1, max-image-preview:large, max-video-preview:-1\" \/>\n<link rel=\"canonical\" href=\"https:\/\/www.gittas-verkstad.com\/se\/aktuellt\/sommarsasongen-2020-ar-over\/\" \/>\n<meta property=\"og:locale\" content=\"sv_SE\" \/>\n<meta property=\"og:type\" content=\"article\" \/>\n<meta property=\"og:title\" content=\"Sommars\u00e4songen 2020 \u00e4r \u00f6ver och jag tackar alla som bes\u00f6kte\" \/>\n<meta property=\"og:description\" content=\"Sommars\u00e4songen 2020 \u00e4r \u00f6ver och jag tackar alla som bes\u00f6kte Gittas Verkstad i sommar. \u00c4ven om det inte var s\u00e5 m\u00e5nga bes\u00f6kare \u00e4n f\u00f6rra \u00e5ret\" \/>\n<meta property=\"og:url\" content=\"https:\/\/www.gittas-verkstad.com\/se\/aktuellt\/sommarsasongen-2020-ar-over\/\" \/>\n<meta property=\"og:site_name\" content=\"Gittas verkstad v\u00e4v, konst, design \/ se \/ Lennartsfors\" \/>\n<meta property=\"article:published_time\" content=\"2020-09-17T16:43:08+00:00\" \/>\n<meta property=\"article:modified_time\" content=\"2020-11-18T18:00:13+00:00\" \/>\n<meta property=\"og:image\" content=\"https:\/\/www.gittas-verkstad.com\/se\/wp-content\/uploads\/sites\/12\/2020\/10\/sommarsasongen-2020-ar-over-Gittas-verkstad.jpg\" \/>\n\t<meta property=\"og:image:width\" content=\"1680\" \/>\n\t<meta property=\"og:image:height\" content=\"401\" \/>\n\t<meta property=\"og:image:type\" content=\"image\/jpeg\" \/>\n<meta name=\"author\" content=\"gitta\" \/>\n<meta name=\"twitter:card\" content=\"summary_large_image\" \/>\n<meta name=\"twitter:label1\" content=\"Skriven av\" \/>\n\t<meta name=\"twitter:data1\" content=\"gitta\" \/>\n\t<meta name=\"twitter:label2\" content=\"Ber\u00e4knad l\u00e4stid\" \/>\n\t<meta name=\"twitter:data2\" content=\"1 minut\" \/>\n<script type=\"application\/ld+json\" class=\"yoast-schema-graph\">{\"@context\":\"https:\\\/\\\/schema.org\",\"@graph\":[{\"@type\":\"Article\",\"@id\":\"https:\\\/\\\/www.gittas-verkstad.com\\\/se\\\/aktuellt\\\/sommarsasongen-2020-ar-over\\\/#article\",\"isPartOf\":{\"@id\":\"https:\\\/\\\/www.gittas-verkstad.com\\\/se\\\/aktuellt\\\/sommarsasongen-2020-ar-over\\\/\"},\"author\":{\"name\":\"gitta\",\"@id\":\"https:\\\/\\\/www.gittas-verkstad.com\\\/se\\\/#\\\/schema\\\/person\\\/66efc41949b9b5d43667d40db8dfcc57\"},\"headline\":\"Sommars\u00e4songen 2020 \u00e4r \u00f6ver\",\"datePublished\":\"2020-09-17T16:43:08+00:00\",\"dateModified\":\"2020-11-18T18:00:13+00:00\",\"mainEntityOfPage\":{\"@id\":\"https:\\\/\\\/www.gittas-verkstad.com\\\/se\\\/aktuellt\\\/sommarsasongen-2020-ar-over\\\/\"},\"wordCount\":135,\"image\":{\"@id\":\"https:\\\/\\\/www.gittas-verkstad.com\\\/se\\\/aktuellt\\\/sommarsasongen-2020-ar-over\\\/#primaryimage\"},\"thumbnailUrl\":\"https:\\\/\\\/www.gittas-verkstad.com\\\/se\\\/wp-content\\\/uploads\\\/sites\\\/12\\\/2020\\\/10\\\/sommarsasongen-2020-ar-over-Gittas-verkstad.jpg\",\"keywords\":[\"\u00c5m\u00e5l\",\"Gittas verkstad\",\"halsduk\",\"Julutst\u00e4llning\",\"konsthall\",\"present\",\"presenter\",\"sommars\u00e4song\"],\"articleSection\":[\"Aktuellt\"],\"inLanguage\":\"sv-SE\"},{\"@type\":\"WebPage\",\"@id\":\"https:\\\/\\\/www.gittas-verkstad.com\\\/se\\\/aktuellt\\\/sommarsasongen-2020-ar-over\\\/\",\"url\":\"https:\\\/\\\/www.gittas-verkstad.com\\\/se\\\/aktuellt\\\/sommarsasongen-2020-ar-over\\\/\",\"name\":\"Sommars\u00e4songen 2020 \u00e4r \u00f6ver och jag tackar alla som bes\u00f6kte\",\"isPartOf\":{\"@id\":\"https:\\\/\\\/www.gittas-verkstad.com\\\/se\\\/#website\"},\"primaryImageOfPage\":{\"@id\":\"https:\\\/\\\/www.gittas-verkstad.com\\\/se\\\/aktuellt\\\/sommarsasongen-2020-ar-over\\\/#primaryimage\"},\"image\":{\"@id\":\"https:\\\/\\\/www.gittas-verkstad.com\\\/se\\\/aktuellt\\\/sommarsasongen-2020-ar-over\\\/#primaryimage\"},\"thumbnailUrl\":\"https:\\\/\\\/www.gittas-verkstad.com\\\/se\\\/wp-content\\\/uploads\\\/sites\\\/12\\\/2020\\\/10\\\/sommarsasongen-2020-ar-over-Gittas-verkstad.jpg\",\"datePublished\":\"2020-09-17T16:43:08+00:00\",\"dateModified\":\"2020-11-18T18:00:13+00:00\",\"author\":{\"@id\":\"https:\\\/\\\/www.gittas-verkstad.com\\\/se\\\/#\\\/schema\\\/person\\\/66efc41949b9b5d43667d40db8dfcc57\"},\"description\":\"Sommars\u00e4songen 2020 \u00e4r \u00f6ver och jag tackar alla som bes\u00f6kte Gittas Verkstad i sommar. \u00c4ven om det inte var s\u00e5 m\u00e5nga bes\u00f6kare \u00e4n f\u00f6rra \u00e5ret\",\"breadcrumb\":{\"@id\":\"https:\\\/\\\/www.gittas-verkstad.com\\\/se\\\/aktuellt\\\/sommarsasongen-2020-ar-over\\\/#breadcrumb\"},\"inLanguage\":\"sv-SE\",\"potentialAction\":[{\"@type\":\"ReadAction\",\"target\":[\"https:\\\/\\\/www.gittas-verkstad.com\\\/se\\\/aktuellt\\\/sommarsasongen-2020-ar-over\\\/\"]}]},{\"@type\":\"ImageObject\",\"inLanguage\":\"sv-SE\",\"@id\":\"https:\\\/\\\/www.gittas-verkstad.com\\\/se\\\/aktuellt\\\/sommarsasongen-2020-ar-over\\\/#primaryimage\",\"url\":\"https:\\\/\\\/www.gittas-verkstad.com\\\/se\\\/wp-content\\\/uploads\\\/sites\\\/12\\\/2020\\\/10\\\/sommarsasongen-2020-ar-over-Gittas-verkstad.jpg\",\"contentUrl\":\"https:\\\/\\\/www.gittas-verkstad.com\\\/se\\\/wp-content\\\/uploads\\\/sites\\\/12\\\/2020\\\/10\\\/sommarsasongen-2020-ar-over-Gittas-verkstad.jpg\",\"width\":1680,\"height\":401,\"caption\":\"sommarsasongen-2020-ar-over-Gittas-verkstad\"},{\"@type\":\"BreadcrumbList\",\"@id\":\"https:\\\/\\\/www.gittas-verkstad.com\\\/se\\\/aktuellt\\\/sommarsasongen-2020-ar-over\\\/#breadcrumb\",\"itemListElement\":[{\"@type\":\"ListItem\",\"position\":1,\"name\":\"Startseite\",\"item\":\"https:\\\/\\\/www.gittas-verkstad.com\\\/se\\\/\"},{\"@type\":\"ListItem\",\"position\":2,\"name\":\"Sommars\u00e4songen 2020 \u00e4r \u00f6ver\"}]},{\"@type\":\"WebSite\",\"@id\":\"https:\\\/\\\/www.gittas-verkstad.com\\\/se\\\/#website\",\"url\":\"https:\\\/\\\/www.gittas-verkstad.com\\\/se\\\/\",\"name\":\"Gittas verkstad v\u00e4v, konst, design \\\/ se \\\/ Lennartsfors\",\"description\":\"Gitta driver en verkstad f\u00f6r v\u00e4vning, konst och design i Lennartsfors. De handgjorda produkterna s\u00e4ljer hon i hennes galleri p\u00e5 Gjut\u00e5s vid Dalslands Kanalen.\",\"potentialAction\":[{\"@type\":\"SearchAction\",\"target\":{\"@type\":\"EntryPoint\",\"urlTemplate\":\"https:\\\/\\\/www.gittas-verkstad.com\\\/se\\\/?s={search_term_string}\"},\"query-input\":{\"@type\":\"PropertyValueSpecification\",\"valueRequired\":true,\"valueName\":\"search_term_string\"}}],\"inLanguage\":\"sv-SE\"},{\"@type\":\"Person\",\"@id\":\"https:\\\/\\\/www.gittas-verkstad.com\\\/se\\\/#\\\/schema\\\/person\\\/66efc41949b9b5d43667d40db8dfcc57\",\"name\":\"gitta\",\"url\":\"https:\\\/\\\/www.gittas-verkstad.com\\\/se\\\/author\\\/gitta\\\/\"}]}<\/script>\n<!-- \/ Yoast SEO plugin. -->","yoast_head_json":{"title":"Sommars\u00e4songen 2020 \u00e4r \u00f6ver och jag tackar alla som bes\u00f6kte","description":"Sommars\u00e4songen 2020 \u00e4r \u00f6ver och jag tackar alla som bes\u00f6kte Gittas Verkstad i sommar. \u00c4ven om det inte var s\u00e5 m\u00e5nga bes\u00f6kare \u00e4n f\u00f6rra \u00e5ret","robots":{"index":"index","follow":"follow","max-snippet":"max-snippet:-1","max-image-preview":"max-image-preview:large","max-video-preview":"max-video-preview:-1"},"canonical":"https:\/\/www.gittas-verkstad.com\/se\/aktuellt\/sommarsasongen-2020-ar-over\/","og_locale":"sv_SE","og_type":"article","og_title":"Sommars\u00e4songen 2020 \u00e4r \u00f6ver och jag tackar alla som bes\u00f6kte","og_description":"Sommars\u00e4songen 2020 \u00e4r \u00f6ver och jag tackar alla som bes\u00f6kte Gittas Verkstad i sommar. \u00c4ven om det inte var s\u00e5 m\u00e5nga bes\u00f6kare \u00e4n f\u00f6rra \u00e5ret","og_url":"https:\/\/www.gittas-verkstad.com\/se\/aktuellt\/sommarsasongen-2020-ar-over\/","og_site_name":"Gittas verkstad v\u00e4v, konst, design \/ se \/ Lennartsfors","article_published_time":"2020-09-17T16:43:08+00:00","article_modified_time":"2020-11-18T18:00:13+00:00","og_image":[{"width":1680,"height":401,"url":"https:\/\/www.gittas-verkstad.com\/se\/wp-content\/uploads\/sites\/12\/2020\/10\/sommarsasongen-2020-ar-over-Gittas-verkstad.jpg","type":"image\/jpeg"}],"author":"gitta","twitter_card":"summary_large_image","twitter_misc":{"Skriven av":"gitta","Ber\u00e4knad l\u00e4stid":"1 minut"},"schema":{"@context":"https:\/\/schema.org","@graph":[{"@type":"Article","@id":"https:\/\/www.gittas-verkstad.com\/se\/aktuellt\/sommarsasongen-2020-ar-over\/#article","isPartOf":{"@id":"https:\/\/www.gittas-verkstad.com\/se\/aktuellt\/sommarsasongen-2020-ar-over\/"},"author":{"name":"gitta","@id":"https:\/\/www.gittas-verkstad.com\/se\/#\/schema\/person\/66efc41949b9b5d43667d40db8dfcc57"},"headline":"Sommars\u00e4songen 2020 \u00e4r \u00f6ver","datePublished":"2020-09-17T16:43:08+00:00","dateModified":"2020-11-18T18:00:13+00:00","mainEntityOfPage":{"@id":"https:\/\/www.gittas-verkstad.com\/se\/aktuellt\/sommarsasongen-2020-ar-over\/"},"wordCount":135,"image":{"@id":"https:\/\/www.gittas-verkstad.com\/se\/aktuellt\/sommarsasongen-2020-ar-over\/#primaryimage"},"thumbnailUrl":"https:\/\/www.gittas-verkstad.com\/se\/wp-content\/uploads\/sites\/12\/2020\/10\/sommarsasongen-2020-ar-over-Gittas-verkstad.jpg","keywords":["\u00c5m\u00e5l","Gittas verkstad","halsduk","Julutst\u00e4llning","konsthall","present","presenter","sommars\u00e4song"],"articleSection":["Aktuellt"],"inLanguage":"sv-SE"},{"@type":"WebPage","@id":"https:\/\/www.gittas-verkstad.com\/se\/aktuellt\/sommarsasongen-2020-ar-over\/","url":"https:\/\/www.gittas-verkstad.com\/se\/aktuellt\/sommarsasongen-2020-ar-over\/","name":"Sommars\u00e4songen 2020 \u00e4r \u00f6ver och jag tackar alla som bes\u00f6kte","isPartOf":{"@id":"https:\/\/www.gittas-verkstad.com\/se\/#website"},"primaryImageOfPage":{"@id":"https:\/\/www.gittas-verkstad.com\/se\/aktuellt\/sommarsasongen-2020-ar-over\/#primaryimage"},"image":{"@id":"https:\/\/www.gittas-verkstad.com\/se\/aktuellt\/sommarsasongen-2020-ar-over\/#primaryimage"},"thumbnailUrl":"https:\/\/www.gittas-verkstad.com\/se\/wp-content\/uploads\/sites\/12\/2020\/10\/sommarsasongen-2020-ar-over-Gittas-verkstad.jpg","datePublished":"2020-09-17T16:43:08+00:00","dateModified":"2020-11-18T18:00:13+00:00","author":{"@id":"https:\/\/www.gittas-verkstad.com\/se\/#\/schema\/person\/66efc41949b9b5d43667d40db8dfcc57"},"description":"Sommars\u00e4songen 2020 \u00e4r \u00f6ver och jag tackar alla som bes\u00f6kte Gittas Verkstad i sommar. \u00c4ven om det inte var s\u00e5 m\u00e5nga bes\u00f6kare \u00e4n f\u00f6rra \u00e5ret","breadcrumb":{"@id":"https:\/\/www.gittas-verkstad.com\/se\/aktuellt\/sommarsasongen-2020-ar-over\/#breadcrumb"},"inLanguage":"sv-SE","potentialAction":[{"@type":"ReadAction","target":["https:\/\/www.gittas-verkstad.com\/se\/aktuellt\/sommarsasongen-2020-ar-over\/"]}]},{"@type":"ImageObject","inLanguage":"sv-SE","@id":"https:\/\/www.gittas-verkstad.com\/se\/aktuellt\/sommarsasongen-2020-ar-over\/#primaryimage","url":"https:\/\/www.gittas-verkstad.com\/se\/wp-content\/uploads\/sites\/12\/2020\/10\/sommarsasongen-2020-ar-over-Gittas-verkstad.jpg","contentUrl":"https:\/\/www.gittas-verkstad.com\/se\/wp-content\/uploads\/sites\/12\/2020\/10\/sommarsasongen-2020-ar-over-Gittas-verkstad.jpg","width":1680,"height":401,"caption":"sommarsasongen-2020-ar-over-Gittas-verkstad"},{"@type":"BreadcrumbList","@id":"https:\/\/www.gittas-verkstad.com\/se\/aktuellt\/sommarsasongen-2020-ar-over\/#breadcrumb","itemListElement":[{"@type":"ListItem","position":1,"name":"Startseite","item":"https:\/\/www.gittas-verkstad.com\/se\/"},{"@type":"ListItem","position":2,"name":"Sommars\u00e4songen 2020 \u00e4r \u00f6ver"}]},{"@type":"WebSite","@id":"https:\/\/www.gittas-verkstad.com\/se\/#website","url":"https:\/\/www.gittas-verkstad.com\/se\/","name":"Gittas verkstad v\u00e4v, konst, design \/ se \/ Lennartsfors","description":"Gitta driver en verkstad f\u00f6r v\u00e4vning, konst och design i Lennartsfors. De handgjorda produkterna s\u00e4ljer hon i hennes galleri p\u00e5 Gjut\u00e5s vid Dalslands Kanalen.","potentialAction":[{"@type":"SearchAction","target":{"@type":"EntryPoint","urlTemplate":"https:\/\/www.gittas-verkstad.com\/se\/?s={search_term_string}"},"query-input":{"@type":"PropertyValueSpecification","valueRequired":true,"valueName":"search_term_string"}}],"inLanguage":"sv-SE"},{"@type":"Person","@id":"https:\/\/www.gittas-verkstad.com\/se\/#\/schema\/person\/66efc41949b9b5d43667d40db8dfcc57","name":"gitta","url":"https:\/\/www.gittas-verkstad.com\/se\/author\/gitta\/"}]}},"_links":{"self":[{"href":"https:\/\/www.gittas-verkstad.com\/se\/wp-json\/wp\/v2\/posts\/1519","targetHints":{"allow":["GET"]}}],"collection":[{"href":"https:\/\/www.gittas-verkstad.com\/se\/wp-json\/wp\/v2\/posts"}],"about":[{"href":"https:\/\/www.gittas-verkstad.com\/se\/wp-json\/wp\/v2\/types\/post"}],"author":[{"embeddable":true,"href":"https:\/\/www.gittas-verkstad.com\/se\/wp-json\/wp\/v2\/users\/1"}],"replies":[{"embeddable":true,"href":"https:\/\/www.gittas-verkstad.com\/se\/wp-json\/wp\/v2\/comments?post=1519"}],"version-history":[{"count":3,"href":"https:\/\/www.gittas-verkstad.com\/se\/wp-json\/wp\/v2\/posts\/1519\/revisions"}],"predecessor-version":[{"id":1527,"href":"https:\/\/www.gittas-verkstad.com\/se\/wp-json\/wp\/v2\/posts\/1519\/revisions\/1527"}],"wp:featuredmedia":[{"embeddable":true,"href":"https:\/\/www.gittas-verkstad.com\/se\/wp-json\/wp\/v2\/media\/1520"}],"wp:attachment":[{"href":"https:\/\/www.gittas-verkstad.com\/se\/wp-json\/wp\/v2\/media?parent=1519"}],"wp:term":[{"taxonomy":"category","embeddable":true,"href":"https:\/\/www.gittas-verkstad.com\/se\/wp-json\/wp\/v2\/categories?post=1519"},{"taxonomy":"post_tag","embeddable":true,"href":"https:\/\/www.gittas-verkstad.com\/se\/wp-json\/wp\/v2\/tags?post=1519"}],"curies":[{"name":"wp","href":"https:\/\/api.w.org\/{rel}","templated":true}]}}