{"id":1510,"date":"2020-07-05T21:27:28","date_gmt":"2020-07-05T19:27:28","guid":{"rendered":"https:\/\/www.gittas-verkstad.com\/se\/?p=1510"},"modified":"2020-09-03T17:35:16","modified_gmt":"2020-09-03T15:35:16","slug":"en-titt-pa-gittas-verkstads-sommarutstallning-2020","status":"publish","type":"post","link":"https:\/\/www.gittas-verkstad.com\/se\/aktuellt\/en-titt-pa-gittas-verkstads-sommarutstallning-2020\/","title":{"rendered":"Gittas Verkstads sommarutst\u00e4llning 2020"},"content":{"rendered":"<p>Ta en titt p\u00e5 Gittas Verkstads sommarutst\u00e4llning. Den lilla videofilmen l\u00e5ter dig g\u00f6ra detta.<\/p>\n<p>Min sommarutst\u00e4llning 2020 har olika f\u00e4rg- och temaomr\u00e5den. Ett omr\u00e5de \u00e4r f\u00e4rgen orange, som jag \u00e5teruppt\u00e4ckte f\u00f6r mig sj\u00e4lv. Ett annat omr\u00e5de \u00e4r f\u00e4rgen bl\u00e5, som f\u00f6r mig \u00e4r en av de viktigaste f\u00e4rgerna i norr.<\/p>\n<p>Bj\u00f6rktr\u00e4d spelar en viktig roll som motiv f\u00f6r mina bilder i \u00e5r. Den svarta och vita ritningen av stammarna och tr\u00e4dtoppens speciella form tilltalar mig v\u00e4ldigt mycket.<\/p>\n<p>Designerna i svartvitt forts\u00e4tter i min textilinstallation. Ett l\u00f6st vitt tyg som jag tillverkade med m\u00e4ssingstr\u00e5d h\u00e4nger framf\u00f6r svart, \u00e5ldrat tr\u00e4. Dessutom bilden av den unga kvinnan som tittar p\u00e5 en m\u00e4ssingsform och ett hj\u00e4rta.<\/p>\n<p>Och s\u00e5 finns hj\u00e4rtan alltid i min design. Till och med det svarta och vita tr\u00e4 \u00e4lgen fr\u00e5n Gittas Verkstad har ett r\u00f6tt hj\u00e4rta runt halsen.<\/p>\n<p>Jag hoppas att du gillar den lilla insikten. Kom g\u00e4rna till Gittas Verkstad f\u00f6r att se min sommarutst\u00e4llning personligen.<\/p>\n<p><a href=\"http:\/\/iframe%20width=560%20height=315%20src=https:\/\/www.youtube-nocookie.com\/embed\/iCDqccL05VA?controls=0%20frameborder=0%20allow=accelerometer;%20autoplay;%20encrypted-media;%20gyroscope;%20picture-in-picture%20allowfullscreen\/iframe\">http:\/\/<iframe loading=\"lazy\" src=\"https:\/\/www.youtube-nocookie.com\/embed\/iCDqccL05VA?controls=0\" width=\"560\" height=\"315\" frameborder=\"0\" allowfullscreen=\"allowfullscreen\"><\/iframe><\/a><\/p>\n<p>&nbsp;<\/p>\n<p>&nbsp;<\/p>\n","protected":false},"excerpt":{"rendered":"<p>Ta en titt p\u00e5 Gittas Verkstads sommarutst\u00e4llning. Den lilla videofilmen l\u00e5ter dig g\u00f6ra detta. Min sommarutst\u00e4llning 2020 har olika f\u00e4rg- och temaomr\u00e5den. Ett omr\u00e5de \u00e4r f\u00e4rgen orange, som jag \u00e5teruppt\u00e4ckte f\u00f6r mig sj\u00e4lv. Ett annat omr\u00e5de \u00e4r f\u00e4rgen bl\u00e5, som <a class=\"more-link\" href=\"https:\/\/www.gittas-verkstad.com\/se\/aktuellt\/en-titt-pa-gittas-verkstads-sommarutstallning-2020\/\">l\u00e4s mer&#8230;<\/a><\/p>\n","protected":false},"author":1,"featured_media":1512,"comment_status":"closed","ping_status":"closed","sticky":false,"template":"","format":"standard","meta":{"footnotes":""},"categories":[2],"tags":[8,309,308],"class_list":["post-1510","post","type-post","status-publish","format-standard","has-post-thumbnail","hentry","category-aktuellt","tag-gittas-verkstad","tag-sommar-2020","tag-sommarutstallning"],"yoast_head":"<!-- This site is optimized with the Yoast SEO plugin v27.5 - https:\/\/yoast.com\/product\/yoast-seo-wordpress\/ -->\n<title>Ta en titt p\u00e5 Gittas Verkstads sommarutst\u00e4llning 2020<\/title>\n<meta name=\"description\" content=\"Ta en titt p\u00e5 Gittas Verkstads sommarutst\u00e4llning. Den lilla videofilmen l\u00e5ter dig g\u00f6ra detta.Min sommarutst\u00e4llning 2020 har olika f\u00e4rg- och temaomr\u00e5de.\" \/>\n<meta name=\"robots\" content=\"index, follow, max-snippet:-1, max-image-preview:large, max-video-preview:-1\" \/>\n<link rel=\"canonical\" href=\"https:\/\/www.gittas-verkstad.com\/se\/aktuellt\/en-titt-pa-gittas-verkstads-sommarutstallning-2020\/\" \/>\n<meta property=\"og:locale\" content=\"sv_SE\" \/>\n<meta property=\"og:type\" content=\"article\" \/>\n<meta property=\"og:title\" content=\"Ta en titt p\u00e5 Gittas Verkstads sommarutst\u00e4llning 2020\" \/>\n<meta property=\"og:description\" content=\"Ta en titt p\u00e5 Gittas Verkstads sommarutst\u00e4llning. Den lilla videofilmen l\u00e5ter dig g\u00f6ra detta.Min sommarutst\u00e4llning 2020 har olika f\u00e4rg- och temaomr\u00e5de.\" \/>\n<meta property=\"og:url\" content=\"https:\/\/www.gittas-verkstad.com\/se\/aktuellt\/en-titt-pa-gittas-verkstads-sommarutstallning-2020\/\" \/>\n<meta property=\"og:site_name\" content=\"Gittas verkstad v\u00e4v, konst, design \/ se \/ Lennartsfors\" \/>\n<meta property=\"article:published_time\" content=\"2020-07-05T19:27:28+00:00\" \/>\n<meta property=\"article:modified_time\" content=\"2020-09-03T15:35:16+00:00\" \/>\n<meta property=\"og:image\" content=\"https:\/\/www.gittas-verkstad.com\/se\/wp-content\/uploads\/sites\/12\/2020\/06\/sommar-utst\u00e4llning-2020-gittas-verkstad.jpg\" \/>\n\t<meta property=\"og:image:width\" content=\"1673\" \/>\n\t<meta property=\"og:image:height\" content=\"400\" \/>\n\t<meta property=\"og:image:type\" content=\"image\/jpeg\" \/>\n<meta name=\"author\" content=\"gitta\" \/>\n<meta name=\"twitter:card\" content=\"summary_large_image\" \/>\n<meta name=\"twitter:label1\" content=\"Skriven av\" \/>\n\t<meta name=\"twitter:data1\" content=\"gitta\" \/>\n\t<meta name=\"twitter:label2\" content=\"Ber\u00e4knad l\u00e4stid\" \/>\n\t<meta name=\"twitter:data2\" content=\"1 minut\" \/>\n<script type=\"application\/ld+json\" class=\"yoast-schema-graph\">{\"@context\":\"https:\\\/\\\/schema.org\",\"@graph\":[{\"@type\":\"Article\",\"@id\":\"https:\\\/\\\/www.gittas-verkstad.com\\\/se\\\/aktuellt\\\/en-titt-pa-gittas-verkstads-sommarutstallning-2020\\\/#article\",\"isPartOf\":{\"@id\":\"https:\\\/\\\/www.gittas-verkstad.com\\\/se\\\/aktuellt\\\/en-titt-pa-gittas-verkstads-sommarutstallning-2020\\\/\"},\"author\":{\"name\":\"gitta\",\"@id\":\"https:\\\/\\\/www.gittas-verkstad.com\\\/se\\\/#\\\/schema\\\/person\\\/66efc41949b9b5d43667d40db8dfcc57\"},\"headline\":\"Gittas Verkstads sommarutst\u00e4llning 2020\",\"datePublished\":\"2020-07-05T19:27:28+00:00\",\"dateModified\":\"2020-09-03T15:35:16+00:00\",\"mainEntityOfPage\":{\"@id\":\"https:\\\/\\\/www.gittas-verkstad.com\\\/se\\\/aktuellt\\\/en-titt-pa-gittas-verkstads-sommarutstallning-2020\\\/\"},\"wordCount\":198,\"image\":{\"@id\":\"https:\\\/\\\/www.gittas-verkstad.com\\\/se\\\/aktuellt\\\/en-titt-pa-gittas-verkstads-sommarutstallning-2020\\\/#primaryimage\"},\"thumbnailUrl\":\"https:\\\/\\\/www.gittas-verkstad.com\\\/se\\\/wp-content\\\/uploads\\\/sites\\\/12\\\/2020\\\/06\\\/sommar-utst\u00e4llning-2020-gittas-verkstad.jpg\",\"keywords\":[\"Gittas verkstad\",\"sommar 2020\",\"sommarutst\u00e4llning\"],\"articleSection\":[\"Aktuellt\"],\"inLanguage\":\"sv-SE\"},{\"@type\":\"WebPage\",\"@id\":\"https:\\\/\\\/www.gittas-verkstad.com\\\/se\\\/aktuellt\\\/en-titt-pa-gittas-verkstads-sommarutstallning-2020\\\/\",\"url\":\"https:\\\/\\\/www.gittas-verkstad.com\\\/se\\\/aktuellt\\\/en-titt-pa-gittas-verkstads-sommarutstallning-2020\\\/\",\"name\":\"Ta en titt p\u00e5 Gittas Verkstads sommarutst\u00e4llning 2020\",\"isPartOf\":{\"@id\":\"https:\\\/\\\/www.gittas-verkstad.com\\\/se\\\/#website\"},\"primaryImageOfPage\":{\"@id\":\"https:\\\/\\\/www.gittas-verkstad.com\\\/se\\\/aktuellt\\\/en-titt-pa-gittas-verkstads-sommarutstallning-2020\\\/#primaryimage\"},\"image\":{\"@id\":\"https:\\\/\\\/www.gittas-verkstad.com\\\/se\\\/aktuellt\\\/en-titt-pa-gittas-verkstads-sommarutstallning-2020\\\/#primaryimage\"},\"thumbnailUrl\":\"https:\\\/\\\/www.gittas-verkstad.com\\\/se\\\/wp-content\\\/uploads\\\/sites\\\/12\\\/2020\\\/06\\\/sommar-utst\u00e4llning-2020-gittas-verkstad.jpg\",\"datePublished\":\"2020-07-05T19:27:28+00:00\",\"dateModified\":\"2020-09-03T15:35:16+00:00\",\"author\":{\"@id\":\"https:\\\/\\\/www.gittas-verkstad.com\\\/se\\\/#\\\/schema\\\/person\\\/66efc41949b9b5d43667d40db8dfcc57\"},\"description\":\"Ta en titt p\u00e5 Gittas Verkstads sommarutst\u00e4llning. Den lilla videofilmen l\u00e5ter dig g\u00f6ra detta.Min sommarutst\u00e4llning 2020 har olika f\u00e4rg- och temaomr\u00e5de.\",\"breadcrumb\":{\"@id\":\"https:\\\/\\\/www.gittas-verkstad.com\\\/se\\\/aktuellt\\\/en-titt-pa-gittas-verkstads-sommarutstallning-2020\\\/#breadcrumb\"},\"inLanguage\":\"sv-SE\",\"potentialAction\":[{\"@type\":\"ReadAction\",\"target\":[\"https:\\\/\\\/www.gittas-verkstad.com\\\/se\\\/aktuellt\\\/en-titt-pa-gittas-verkstads-sommarutstallning-2020\\\/\"]}]},{\"@type\":\"ImageObject\",\"inLanguage\":\"sv-SE\",\"@id\":\"https:\\\/\\\/www.gittas-verkstad.com\\\/se\\\/aktuellt\\\/en-titt-pa-gittas-verkstads-sommarutstallning-2020\\\/#primaryimage\",\"url\":\"https:\\\/\\\/www.gittas-verkstad.com\\\/se\\\/wp-content\\\/uploads\\\/sites\\\/12\\\/2020\\\/06\\\/sommar-utst\u00e4llning-2020-gittas-verkstad.jpg\",\"contentUrl\":\"https:\\\/\\\/www.gittas-verkstad.com\\\/se\\\/wp-content\\\/uploads\\\/sites\\\/12\\\/2020\\\/06\\\/sommar-utst\u00e4llning-2020-gittas-verkstad.jpg\",\"width\":1673,\"height\":400,\"caption\":\"sommar-utst\u00e4llning-2020-gittas-verkstad\"},{\"@type\":\"BreadcrumbList\",\"@id\":\"https:\\\/\\\/www.gittas-verkstad.com\\\/se\\\/aktuellt\\\/en-titt-pa-gittas-verkstads-sommarutstallning-2020\\\/#breadcrumb\",\"itemListElement\":[{\"@type\":\"ListItem\",\"position\":1,\"name\":\"Startseite\",\"item\":\"https:\\\/\\\/www.gittas-verkstad.com\\\/se\\\/\"},{\"@type\":\"ListItem\",\"position\":2,\"name\":\"Gittas Verkstads sommarutst\u00e4llning 2020\"}]},{\"@type\":\"WebSite\",\"@id\":\"https:\\\/\\\/www.gittas-verkstad.com\\\/se\\\/#website\",\"url\":\"https:\\\/\\\/www.gittas-verkstad.com\\\/se\\\/\",\"name\":\"Gittas verkstad v\u00e4v, konst, design \\\/ se \\\/ Lennartsfors\",\"description\":\"Gitta driver en verkstad f\u00f6r v\u00e4vning, konst och design i Lennartsfors. De handgjorda produkterna s\u00e4ljer hon i hennes galleri p\u00e5 Gjut\u00e5s vid Dalslands Kanalen.\",\"potentialAction\":[{\"@type\":\"SearchAction\",\"target\":{\"@type\":\"EntryPoint\",\"urlTemplate\":\"https:\\\/\\\/www.gittas-verkstad.com\\\/se\\\/?s={search_term_string}\"},\"query-input\":{\"@type\":\"PropertyValueSpecification\",\"valueRequired\":true,\"valueName\":\"search_term_string\"}}],\"inLanguage\":\"sv-SE\"},{\"@type\":\"Person\",\"@id\":\"https:\\\/\\\/www.gittas-verkstad.com\\\/se\\\/#\\\/schema\\\/person\\\/66efc41949b9b5d43667d40db8dfcc57\",\"name\":\"gitta\",\"url\":\"https:\\\/\\\/www.gittas-verkstad.com\\\/se\\\/author\\\/gitta\\\/\"}]}<\/script>\n<!-- \/ Yoast SEO plugin. -->","yoast_head_json":{"title":"Ta en titt p\u00e5 Gittas Verkstads sommarutst\u00e4llning 2020","description":"Ta en titt p\u00e5 Gittas Verkstads sommarutst\u00e4llning. Den lilla videofilmen l\u00e5ter dig g\u00f6ra detta.Min sommarutst\u00e4llning 2020 har olika f\u00e4rg- och temaomr\u00e5de.","robots":{"index":"index","follow":"follow","max-snippet":"max-snippet:-1","max-image-preview":"max-image-preview:large","max-video-preview":"max-video-preview:-1"},"canonical":"https:\/\/www.gittas-verkstad.com\/se\/aktuellt\/en-titt-pa-gittas-verkstads-sommarutstallning-2020\/","og_locale":"sv_SE","og_type":"article","og_title":"Ta en titt p\u00e5 Gittas Verkstads sommarutst\u00e4llning 2020","og_description":"Ta en titt p\u00e5 Gittas Verkstads sommarutst\u00e4llning. Den lilla videofilmen l\u00e5ter dig g\u00f6ra detta.Min sommarutst\u00e4llning 2020 har olika f\u00e4rg- och temaomr\u00e5de.","og_url":"https:\/\/www.gittas-verkstad.com\/se\/aktuellt\/en-titt-pa-gittas-verkstads-sommarutstallning-2020\/","og_site_name":"Gittas verkstad v\u00e4v, konst, design \/ se \/ Lennartsfors","article_published_time":"2020-07-05T19:27:28+00:00","article_modified_time":"2020-09-03T15:35:16+00:00","og_image":[{"width":1673,"height":400,"url":"https:\/\/www.gittas-verkstad.com\/se\/wp-content\/uploads\/sites\/12\/2020\/06\/sommar-utst\u00e4llning-2020-gittas-verkstad.jpg","type":"image\/jpeg"}],"author":"gitta","twitter_card":"summary_large_image","twitter_misc":{"Skriven av":"gitta","Ber\u00e4knad l\u00e4stid":"1 minut"},"schema":{"@context":"https:\/\/schema.org","@graph":[{"@type":"Article","@id":"https:\/\/www.gittas-verkstad.com\/se\/aktuellt\/en-titt-pa-gittas-verkstads-sommarutstallning-2020\/#article","isPartOf":{"@id":"https:\/\/www.gittas-verkstad.com\/se\/aktuellt\/en-titt-pa-gittas-verkstads-sommarutstallning-2020\/"},"author":{"name":"gitta","@id":"https:\/\/www.gittas-verkstad.com\/se\/#\/schema\/person\/66efc41949b9b5d43667d40db8dfcc57"},"headline":"Gittas Verkstads sommarutst\u00e4llning 2020","datePublished":"2020-07-05T19:27:28+00:00","dateModified":"2020-09-03T15:35:16+00:00","mainEntityOfPage":{"@id":"https:\/\/www.gittas-verkstad.com\/se\/aktuellt\/en-titt-pa-gittas-verkstads-sommarutstallning-2020\/"},"wordCount":198,"image":{"@id":"https:\/\/www.gittas-verkstad.com\/se\/aktuellt\/en-titt-pa-gittas-verkstads-sommarutstallning-2020\/#primaryimage"},"thumbnailUrl":"https:\/\/www.gittas-verkstad.com\/se\/wp-content\/uploads\/sites\/12\/2020\/06\/sommar-utst\u00e4llning-2020-gittas-verkstad.jpg","keywords":["Gittas verkstad","sommar 2020","sommarutst\u00e4llning"],"articleSection":["Aktuellt"],"inLanguage":"sv-SE"},{"@type":"WebPage","@id":"https:\/\/www.gittas-verkstad.com\/se\/aktuellt\/en-titt-pa-gittas-verkstads-sommarutstallning-2020\/","url":"https:\/\/www.gittas-verkstad.com\/se\/aktuellt\/en-titt-pa-gittas-verkstads-sommarutstallning-2020\/","name":"Ta en titt p\u00e5 Gittas Verkstads sommarutst\u00e4llning 2020","isPartOf":{"@id":"https:\/\/www.gittas-verkstad.com\/se\/#website"},"primaryImageOfPage":{"@id":"https:\/\/www.gittas-verkstad.com\/se\/aktuellt\/en-titt-pa-gittas-verkstads-sommarutstallning-2020\/#primaryimage"},"image":{"@id":"https:\/\/www.gittas-verkstad.com\/se\/aktuellt\/en-titt-pa-gittas-verkstads-sommarutstallning-2020\/#primaryimage"},"thumbnailUrl":"https:\/\/www.gittas-verkstad.com\/se\/wp-content\/uploads\/sites\/12\/2020\/06\/sommar-utst\u00e4llning-2020-gittas-verkstad.jpg","datePublished":"2020-07-05T19:27:28+00:00","dateModified":"2020-09-03T15:35:16+00:00","author":{"@id":"https:\/\/www.gittas-verkstad.com\/se\/#\/schema\/person\/66efc41949b9b5d43667d40db8dfcc57"},"description":"Ta en titt p\u00e5 Gittas Verkstads sommarutst\u00e4llning. Den lilla videofilmen l\u00e5ter dig g\u00f6ra detta.Min sommarutst\u00e4llning 2020 har olika f\u00e4rg- och temaomr\u00e5de.","breadcrumb":{"@id":"https:\/\/www.gittas-verkstad.com\/se\/aktuellt\/en-titt-pa-gittas-verkstads-sommarutstallning-2020\/#breadcrumb"},"inLanguage":"sv-SE","potentialAction":[{"@type":"ReadAction","target":["https:\/\/www.gittas-verkstad.com\/se\/aktuellt\/en-titt-pa-gittas-verkstads-sommarutstallning-2020\/"]}]},{"@type":"ImageObject","inLanguage":"sv-SE","@id":"https:\/\/www.gittas-verkstad.com\/se\/aktuellt\/en-titt-pa-gittas-verkstads-sommarutstallning-2020\/#primaryimage","url":"https:\/\/www.gittas-verkstad.com\/se\/wp-content\/uploads\/sites\/12\/2020\/06\/sommar-utst\u00e4llning-2020-gittas-verkstad.jpg","contentUrl":"https:\/\/www.gittas-verkstad.com\/se\/wp-content\/uploads\/sites\/12\/2020\/06\/sommar-utst\u00e4llning-2020-gittas-verkstad.jpg","width":1673,"height":400,"caption":"sommar-utst\u00e4llning-2020-gittas-verkstad"},{"@type":"BreadcrumbList","@id":"https:\/\/www.gittas-verkstad.com\/se\/aktuellt\/en-titt-pa-gittas-verkstads-sommarutstallning-2020\/#breadcrumb","itemListElement":[{"@type":"ListItem","position":1,"name":"Startseite","item":"https:\/\/www.gittas-verkstad.com\/se\/"},{"@type":"ListItem","position":2,"name":"Gittas Verkstads sommarutst\u00e4llning 2020"}]},{"@type":"WebSite","@id":"https:\/\/www.gittas-verkstad.com\/se\/#website","url":"https:\/\/www.gittas-verkstad.com\/se\/","name":"Gittas verkstad v\u00e4v, konst, design \/ se \/ Lennartsfors","description":"Gitta driver en verkstad f\u00f6r v\u00e4vning, konst och design i Lennartsfors. De handgjorda produkterna s\u00e4ljer hon i hennes galleri p\u00e5 Gjut\u00e5s vid Dalslands Kanalen.","potentialAction":[{"@type":"SearchAction","target":{"@type":"EntryPoint","urlTemplate":"https:\/\/www.gittas-verkstad.com\/se\/?s={search_term_string}"},"query-input":{"@type":"PropertyValueSpecification","valueRequired":true,"valueName":"search_term_string"}}],"inLanguage":"sv-SE"},{"@type":"Person","@id":"https:\/\/www.gittas-verkstad.com\/se\/#\/schema\/person\/66efc41949b9b5d43667d40db8dfcc57","name":"gitta","url":"https:\/\/www.gittas-verkstad.com\/se\/author\/gitta\/"}]}},"_links":{"self":[{"href":"https:\/\/www.gittas-verkstad.com\/se\/wp-json\/wp\/v2\/posts\/1510","targetHints":{"allow":["GET"]}}],"collection":[{"href":"https:\/\/www.gittas-verkstad.com\/se\/wp-json\/wp\/v2\/posts"}],"about":[{"href":"https:\/\/www.gittas-verkstad.com\/se\/wp-json\/wp\/v2\/types\/post"}],"author":[{"embeddable":true,"href":"https:\/\/www.gittas-verkstad.com\/se\/wp-json\/wp\/v2\/users\/1"}],"replies":[{"embeddable":true,"href":"https:\/\/www.gittas-verkstad.com\/se\/wp-json\/wp\/v2\/comments?post=1510"}],"version-history":[{"count":4,"href":"https:\/\/www.gittas-verkstad.com\/se\/wp-json\/wp\/v2\/posts\/1510\/revisions"}],"predecessor-version":[{"id":1515,"href":"https:\/\/www.gittas-verkstad.com\/se\/wp-json\/wp\/v2\/posts\/1510\/revisions\/1515"}],"wp:featuredmedia":[{"embeddable":true,"href":"https:\/\/www.gittas-verkstad.com\/se\/wp-json\/wp\/v2\/media\/1512"}],"wp:attachment":[{"href":"https:\/\/www.gittas-verkstad.com\/se\/wp-json\/wp\/v2\/media?parent=1510"}],"wp:term":[{"taxonomy":"category","embeddable":true,"href":"https:\/\/www.gittas-verkstad.com\/se\/wp-json\/wp\/v2\/categories?post=1510"},{"taxonomy":"post_tag","embeddable":true,"href":"https:\/\/www.gittas-verkstad.com\/se\/wp-json\/wp\/v2\/tags?post=1510"}],"curies":[{"name":"wp","href":"https:\/\/api.w.org\/{rel}","templated":true}]}}