{"id":1408,"date":"2020-04-10T18:38:58","date_gmt":"2020-04-10T16:38:58","guid":{"rendered":"http:\/\/www.gittas-verkstad.com\/se\/?p=1408"},"modified":"2020-04-10T18:39:54","modified_gmt":"2020-04-10T16:39:54","slug":"glad-pask-2020","status":"publish","type":"post","link":"https:\/\/www.gittas-verkstad.com\/se\/aktuellt\/glad-pask-2020\/","title":{"rendered":"Glad p\u00e5sk 2020"},"content":{"rendered":"<p>Glad p\u00e5sk 2020 \u00f6nskar Gittas Verkstad i denna h\u00e4ndelserika tid.<\/p>\n<p>M\u00f6jligen kommer vi en dag tillbaka till var normala vardag med nya id\u00e9er, tankar och insikter.<\/p>\n<p>Ni som \u00e4r intresserade i konst och hantverk \u00e4r v\u00e4lkommen till v\u00e5r Virtuella Konstrunda. Fr\u00e5n och med idag till s\u00f6ndag 19 april kl 17:00 finns den p\u00e5 v\u00e5r Facebooksida <a href=\"https:\/\/www.facebook.com\/konstrundanarjang\/\">https:\/\/www.facebook.com\/konstrundanarjang\/<\/a><\/p>\n<p>V\u00e4lkommen och njuta av konst och hantverk fr\u00e5n \u00c5rj\u00e4ngs Kommun!<\/p>\n<p>&nbsp;<\/p>\n<p>&nbsp;<\/p>\n<p>&nbsp;<\/p>\n<p>&nbsp;<\/p>\n","protected":false},"excerpt":{"rendered":"<p>Glad p\u00e5sk 2020 \u00f6nskar Gittas Verkstad i denna h\u00e4ndelserika tid. M\u00f6jligen kommer vi en dag tillbaka till var normala vardag med nya id\u00e9er, tankar och insikter. Ni som \u00e4r intresserade i konst och hantverk \u00e4r v\u00e4lkommen till v\u00e5r Virtuella Konstrunda. <a class=\"more-link\" href=\"https:\/\/www.gittas-verkstad.com\/se\/aktuellt\/glad-pask-2020\/\">l\u00e4s mer&#8230;<\/a><\/p>\n","protected":false},"author":1,"featured_media":1409,"comment_status":"closed","ping_status":"closed","sticky":false,"template":"","format":"standard","meta":{"footnotes":""},"categories":[2],"tags":[305,8,304,103,69],"class_list":["post-1408","post","type-post","status-publish","format-standard","has-post-thumbnail","hentry","category-aktuellt","tag-facebooksida","tag-gittas-verkstad","tag-glad-pask-2020","tag-hantverk","tag-konst"],"yoast_head":"<!-- This site is optimized with the Yoast SEO plugin v27.5 - https:\/\/yoast.com\/product\/yoast-seo-wordpress\/ -->\n<title>Glad p\u00e5sk 2020 \u00f6nskar Gittas Verkstad i denna h\u00e4ndelserika tid.<\/title>\n<meta name=\"description\" content=\"Glad p\u00e5sk 2020 \u00f6nskar Gittas Verkstad i denna h\u00e4ndelserika tid. M\u00f6jligen kommer vi en dag tillbaka till var normala vardag med nya id\u00e9er, tankar\" \/>\n<meta name=\"robots\" content=\"index, follow, max-snippet:-1, max-image-preview:large, max-video-preview:-1\" \/>\n<link rel=\"canonical\" href=\"https:\/\/www.gittas-verkstad.com\/se\/aktuellt\/glad-pask-2020\/\" \/>\n<meta property=\"og:locale\" content=\"sv_SE\" \/>\n<meta property=\"og:type\" content=\"article\" \/>\n<meta property=\"og:title\" content=\"Glad p\u00e5sk 2020 \u00f6nskar Gittas Verkstad i denna h\u00e4ndelserika tid.\" \/>\n<meta property=\"og:description\" content=\"Glad p\u00e5sk 2020 \u00f6nskar Gittas Verkstad i denna h\u00e4ndelserika tid. M\u00f6jligen kommer vi en dag tillbaka till var normala vardag med nya id\u00e9er, tankar\" \/>\n<meta property=\"og:url\" content=\"https:\/\/www.gittas-verkstad.com\/se\/aktuellt\/glad-pask-2020\/\" \/>\n<meta property=\"og:site_name\" content=\"Gittas verkstad v\u00e4v, konst, design \/ se \/ Lennartsfors\" \/>\n<meta property=\"article:published_time\" content=\"2020-04-10T16:38:58+00:00\" \/>\n<meta property=\"article:modified_time\" content=\"2020-04-10T16:39:54+00:00\" \/>\n<meta property=\"og:image\" content=\"https:\/\/www.gittas-verkstad.com\/se\/wp-content\/uploads\/sites\/12\/2020\/04\/Glad-P\u00e5sk-2020-Gittas-verkstad.jpg\" \/>\n\t<meta property=\"og:image:width\" content=\"1680\" \/>\n\t<meta property=\"og:image:height\" content=\"400\" \/>\n\t<meta property=\"og:image:type\" content=\"image\/jpeg\" \/>\n<meta name=\"author\" content=\"gitta\" \/>\n<meta name=\"twitter:card\" content=\"summary_large_image\" \/>\n<meta name=\"twitter:label1\" content=\"Skriven av\" \/>\n\t<meta name=\"twitter:data1\" content=\"gitta\" \/>\n<script type=\"application\/ld+json\" class=\"yoast-schema-graph\">{\"@context\":\"https:\\\/\\\/schema.org\",\"@graph\":[{\"@type\":\"Article\",\"@id\":\"https:\\\/\\\/www.gittas-verkstad.com\\\/se\\\/aktuellt\\\/glad-pask-2020\\\/#article\",\"isPartOf\":{\"@id\":\"https:\\\/\\\/www.gittas-verkstad.com\\\/se\\\/aktuellt\\\/glad-pask-2020\\\/\"},\"author\":{\"name\":\"gitta\",\"@id\":\"https:\\\/\\\/www.gittas-verkstad.com\\\/se\\\/#\\\/schema\\\/person\\\/66efc41949b9b5d43667d40db8dfcc57\"},\"headline\":\"Glad p\u00e5sk 2020\",\"datePublished\":\"2020-04-10T16:38:58+00:00\",\"dateModified\":\"2020-04-10T16:39:54+00:00\",\"mainEntityOfPage\":{\"@id\":\"https:\\\/\\\/www.gittas-verkstad.com\\\/se\\\/aktuellt\\\/glad-pask-2020\\\/\"},\"wordCount\":86,\"image\":{\"@id\":\"https:\\\/\\\/www.gittas-verkstad.com\\\/se\\\/aktuellt\\\/glad-pask-2020\\\/#primaryimage\"},\"thumbnailUrl\":\"https:\\\/\\\/www.gittas-verkstad.com\\\/se\\\/wp-content\\\/uploads\\\/sites\\\/12\\\/2020\\\/04\\\/Glad-P\u00e5sk-2020-Gittas-verkstad.jpg\",\"keywords\":[\"Facebooksida\",\"Gittas verkstad\",\"Glad p\u00e5sk 2020\",\"hantverk\",\"konst\"],\"articleSection\":[\"Aktuellt\"],\"inLanguage\":\"sv-SE\"},{\"@type\":\"WebPage\",\"@id\":\"https:\\\/\\\/www.gittas-verkstad.com\\\/se\\\/aktuellt\\\/glad-pask-2020\\\/\",\"url\":\"https:\\\/\\\/www.gittas-verkstad.com\\\/se\\\/aktuellt\\\/glad-pask-2020\\\/\",\"name\":\"Glad p\u00e5sk 2020 \u00f6nskar Gittas Verkstad i denna h\u00e4ndelserika tid.\",\"isPartOf\":{\"@id\":\"https:\\\/\\\/www.gittas-verkstad.com\\\/se\\\/#website\"},\"primaryImageOfPage\":{\"@id\":\"https:\\\/\\\/www.gittas-verkstad.com\\\/se\\\/aktuellt\\\/glad-pask-2020\\\/#primaryimage\"},\"image\":{\"@id\":\"https:\\\/\\\/www.gittas-verkstad.com\\\/se\\\/aktuellt\\\/glad-pask-2020\\\/#primaryimage\"},\"thumbnailUrl\":\"https:\\\/\\\/www.gittas-verkstad.com\\\/se\\\/wp-content\\\/uploads\\\/sites\\\/12\\\/2020\\\/04\\\/Glad-P\u00e5sk-2020-Gittas-verkstad.jpg\",\"datePublished\":\"2020-04-10T16:38:58+00:00\",\"dateModified\":\"2020-04-10T16:39:54+00:00\",\"author\":{\"@id\":\"https:\\\/\\\/www.gittas-verkstad.com\\\/se\\\/#\\\/schema\\\/person\\\/66efc41949b9b5d43667d40db8dfcc57\"},\"description\":\"Glad p\u00e5sk 2020 \u00f6nskar Gittas Verkstad i denna h\u00e4ndelserika tid. M\u00f6jligen kommer vi en dag tillbaka till var normala vardag med nya id\u00e9er, tankar\",\"breadcrumb\":{\"@id\":\"https:\\\/\\\/www.gittas-verkstad.com\\\/se\\\/aktuellt\\\/glad-pask-2020\\\/#breadcrumb\"},\"inLanguage\":\"sv-SE\",\"potentialAction\":[{\"@type\":\"ReadAction\",\"target\":[\"https:\\\/\\\/www.gittas-verkstad.com\\\/se\\\/aktuellt\\\/glad-pask-2020\\\/\"]}]},{\"@type\":\"ImageObject\",\"inLanguage\":\"sv-SE\",\"@id\":\"https:\\\/\\\/www.gittas-verkstad.com\\\/se\\\/aktuellt\\\/glad-pask-2020\\\/#primaryimage\",\"url\":\"https:\\\/\\\/www.gittas-verkstad.com\\\/se\\\/wp-content\\\/uploads\\\/sites\\\/12\\\/2020\\\/04\\\/Glad-P\u00e5sk-2020-Gittas-verkstad.jpg\",\"contentUrl\":\"https:\\\/\\\/www.gittas-verkstad.com\\\/se\\\/wp-content\\\/uploads\\\/sites\\\/12\\\/2020\\\/04\\\/Glad-P\u00e5sk-2020-Gittas-verkstad.jpg\",\"width\":1680,\"height\":400,\"caption\":\"Glad-P\u00e5sk-2020-Gittas-verkstad\"},{\"@type\":\"BreadcrumbList\",\"@id\":\"https:\\\/\\\/www.gittas-verkstad.com\\\/se\\\/aktuellt\\\/glad-pask-2020\\\/#breadcrumb\",\"itemListElement\":[{\"@type\":\"ListItem\",\"position\":1,\"name\":\"Startseite\",\"item\":\"https:\\\/\\\/www.gittas-verkstad.com\\\/se\\\/\"},{\"@type\":\"ListItem\",\"position\":2,\"name\":\"Glad p\u00e5sk 2020\"}]},{\"@type\":\"WebSite\",\"@id\":\"https:\\\/\\\/www.gittas-verkstad.com\\\/se\\\/#website\",\"url\":\"https:\\\/\\\/www.gittas-verkstad.com\\\/se\\\/\",\"name\":\"Gittas verkstad v\u00e4v, konst, design \\\/ se \\\/ Lennartsfors\",\"description\":\"Gitta driver en verkstad f\u00f6r v\u00e4vning, konst och design i Lennartsfors. De handgjorda produkterna s\u00e4ljer hon i hennes galleri p\u00e5 Gjut\u00e5s vid Dalslands Kanalen.\",\"potentialAction\":[{\"@type\":\"SearchAction\",\"target\":{\"@type\":\"EntryPoint\",\"urlTemplate\":\"https:\\\/\\\/www.gittas-verkstad.com\\\/se\\\/?s={search_term_string}\"},\"query-input\":{\"@type\":\"PropertyValueSpecification\",\"valueRequired\":true,\"valueName\":\"search_term_string\"}}],\"inLanguage\":\"sv-SE\"},{\"@type\":\"Person\",\"@id\":\"https:\\\/\\\/www.gittas-verkstad.com\\\/se\\\/#\\\/schema\\\/person\\\/66efc41949b9b5d43667d40db8dfcc57\",\"name\":\"gitta\",\"url\":\"https:\\\/\\\/www.gittas-verkstad.com\\\/se\\\/author\\\/gitta\\\/\"}]}<\/script>\n<!-- \/ Yoast SEO plugin. -->","yoast_head_json":{"title":"Glad p\u00e5sk 2020 \u00f6nskar Gittas Verkstad i denna h\u00e4ndelserika tid.","description":"Glad p\u00e5sk 2020 \u00f6nskar Gittas Verkstad i denna h\u00e4ndelserika tid. M\u00f6jligen kommer vi en dag tillbaka till var normala vardag med nya id\u00e9er, tankar","robots":{"index":"index","follow":"follow","max-snippet":"max-snippet:-1","max-image-preview":"max-image-preview:large","max-video-preview":"max-video-preview:-1"},"canonical":"https:\/\/www.gittas-verkstad.com\/se\/aktuellt\/glad-pask-2020\/","og_locale":"sv_SE","og_type":"article","og_title":"Glad p\u00e5sk 2020 \u00f6nskar Gittas Verkstad i denna h\u00e4ndelserika tid.","og_description":"Glad p\u00e5sk 2020 \u00f6nskar Gittas Verkstad i denna h\u00e4ndelserika tid. M\u00f6jligen kommer vi en dag tillbaka till var normala vardag med nya id\u00e9er, tankar","og_url":"https:\/\/www.gittas-verkstad.com\/se\/aktuellt\/glad-pask-2020\/","og_site_name":"Gittas verkstad v\u00e4v, konst, design \/ se \/ Lennartsfors","article_published_time":"2020-04-10T16:38:58+00:00","article_modified_time":"2020-04-10T16:39:54+00:00","og_image":[{"width":1680,"height":400,"url":"https:\/\/www.gittas-verkstad.com\/se\/wp-content\/uploads\/sites\/12\/2020\/04\/Glad-P\u00e5sk-2020-Gittas-verkstad.jpg","type":"image\/jpeg"}],"author":"gitta","twitter_card":"summary_large_image","twitter_misc":{"Skriven av":"gitta"},"schema":{"@context":"https:\/\/schema.org","@graph":[{"@type":"Article","@id":"https:\/\/www.gittas-verkstad.com\/se\/aktuellt\/glad-pask-2020\/#article","isPartOf":{"@id":"https:\/\/www.gittas-verkstad.com\/se\/aktuellt\/glad-pask-2020\/"},"author":{"name":"gitta","@id":"https:\/\/www.gittas-verkstad.com\/se\/#\/schema\/person\/66efc41949b9b5d43667d40db8dfcc57"},"headline":"Glad p\u00e5sk 2020","datePublished":"2020-04-10T16:38:58+00:00","dateModified":"2020-04-10T16:39:54+00:00","mainEntityOfPage":{"@id":"https:\/\/www.gittas-verkstad.com\/se\/aktuellt\/glad-pask-2020\/"},"wordCount":86,"image":{"@id":"https:\/\/www.gittas-verkstad.com\/se\/aktuellt\/glad-pask-2020\/#primaryimage"},"thumbnailUrl":"https:\/\/www.gittas-verkstad.com\/se\/wp-content\/uploads\/sites\/12\/2020\/04\/Glad-P\u00e5sk-2020-Gittas-verkstad.jpg","keywords":["Facebooksida","Gittas verkstad","Glad p\u00e5sk 2020","hantverk","konst"],"articleSection":["Aktuellt"],"inLanguage":"sv-SE"},{"@type":"WebPage","@id":"https:\/\/www.gittas-verkstad.com\/se\/aktuellt\/glad-pask-2020\/","url":"https:\/\/www.gittas-verkstad.com\/se\/aktuellt\/glad-pask-2020\/","name":"Glad p\u00e5sk 2020 \u00f6nskar Gittas Verkstad i denna h\u00e4ndelserika tid.","isPartOf":{"@id":"https:\/\/www.gittas-verkstad.com\/se\/#website"},"primaryImageOfPage":{"@id":"https:\/\/www.gittas-verkstad.com\/se\/aktuellt\/glad-pask-2020\/#primaryimage"},"image":{"@id":"https:\/\/www.gittas-verkstad.com\/se\/aktuellt\/glad-pask-2020\/#primaryimage"},"thumbnailUrl":"https:\/\/www.gittas-verkstad.com\/se\/wp-content\/uploads\/sites\/12\/2020\/04\/Glad-P\u00e5sk-2020-Gittas-verkstad.jpg","datePublished":"2020-04-10T16:38:58+00:00","dateModified":"2020-04-10T16:39:54+00:00","author":{"@id":"https:\/\/www.gittas-verkstad.com\/se\/#\/schema\/person\/66efc41949b9b5d43667d40db8dfcc57"},"description":"Glad p\u00e5sk 2020 \u00f6nskar Gittas Verkstad i denna h\u00e4ndelserika tid. M\u00f6jligen kommer vi en dag tillbaka till var normala vardag med nya id\u00e9er, tankar","breadcrumb":{"@id":"https:\/\/www.gittas-verkstad.com\/se\/aktuellt\/glad-pask-2020\/#breadcrumb"},"inLanguage":"sv-SE","potentialAction":[{"@type":"ReadAction","target":["https:\/\/www.gittas-verkstad.com\/se\/aktuellt\/glad-pask-2020\/"]}]},{"@type":"ImageObject","inLanguage":"sv-SE","@id":"https:\/\/www.gittas-verkstad.com\/se\/aktuellt\/glad-pask-2020\/#primaryimage","url":"https:\/\/www.gittas-verkstad.com\/se\/wp-content\/uploads\/sites\/12\/2020\/04\/Glad-P\u00e5sk-2020-Gittas-verkstad.jpg","contentUrl":"https:\/\/www.gittas-verkstad.com\/se\/wp-content\/uploads\/sites\/12\/2020\/04\/Glad-P\u00e5sk-2020-Gittas-verkstad.jpg","width":1680,"height":400,"caption":"Glad-P\u00e5sk-2020-Gittas-verkstad"},{"@type":"BreadcrumbList","@id":"https:\/\/www.gittas-verkstad.com\/se\/aktuellt\/glad-pask-2020\/#breadcrumb","itemListElement":[{"@type":"ListItem","position":1,"name":"Startseite","item":"https:\/\/www.gittas-verkstad.com\/se\/"},{"@type":"ListItem","position":2,"name":"Glad p\u00e5sk 2020"}]},{"@type":"WebSite","@id":"https:\/\/www.gittas-verkstad.com\/se\/#website","url":"https:\/\/www.gittas-verkstad.com\/se\/","name":"Gittas verkstad v\u00e4v, konst, design \/ se \/ Lennartsfors","description":"Gitta driver en verkstad f\u00f6r v\u00e4vning, konst och design i Lennartsfors. De handgjorda produkterna s\u00e4ljer hon i hennes galleri p\u00e5 Gjut\u00e5s vid Dalslands Kanalen.","potentialAction":[{"@type":"SearchAction","target":{"@type":"EntryPoint","urlTemplate":"https:\/\/www.gittas-verkstad.com\/se\/?s={search_term_string}"},"query-input":{"@type":"PropertyValueSpecification","valueRequired":true,"valueName":"search_term_string"}}],"inLanguage":"sv-SE"},{"@type":"Person","@id":"https:\/\/www.gittas-verkstad.com\/se\/#\/schema\/person\/66efc41949b9b5d43667d40db8dfcc57","name":"gitta","url":"https:\/\/www.gittas-verkstad.com\/se\/author\/gitta\/"}]}},"_links":{"self":[{"href":"https:\/\/www.gittas-verkstad.com\/se\/wp-json\/wp\/v2\/posts\/1408","targetHints":{"allow":["GET"]}}],"collection":[{"href":"https:\/\/www.gittas-verkstad.com\/se\/wp-json\/wp\/v2\/posts"}],"about":[{"href":"https:\/\/www.gittas-verkstad.com\/se\/wp-json\/wp\/v2\/types\/post"}],"author":[{"embeddable":true,"href":"https:\/\/www.gittas-verkstad.com\/se\/wp-json\/wp\/v2\/users\/1"}],"replies":[{"embeddable":true,"href":"https:\/\/www.gittas-verkstad.com\/se\/wp-json\/wp\/v2\/comments?post=1408"}],"version-history":[{"count":1,"href":"https:\/\/www.gittas-verkstad.com\/se\/wp-json\/wp\/v2\/posts\/1408\/revisions"}],"predecessor-version":[{"id":1410,"href":"https:\/\/www.gittas-verkstad.com\/se\/wp-json\/wp\/v2\/posts\/1408\/revisions\/1410"}],"wp:featuredmedia":[{"embeddable":true,"href":"https:\/\/www.gittas-verkstad.com\/se\/wp-json\/wp\/v2\/media\/1409"}],"wp:attachment":[{"href":"https:\/\/www.gittas-verkstad.com\/se\/wp-json\/wp\/v2\/media?parent=1408"}],"wp:term":[{"taxonomy":"category","embeddable":true,"href":"https:\/\/www.gittas-verkstad.com\/se\/wp-json\/wp\/v2\/categories?post=1408"},{"taxonomy":"post_tag","embeddable":true,"href":"https:\/\/www.gittas-verkstad.com\/se\/wp-json\/wp\/v2\/tags?post=1408"}],"curies":[{"name":"wp","href":"https:\/\/api.w.org\/{rel}","templated":true}]}}