{"id":1400,"date":"2020-04-02T18:34:51","date_gmt":"2020-04-02T16:34:51","guid":{"rendered":"http:\/\/www.gittas-verkstad.com\/se\/?p=1400"},"modified":"2020-05-04T18:43:15","modified_gmt":"2020-05-04T16:43:15","slug":"forsta-virtuell-konstrunda-arjangs-kommun-2020","status":"publish","type":"post","link":"https:\/\/www.gittas-verkstad.com\/se\/aktuellt\/forsta-virtuell-konstrunda-arjangs-kommun-2020\/","title":{"rendered":"F\u00f6rsta virtuell Konstrunda \u00c5rj\u00e4ngs Kommun 2020"},"content":{"rendered":"<p>I \u00e5r blir det v\u00e5r f\u00f6rsta virtuell Konstrunda \u00c5rj\u00e4ngs Kommun 2020.<\/p>\n<p>V\u00e5r virtuella konstrunda finns p\u00e5 v\u00e5r Facebook sida \u201dKonstrundan \u00c5rj\u00e4ng\u201d. L\u00e5ngfredag 10 april kl 11:00 \u00e4r vernissage och d\u00e5 b\u00f6rjar vi att publicera alla inl\u00e4gg. Utst\u00e4llningen p\u00e5g\u00e5r till s\u00f6ndag 19 april kl 17:00.<\/p>\n<p>21 konstn\u00e4rer och konsthantverkare deltar i virtuell rundan. Vi visar upp varje konstn\u00e4r var f\u00f6r sig med sina alster p\u00e5 vernissagedagen med upp till 6 verk. Alla verk \u00e4r till salu.<\/p>\n<p>Gittas verkstad l\u00e4mnade in 6 olika verk: handv\u00e4vda sjalar i orange, textila collage och en bj\u00f6rk tavlor i temperatechnik.<\/p>\n<p>Det blir v\u00e4ldigt sp\u00e4nnande att se v\u00e5r presentation p\u00e5 n\u00e4tet.<\/p>\n<p>&nbsp;<\/p>\n<p>&nbsp;<\/p>\n<p>&nbsp;<\/p>\n<p>&nbsp;<\/p>\n","protected":false},"excerpt":{"rendered":"<p>I \u00e5r blir det v\u00e5r f\u00f6rsta virtuell Konstrunda \u00c5rj\u00e4ngs Kommun 2020. V\u00e5r virtuella konstrunda finns p\u00e5 v\u00e5r Facebook sida \u201dKonstrundan \u00c5rj\u00e4ng\u201d. L\u00e5ngfredag 10 april kl 11:00 \u00e4r vernissage och d\u00e5 b\u00f6rjar vi att publicera alla inl\u00e4gg. Utst\u00e4llningen p\u00e5g\u00e5r till s\u00f6ndag <a class=\"more-link\" href=\"https:\/\/www.gittas-verkstad.com\/se\/aktuellt\/forsta-virtuell-konstrunda-arjangs-kommun-2020\/\">l\u00e4s mer&#8230;<\/a><\/p>\n","protected":false},"author":1,"featured_media":1403,"comment_status":"closed","ping_status":"closed","sticky":false,"template":"","format":"standard","meta":{"footnotes":""},"categories":[2],"tags":[165,303,8,87,274,58,302],"class_list":["post-1400","post","type-post","status-publish","format-standard","has-post-thumbnail","hentry","category-aktuellt","tag-arjaengs-kommun","tag-facebook","tag-gittas-verkstad","tag-handvaevda-sjalar","tag-konstrundan-arjang","tag-sjalar","tag-virtuell-konstrunda"],"yoast_head":"<!-- This site is optimized with the Yoast SEO plugin v27.5 - https:\/\/yoast.com\/product\/yoast-seo-wordpress\/ -->\n<title>Det blir v\u00e5r f\u00f6rsta Virtuell Konstrunda \u00c5rj\u00e4ngs Kommun 2020<\/title>\n<meta name=\"description\" content=\"Det blir v\u00e5r f\u00f6rsta Virtuell Konstrunda \u00c5rj\u00e4ngs Kommun 2020 p\u00e5 grund av Corona tider. V\u00e5r virtuella konstrunda kommer att finnas p\u00e5 Facebook\" \/>\n<meta name=\"robots\" content=\"index, follow, max-snippet:-1, max-image-preview:large, max-video-preview:-1\" \/>\n<link rel=\"canonical\" href=\"https:\/\/www.gittas-verkstad.com\/se\/aktuellt\/forsta-virtuell-konstrunda-arjangs-kommun-2020\/\" \/>\n<meta property=\"og:locale\" content=\"sv_SE\" \/>\n<meta property=\"og:type\" content=\"article\" \/>\n<meta property=\"og:title\" content=\"Det blir v\u00e5r f\u00f6rsta Virtuell Konstrunda \u00c5rj\u00e4ngs Kommun 2020\" \/>\n<meta property=\"og:description\" content=\"Det blir v\u00e5r f\u00f6rsta Virtuell Konstrunda \u00c5rj\u00e4ngs Kommun 2020 p\u00e5 grund av Corona tider. V\u00e5r virtuella konstrunda kommer att finnas p\u00e5 Facebook\" \/>\n<meta property=\"og:url\" content=\"https:\/\/www.gittas-verkstad.com\/se\/aktuellt\/forsta-virtuell-konstrunda-arjangs-kommun-2020\/\" \/>\n<meta property=\"og:site_name\" content=\"Gittas verkstad v\u00e4v, konst, design \/ se \/ Lennartsfors\" \/>\n<meta property=\"article:published_time\" content=\"2020-04-02T16:34:51+00:00\" \/>\n<meta property=\"article:modified_time\" content=\"2020-05-04T16:43:15+00:00\" \/>\n<meta property=\"og:image\" content=\"https:\/\/www.gittas-verkstad.com\/se\/wp-content\/uploads\/sites\/12\/2020\/04\/Virtuell-Konstrunda-\u00c5rj\u00e4ng-2020-Gittas-verkstad.jpg\" \/>\n\t<meta property=\"og:image:width\" content=\"1680\" \/>\n\t<meta property=\"og:image:height\" content=\"401\" \/>\n\t<meta property=\"og:image:type\" content=\"image\/jpeg\" \/>\n<meta name=\"author\" content=\"gitta\" \/>\n<meta name=\"twitter:card\" content=\"summary_large_image\" \/>\n<meta name=\"twitter:label1\" content=\"Skriven av\" \/>\n\t<meta name=\"twitter:data1\" content=\"gitta\" \/>\n\t<meta name=\"twitter:label2\" content=\"Ber\u00e4knad l\u00e4stid\" \/>\n\t<meta name=\"twitter:data2\" content=\"1 minut\" \/>\n<script type=\"application\/ld+json\" class=\"yoast-schema-graph\">{\"@context\":\"https:\\\/\\\/schema.org\",\"@graph\":[{\"@type\":\"Article\",\"@id\":\"https:\\\/\\\/www.gittas-verkstad.com\\\/se\\\/aktuellt\\\/forsta-virtuell-konstrunda-arjangs-kommun-2020\\\/#article\",\"isPartOf\":{\"@id\":\"https:\\\/\\\/www.gittas-verkstad.com\\\/se\\\/aktuellt\\\/forsta-virtuell-konstrunda-arjangs-kommun-2020\\\/\"},\"author\":{\"name\":\"gitta\",\"@id\":\"https:\\\/\\\/www.gittas-verkstad.com\\\/se\\\/#\\\/schema\\\/person\\\/66efc41949b9b5d43667d40db8dfcc57\"},\"headline\":\"F\u00f6rsta virtuell Konstrunda \u00c5rj\u00e4ngs Kommun 2020\",\"datePublished\":\"2020-04-02T16:34:51+00:00\",\"dateModified\":\"2020-05-04T16:43:15+00:00\",\"mainEntityOfPage\":{\"@id\":\"https:\\\/\\\/www.gittas-verkstad.com\\\/se\\\/aktuellt\\\/forsta-virtuell-konstrunda-arjangs-kommun-2020\\\/\"},\"wordCount\":130,\"image\":{\"@id\":\"https:\\\/\\\/www.gittas-verkstad.com\\\/se\\\/aktuellt\\\/forsta-virtuell-konstrunda-arjangs-kommun-2020\\\/#primaryimage\"},\"thumbnailUrl\":\"https:\\\/\\\/www.gittas-verkstad.com\\\/se\\\/wp-content\\\/uploads\\\/sites\\\/12\\\/2020\\\/04\\\/Virtuell-Konstrunda-\u00c5rj\u00e4ng-2020-Gittas-verkstad.jpg\",\"keywords\":[\"\u00c5rj\u00e4ngs Kommun\",\"Facebook\",\"Gittas verkstad\",\"handv\u00e4vda sjalar\",\"Konstrundan \u00c5rj\u00e4ng\",\"sjalar\",\"Virtuell Konstrunda\"],\"articleSection\":[\"Aktuellt\"],\"inLanguage\":\"sv-SE\"},{\"@type\":\"WebPage\",\"@id\":\"https:\\\/\\\/www.gittas-verkstad.com\\\/se\\\/aktuellt\\\/forsta-virtuell-konstrunda-arjangs-kommun-2020\\\/\",\"url\":\"https:\\\/\\\/www.gittas-verkstad.com\\\/se\\\/aktuellt\\\/forsta-virtuell-konstrunda-arjangs-kommun-2020\\\/\",\"name\":\"Det blir v\u00e5r f\u00f6rsta Virtuell Konstrunda \u00c5rj\u00e4ngs Kommun 2020\",\"isPartOf\":{\"@id\":\"https:\\\/\\\/www.gittas-verkstad.com\\\/se\\\/#website\"},\"primaryImageOfPage\":{\"@id\":\"https:\\\/\\\/www.gittas-verkstad.com\\\/se\\\/aktuellt\\\/forsta-virtuell-konstrunda-arjangs-kommun-2020\\\/#primaryimage\"},\"image\":{\"@id\":\"https:\\\/\\\/www.gittas-verkstad.com\\\/se\\\/aktuellt\\\/forsta-virtuell-konstrunda-arjangs-kommun-2020\\\/#primaryimage\"},\"thumbnailUrl\":\"https:\\\/\\\/www.gittas-verkstad.com\\\/se\\\/wp-content\\\/uploads\\\/sites\\\/12\\\/2020\\\/04\\\/Virtuell-Konstrunda-\u00c5rj\u00e4ng-2020-Gittas-verkstad.jpg\",\"datePublished\":\"2020-04-02T16:34:51+00:00\",\"dateModified\":\"2020-05-04T16:43:15+00:00\",\"author\":{\"@id\":\"https:\\\/\\\/www.gittas-verkstad.com\\\/se\\\/#\\\/schema\\\/person\\\/66efc41949b9b5d43667d40db8dfcc57\"},\"description\":\"Det blir v\u00e5r f\u00f6rsta Virtuell Konstrunda \u00c5rj\u00e4ngs Kommun 2020 p\u00e5 grund av Corona tider. V\u00e5r virtuella konstrunda kommer att finnas p\u00e5 Facebook\",\"breadcrumb\":{\"@id\":\"https:\\\/\\\/www.gittas-verkstad.com\\\/se\\\/aktuellt\\\/forsta-virtuell-konstrunda-arjangs-kommun-2020\\\/#breadcrumb\"},\"inLanguage\":\"sv-SE\",\"potentialAction\":[{\"@type\":\"ReadAction\",\"target\":[\"https:\\\/\\\/www.gittas-verkstad.com\\\/se\\\/aktuellt\\\/forsta-virtuell-konstrunda-arjangs-kommun-2020\\\/\"]}]},{\"@type\":\"ImageObject\",\"inLanguage\":\"sv-SE\",\"@id\":\"https:\\\/\\\/www.gittas-verkstad.com\\\/se\\\/aktuellt\\\/forsta-virtuell-konstrunda-arjangs-kommun-2020\\\/#primaryimage\",\"url\":\"https:\\\/\\\/www.gittas-verkstad.com\\\/se\\\/wp-content\\\/uploads\\\/sites\\\/12\\\/2020\\\/04\\\/Virtuell-Konstrunda-\u00c5rj\u00e4ng-2020-Gittas-verkstad.jpg\",\"contentUrl\":\"https:\\\/\\\/www.gittas-verkstad.com\\\/se\\\/wp-content\\\/uploads\\\/sites\\\/12\\\/2020\\\/04\\\/Virtuell-Konstrunda-\u00c5rj\u00e4ng-2020-Gittas-verkstad.jpg\",\"width\":1680,\"height\":401,\"caption\":\"Virtuell-Konstrunda-\u00c5rj\u00e4ng-2020-Gittas-verkstad\"},{\"@type\":\"BreadcrumbList\",\"@id\":\"https:\\\/\\\/www.gittas-verkstad.com\\\/se\\\/aktuellt\\\/forsta-virtuell-konstrunda-arjangs-kommun-2020\\\/#breadcrumb\",\"itemListElement\":[{\"@type\":\"ListItem\",\"position\":1,\"name\":\"Startseite\",\"item\":\"https:\\\/\\\/www.gittas-verkstad.com\\\/se\\\/\"},{\"@type\":\"ListItem\",\"position\":2,\"name\":\"F\u00f6rsta virtuell Konstrunda \u00c5rj\u00e4ngs Kommun 2020\"}]},{\"@type\":\"WebSite\",\"@id\":\"https:\\\/\\\/www.gittas-verkstad.com\\\/se\\\/#website\",\"url\":\"https:\\\/\\\/www.gittas-verkstad.com\\\/se\\\/\",\"name\":\"Gittas verkstad v\u00e4v, konst, design \\\/ se \\\/ Lennartsfors\",\"description\":\"Gitta driver en verkstad f\u00f6r v\u00e4vning, konst och design i Lennartsfors. De handgjorda produkterna s\u00e4ljer hon i hennes galleri p\u00e5 Gjut\u00e5s vid Dalslands Kanalen.\",\"potentialAction\":[{\"@type\":\"SearchAction\",\"target\":{\"@type\":\"EntryPoint\",\"urlTemplate\":\"https:\\\/\\\/www.gittas-verkstad.com\\\/se\\\/?s={search_term_string}\"},\"query-input\":{\"@type\":\"PropertyValueSpecification\",\"valueRequired\":true,\"valueName\":\"search_term_string\"}}],\"inLanguage\":\"sv-SE\"},{\"@type\":\"Person\",\"@id\":\"https:\\\/\\\/www.gittas-verkstad.com\\\/se\\\/#\\\/schema\\\/person\\\/66efc41949b9b5d43667d40db8dfcc57\",\"name\":\"gitta\",\"url\":\"https:\\\/\\\/www.gittas-verkstad.com\\\/se\\\/author\\\/gitta\\\/\"}]}<\/script>\n<!-- \/ Yoast SEO plugin. -->","yoast_head_json":{"title":"Det blir v\u00e5r f\u00f6rsta Virtuell Konstrunda \u00c5rj\u00e4ngs Kommun 2020","description":"Det blir v\u00e5r f\u00f6rsta Virtuell Konstrunda \u00c5rj\u00e4ngs Kommun 2020 p\u00e5 grund av Corona tider. V\u00e5r virtuella konstrunda kommer att finnas p\u00e5 Facebook","robots":{"index":"index","follow":"follow","max-snippet":"max-snippet:-1","max-image-preview":"max-image-preview:large","max-video-preview":"max-video-preview:-1"},"canonical":"https:\/\/www.gittas-verkstad.com\/se\/aktuellt\/forsta-virtuell-konstrunda-arjangs-kommun-2020\/","og_locale":"sv_SE","og_type":"article","og_title":"Det blir v\u00e5r f\u00f6rsta Virtuell Konstrunda \u00c5rj\u00e4ngs Kommun 2020","og_description":"Det blir v\u00e5r f\u00f6rsta Virtuell Konstrunda \u00c5rj\u00e4ngs Kommun 2020 p\u00e5 grund av Corona tider. V\u00e5r virtuella konstrunda kommer att finnas p\u00e5 Facebook","og_url":"https:\/\/www.gittas-verkstad.com\/se\/aktuellt\/forsta-virtuell-konstrunda-arjangs-kommun-2020\/","og_site_name":"Gittas verkstad v\u00e4v, konst, design \/ se \/ Lennartsfors","article_published_time":"2020-04-02T16:34:51+00:00","article_modified_time":"2020-05-04T16:43:15+00:00","og_image":[{"width":1680,"height":401,"url":"https:\/\/www.gittas-verkstad.com\/se\/wp-content\/uploads\/sites\/12\/2020\/04\/Virtuell-Konstrunda-\u00c5rj\u00e4ng-2020-Gittas-verkstad.jpg","type":"image\/jpeg"}],"author":"gitta","twitter_card":"summary_large_image","twitter_misc":{"Skriven av":"gitta","Ber\u00e4knad l\u00e4stid":"1 minut"},"schema":{"@context":"https:\/\/schema.org","@graph":[{"@type":"Article","@id":"https:\/\/www.gittas-verkstad.com\/se\/aktuellt\/forsta-virtuell-konstrunda-arjangs-kommun-2020\/#article","isPartOf":{"@id":"https:\/\/www.gittas-verkstad.com\/se\/aktuellt\/forsta-virtuell-konstrunda-arjangs-kommun-2020\/"},"author":{"name":"gitta","@id":"https:\/\/www.gittas-verkstad.com\/se\/#\/schema\/person\/66efc41949b9b5d43667d40db8dfcc57"},"headline":"F\u00f6rsta virtuell Konstrunda \u00c5rj\u00e4ngs Kommun 2020","datePublished":"2020-04-02T16:34:51+00:00","dateModified":"2020-05-04T16:43:15+00:00","mainEntityOfPage":{"@id":"https:\/\/www.gittas-verkstad.com\/se\/aktuellt\/forsta-virtuell-konstrunda-arjangs-kommun-2020\/"},"wordCount":130,"image":{"@id":"https:\/\/www.gittas-verkstad.com\/se\/aktuellt\/forsta-virtuell-konstrunda-arjangs-kommun-2020\/#primaryimage"},"thumbnailUrl":"https:\/\/www.gittas-verkstad.com\/se\/wp-content\/uploads\/sites\/12\/2020\/04\/Virtuell-Konstrunda-\u00c5rj\u00e4ng-2020-Gittas-verkstad.jpg","keywords":["\u00c5rj\u00e4ngs Kommun","Facebook","Gittas verkstad","handv\u00e4vda sjalar","Konstrundan \u00c5rj\u00e4ng","sjalar","Virtuell Konstrunda"],"articleSection":["Aktuellt"],"inLanguage":"sv-SE"},{"@type":"WebPage","@id":"https:\/\/www.gittas-verkstad.com\/se\/aktuellt\/forsta-virtuell-konstrunda-arjangs-kommun-2020\/","url":"https:\/\/www.gittas-verkstad.com\/se\/aktuellt\/forsta-virtuell-konstrunda-arjangs-kommun-2020\/","name":"Det blir v\u00e5r f\u00f6rsta Virtuell Konstrunda \u00c5rj\u00e4ngs Kommun 2020","isPartOf":{"@id":"https:\/\/www.gittas-verkstad.com\/se\/#website"},"primaryImageOfPage":{"@id":"https:\/\/www.gittas-verkstad.com\/se\/aktuellt\/forsta-virtuell-konstrunda-arjangs-kommun-2020\/#primaryimage"},"image":{"@id":"https:\/\/www.gittas-verkstad.com\/se\/aktuellt\/forsta-virtuell-konstrunda-arjangs-kommun-2020\/#primaryimage"},"thumbnailUrl":"https:\/\/www.gittas-verkstad.com\/se\/wp-content\/uploads\/sites\/12\/2020\/04\/Virtuell-Konstrunda-\u00c5rj\u00e4ng-2020-Gittas-verkstad.jpg","datePublished":"2020-04-02T16:34:51+00:00","dateModified":"2020-05-04T16:43:15+00:00","author":{"@id":"https:\/\/www.gittas-verkstad.com\/se\/#\/schema\/person\/66efc41949b9b5d43667d40db8dfcc57"},"description":"Det blir v\u00e5r f\u00f6rsta Virtuell Konstrunda \u00c5rj\u00e4ngs Kommun 2020 p\u00e5 grund av Corona tider. V\u00e5r virtuella konstrunda kommer att finnas p\u00e5 Facebook","breadcrumb":{"@id":"https:\/\/www.gittas-verkstad.com\/se\/aktuellt\/forsta-virtuell-konstrunda-arjangs-kommun-2020\/#breadcrumb"},"inLanguage":"sv-SE","potentialAction":[{"@type":"ReadAction","target":["https:\/\/www.gittas-verkstad.com\/se\/aktuellt\/forsta-virtuell-konstrunda-arjangs-kommun-2020\/"]}]},{"@type":"ImageObject","inLanguage":"sv-SE","@id":"https:\/\/www.gittas-verkstad.com\/se\/aktuellt\/forsta-virtuell-konstrunda-arjangs-kommun-2020\/#primaryimage","url":"https:\/\/www.gittas-verkstad.com\/se\/wp-content\/uploads\/sites\/12\/2020\/04\/Virtuell-Konstrunda-\u00c5rj\u00e4ng-2020-Gittas-verkstad.jpg","contentUrl":"https:\/\/www.gittas-verkstad.com\/se\/wp-content\/uploads\/sites\/12\/2020\/04\/Virtuell-Konstrunda-\u00c5rj\u00e4ng-2020-Gittas-verkstad.jpg","width":1680,"height":401,"caption":"Virtuell-Konstrunda-\u00c5rj\u00e4ng-2020-Gittas-verkstad"},{"@type":"BreadcrumbList","@id":"https:\/\/www.gittas-verkstad.com\/se\/aktuellt\/forsta-virtuell-konstrunda-arjangs-kommun-2020\/#breadcrumb","itemListElement":[{"@type":"ListItem","position":1,"name":"Startseite","item":"https:\/\/www.gittas-verkstad.com\/se\/"},{"@type":"ListItem","position":2,"name":"F\u00f6rsta virtuell Konstrunda \u00c5rj\u00e4ngs Kommun 2020"}]},{"@type":"WebSite","@id":"https:\/\/www.gittas-verkstad.com\/se\/#website","url":"https:\/\/www.gittas-verkstad.com\/se\/","name":"Gittas verkstad v\u00e4v, konst, design \/ se \/ Lennartsfors","description":"Gitta driver en verkstad f\u00f6r v\u00e4vning, konst och design i Lennartsfors. De handgjorda produkterna s\u00e4ljer hon i hennes galleri p\u00e5 Gjut\u00e5s vid Dalslands Kanalen.","potentialAction":[{"@type":"SearchAction","target":{"@type":"EntryPoint","urlTemplate":"https:\/\/www.gittas-verkstad.com\/se\/?s={search_term_string}"},"query-input":{"@type":"PropertyValueSpecification","valueRequired":true,"valueName":"search_term_string"}}],"inLanguage":"sv-SE"},{"@type":"Person","@id":"https:\/\/www.gittas-verkstad.com\/se\/#\/schema\/person\/66efc41949b9b5d43667d40db8dfcc57","name":"gitta","url":"https:\/\/www.gittas-verkstad.com\/se\/author\/gitta\/"}]}},"_links":{"self":[{"href":"https:\/\/www.gittas-verkstad.com\/se\/wp-json\/wp\/v2\/posts\/1400","targetHints":{"allow":["GET"]}}],"collection":[{"href":"https:\/\/www.gittas-verkstad.com\/se\/wp-json\/wp\/v2\/posts"}],"about":[{"href":"https:\/\/www.gittas-verkstad.com\/se\/wp-json\/wp\/v2\/types\/post"}],"author":[{"embeddable":true,"href":"https:\/\/www.gittas-verkstad.com\/se\/wp-json\/wp\/v2\/users\/1"}],"replies":[{"embeddable":true,"href":"https:\/\/www.gittas-verkstad.com\/se\/wp-json\/wp\/v2\/comments?post=1400"}],"version-history":[{"count":6,"href":"https:\/\/www.gittas-verkstad.com\/se\/wp-json\/wp\/v2\/posts\/1400\/revisions"}],"predecessor-version":[{"id":1426,"href":"https:\/\/www.gittas-verkstad.com\/se\/wp-json\/wp\/v2\/posts\/1400\/revisions\/1426"}],"wp:featuredmedia":[{"embeddable":true,"href":"https:\/\/www.gittas-verkstad.com\/se\/wp-json\/wp\/v2\/media\/1403"}],"wp:attachment":[{"href":"https:\/\/www.gittas-verkstad.com\/se\/wp-json\/wp\/v2\/media?parent=1400"}],"wp:term":[{"taxonomy":"category","embeddable":true,"href":"https:\/\/www.gittas-verkstad.com\/se\/wp-json\/wp\/v2\/categories?post=1400"},{"taxonomy":"post_tag","embeddable":true,"href":"https:\/\/www.gittas-verkstad.com\/se\/wp-json\/wp\/v2\/tags?post=1400"}],"curies":[{"name":"wp","href":"https:\/\/api.w.org\/{rel}","templated":true}]}}