{"id":1365,"date":"2020-03-21T19:01:51","date_gmt":"2020-03-21T18:01:51","guid":{"rendered":"http:\/\/www.gittas-verkstad.com\/se\/?p=1365"},"modified":"2020-03-21T20:44:22","modified_gmt":"2020-03-21T19:44:22","slug":"varen-2020","status":"publish","type":"post","link":"https:\/\/www.gittas-verkstad.com\/se\/aktuellt\/varen-2020\/","title":{"rendered":"V\u00e5ren 2020"},"content":{"rendered":"<p>V\u00e5ren 2020 blir tyst i Gittas. Alla planerade aktiviteter, som P\u00e5skmarknaden i Lennartsfors och Konstrundan i \u00c5rj\u00e4ngs Kommun \u00e4r inst\u00e4lld p\u00e5 grund av den nuvarande situationen.<\/p>\n<p>Jag forts\u00e4tter arbeta i Gittas Verkstad. Min man och jag jobbar ensam i vara verkst\u00e4der. V\u00e4vning och annat hantverk \u00e4r en viktig del av v\u00e5ra liv. D\u00e4rf\u00f6r kommer det att finnas nya produkter fr\u00e5n Gittas Verkstad i denna tider ocks\u00e5.<\/p>\n<p>Om du gillar min design, best\u00e4ll g\u00e4rna n\u00e5got hos mig. Jag tillverkar en halsduk eller n\u00e5got annot \u00e5t dig och du f\u00e5r de per post hemma hos dig med en varm h\u00e4lsning fr\u00e5n Lennartsfors.<\/p>\n<p>&nbsp;<\/p>\n<p>&nbsp;<\/p>\n<p>&nbsp;<\/p>\n<p>&nbsp;<\/p>\n<p>&nbsp;<\/p>\n<p>&nbsp;<\/p>\n","protected":false},"excerpt":{"rendered":"<p>V\u00e5ren 2020 blir tyst i Gittas. Alla planerade aktiviteter, som P\u00e5skmarknaden i Lennartsfors och Konstrundan i \u00c5rj\u00e4ngs Kommun \u00e4r inst\u00e4lld p\u00e5 grund av den nuvarande situationen. Jag forts\u00e4tter arbeta i Gittas Verkstad. Min man och jag jobbar ensam i vara <a class=\"more-link\" href=\"https:\/\/www.gittas-verkstad.com\/se\/aktuellt\/varen-2020\/\">l\u00e4s mer&#8230;<\/a><\/p>\n","protected":false},"author":1,"featured_media":1370,"comment_status":"closed","ping_status":"closed","sticky":false,"template":"","format":"standard","meta":{"footnotes":""},"categories":[2],"tags":[70,8,39,103,300,73,217,301,286],"class_list":["post-1365","post","type-post","status-publish","format-standard","has-post-thumbnail","hentry","category-aktuellt","tag-design","tag-gittas-verkstad","tag-halsduk","tag-hantverk","tag-konstrundan-i-arjangs-kommun","tag-lennartsfors","tag-paskmarknad","tag-per-post","tag-vavning"],"yoast_head":"<!-- This site is optimized with the Yoast SEO plugin v27.5 - https:\/\/yoast.com\/product\/yoast-seo-wordpress\/ -->\n<title>V\u00e5ren 2020 blir tyst i Gittas. Alla planerade aktiviteter<\/title>\n<meta name=\"description\" content=\"V\u00e5ren 2020 blir tyst i Gittas. Alla planerade aktiviteter, som P\u00e5skmarknaden i Lennartsfors och Konstrundan i \u00c5rj\u00e4ngs Kommun\" \/>\n<meta name=\"robots\" content=\"index, follow, max-snippet:-1, max-image-preview:large, max-video-preview:-1\" \/>\n<link rel=\"canonical\" href=\"https:\/\/www.gittas-verkstad.com\/se\/aktuellt\/varen-2020\/\" \/>\n<meta property=\"og:locale\" content=\"sv_SE\" \/>\n<meta property=\"og:type\" content=\"article\" \/>\n<meta property=\"og:title\" content=\"V\u00e5ren 2020 blir tyst i Gittas. Alla planerade aktiviteter\" \/>\n<meta property=\"og:description\" content=\"V\u00e5ren 2020 blir tyst i Gittas. Alla planerade aktiviteter, som P\u00e5skmarknaden i Lennartsfors och Konstrundan i \u00c5rj\u00e4ngs Kommun\" \/>\n<meta property=\"og:url\" content=\"https:\/\/www.gittas-verkstad.com\/se\/aktuellt\/varen-2020\/\" \/>\n<meta property=\"og:site_name\" content=\"Gittas verkstad v\u00e4v, konst, design \/ se \/ Lennartsfors\" \/>\n<meta property=\"article:published_time\" content=\"2020-03-21T18:01:51+00:00\" \/>\n<meta property=\"article:modified_time\" content=\"2020-03-21T19:44:22+00:00\" \/>\n<meta property=\"og:image\" content=\"https:\/\/www.gittas-verkstad.com\/se\/wp-content\/uploads\/sites\/12\/2020\/03\/var-2020-i-Gittas-verkstad.jpg\" \/>\n\t<meta property=\"og:image:width\" content=\"1680\" \/>\n\t<meta property=\"og:image:height\" content=\"400\" \/>\n\t<meta property=\"og:image:type\" content=\"image\/jpeg\" \/>\n<meta name=\"author\" content=\"gitta\" \/>\n<meta name=\"twitter:card\" content=\"summary_large_image\" \/>\n<meta name=\"twitter:label1\" content=\"Skriven av\" \/>\n\t<meta name=\"twitter:data1\" content=\"gitta\" \/>\n\t<meta name=\"twitter:label2\" content=\"Ber\u00e4knad l\u00e4stid\" \/>\n\t<meta name=\"twitter:data2\" content=\"1 minut\" \/>\n<script type=\"application\/ld+json\" class=\"yoast-schema-graph\">{\"@context\":\"https:\\\/\\\/schema.org\",\"@graph\":[{\"@type\":\"Article\",\"@id\":\"https:\\\/\\\/www.gittas-verkstad.com\\\/se\\\/aktuellt\\\/varen-2020\\\/#article\",\"isPartOf\":{\"@id\":\"https:\\\/\\\/www.gittas-verkstad.com\\\/se\\\/aktuellt\\\/varen-2020\\\/\"},\"author\":{\"name\":\"gitta\",\"@id\":\"https:\\\/\\\/www.gittas-verkstad.com\\\/se\\\/#\\\/schema\\\/person\\\/66efc41949b9b5d43667d40db8dfcc57\"},\"headline\":\"V\u00e5ren 2020\",\"datePublished\":\"2020-03-21T18:01:51+00:00\",\"dateModified\":\"2020-03-21T19:44:22+00:00\",\"mainEntityOfPage\":{\"@id\":\"https:\\\/\\\/www.gittas-verkstad.com\\\/se\\\/aktuellt\\\/varen-2020\\\/\"},\"wordCount\":125,\"image\":{\"@id\":\"https:\\\/\\\/www.gittas-verkstad.com\\\/se\\\/aktuellt\\\/varen-2020\\\/#primaryimage\"},\"thumbnailUrl\":\"https:\\\/\\\/www.gittas-verkstad.com\\\/se\\\/wp-content\\\/uploads\\\/sites\\\/12\\\/2020\\\/03\\\/var-2020-i-Gittas-verkstad.jpg\",\"keywords\":[\"design\",\"Gittas verkstad\",\"halsduk\",\"hantverk\",\"Konstrundan i \u00c5rj\u00e4ngs Kommun\",\"Lennartsfors\",\"P\u00e5skmarknad\",\"per post\",\"v\u00e4vning\"],\"articleSection\":[\"Aktuellt\"],\"inLanguage\":\"sv-SE\"},{\"@type\":\"WebPage\",\"@id\":\"https:\\\/\\\/www.gittas-verkstad.com\\\/se\\\/aktuellt\\\/varen-2020\\\/\",\"url\":\"https:\\\/\\\/www.gittas-verkstad.com\\\/se\\\/aktuellt\\\/varen-2020\\\/\",\"name\":\"V\u00e5ren 2020 blir tyst i Gittas. Alla planerade aktiviteter\",\"isPartOf\":{\"@id\":\"https:\\\/\\\/www.gittas-verkstad.com\\\/se\\\/#website\"},\"primaryImageOfPage\":{\"@id\":\"https:\\\/\\\/www.gittas-verkstad.com\\\/se\\\/aktuellt\\\/varen-2020\\\/#primaryimage\"},\"image\":{\"@id\":\"https:\\\/\\\/www.gittas-verkstad.com\\\/se\\\/aktuellt\\\/varen-2020\\\/#primaryimage\"},\"thumbnailUrl\":\"https:\\\/\\\/www.gittas-verkstad.com\\\/se\\\/wp-content\\\/uploads\\\/sites\\\/12\\\/2020\\\/03\\\/var-2020-i-Gittas-verkstad.jpg\",\"datePublished\":\"2020-03-21T18:01:51+00:00\",\"dateModified\":\"2020-03-21T19:44:22+00:00\",\"author\":{\"@id\":\"https:\\\/\\\/www.gittas-verkstad.com\\\/se\\\/#\\\/schema\\\/person\\\/66efc41949b9b5d43667d40db8dfcc57\"},\"description\":\"V\u00e5ren 2020 blir tyst i Gittas. Alla planerade aktiviteter, som P\u00e5skmarknaden i Lennartsfors och Konstrundan i \u00c5rj\u00e4ngs Kommun\",\"breadcrumb\":{\"@id\":\"https:\\\/\\\/www.gittas-verkstad.com\\\/se\\\/aktuellt\\\/varen-2020\\\/#breadcrumb\"},\"inLanguage\":\"sv-SE\",\"potentialAction\":[{\"@type\":\"ReadAction\",\"target\":[\"https:\\\/\\\/www.gittas-verkstad.com\\\/se\\\/aktuellt\\\/varen-2020\\\/\"]}]},{\"@type\":\"ImageObject\",\"inLanguage\":\"sv-SE\",\"@id\":\"https:\\\/\\\/www.gittas-verkstad.com\\\/se\\\/aktuellt\\\/varen-2020\\\/#primaryimage\",\"url\":\"https:\\\/\\\/www.gittas-verkstad.com\\\/se\\\/wp-content\\\/uploads\\\/sites\\\/12\\\/2020\\\/03\\\/var-2020-i-Gittas-verkstad.jpg\",\"contentUrl\":\"https:\\\/\\\/www.gittas-verkstad.com\\\/se\\\/wp-content\\\/uploads\\\/sites\\\/12\\\/2020\\\/03\\\/var-2020-i-Gittas-verkstad.jpg\",\"width\":1680,\"height\":400,\"caption\":\"var-2020-i-Gittas-verkstad\"},{\"@type\":\"BreadcrumbList\",\"@id\":\"https:\\\/\\\/www.gittas-verkstad.com\\\/se\\\/aktuellt\\\/varen-2020\\\/#breadcrumb\",\"itemListElement\":[{\"@type\":\"ListItem\",\"position\":1,\"name\":\"Startseite\",\"item\":\"https:\\\/\\\/www.gittas-verkstad.com\\\/se\\\/\"},{\"@type\":\"ListItem\",\"position\":2,\"name\":\"V\u00e5ren 2020\"}]},{\"@type\":\"WebSite\",\"@id\":\"https:\\\/\\\/www.gittas-verkstad.com\\\/se\\\/#website\",\"url\":\"https:\\\/\\\/www.gittas-verkstad.com\\\/se\\\/\",\"name\":\"Gittas verkstad v\u00e4v, konst, design \\\/ se \\\/ Lennartsfors\",\"description\":\"Gitta driver en verkstad f\u00f6r v\u00e4vning, konst och design i Lennartsfors. De handgjorda produkterna s\u00e4ljer hon i hennes galleri p\u00e5 Gjut\u00e5s vid Dalslands Kanalen.\",\"potentialAction\":[{\"@type\":\"SearchAction\",\"target\":{\"@type\":\"EntryPoint\",\"urlTemplate\":\"https:\\\/\\\/www.gittas-verkstad.com\\\/se\\\/?s={search_term_string}\"},\"query-input\":{\"@type\":\"PropertyValueSpecification\",\"valueRequired\":true,\"valueName\":\"search_term_string\"}}],\"inLanguage\":\"sv-SE\"},{\"@type\":\"Person\",\"@id\":\"https:\\\/\\\/www.gittas-verkstad.com\\\/se\\\/#\\\/schema\\\/person\\\/66efc41949b9b5d43667d40db8dfcc57\",\"name\":\"gitta\",\"url\":\"https:\\\/\\\/www.gittas-verkstad.com\\\/se\\\/author\\\/gitta\\\/\"}]}<\/script>\n<!-- \/ Yoast SEO plugin. -->","yoast_head_json":{"title":"V\u00e5ren 2020 blir tyst i Gittas. Alla planerade aktiviteter","description":"V\u00e5ren 2020 blir tyst i Gittas. Alla planerade aktiviteter, som P\u00e5skmarknaden i Lennartsfors och Konstrundan i \u00c5rj\u00e4ngs Kommun","robots":{"index":"index","follow":"follow","max-snippet":"max-snippet:-1","max-image-preview":"max-image-preview:large","max-video-preview":"max-video-preview:-1"},"canonical":"https:\/\/www.gittas-verkstad.com\/se\/aktuellt\/varen-2020\/","og_locale":"sv_SE","og_type":"article","og_title":"V\u00e5ren 2020 blir tyst i Gittas. Alla planerade aktiviteter","og_description":"V\u00e5ren 2020 blir tyst i Gittas. Alla planerade aktiviteter, som P\u00e5skmarknaden i Lennartsfors och Konstrundan i \u00c5rj\u00e4ngs Kommun","og_url":"https:\/\/www.gittas-verkstad.com\/se\/aktuellt\/varen-2020\/","og_site_name":"Gittas verkstad v\u00e4v, konst, design \/ se \/ Lennartsfors","article_published_time":"2020-03-21T18:01:51+00:00","article_modified_time":"2020-03-21T19:44:22+00:00","og_image":[{"width":1680,"height":400,"url":"https:\/\/www.gittas-verkstad.com\/se\/wp-content\/uploads\/sites\/12\/2020\/03\/var-2020-i-Gittas-verkstad.jpg","type":"image\/jpeg"}],"author":"gitta","twitter_card":"summary_large_image","twitter_misc":{"Skriven av":"gitta","Ber\u00e4knad l\u00e4stid":"1 minut"},"schema":{"@context":"https:\/\/schema.org","@graph":[{"@type":"Article","@id":"https:\/\/www.gittas-verkstad.com\/se\/aktuellt\/varen-2020\/#article","isPartOf":{"@id":"https:\/\/www.gittas-verkstad.com\/se\/aktuellt\/varen-2020\/"},"author":{"name":"gitta","@id":"https:\/\/www.gittas-verkstad.com\/se\/#\/schema\/person\/66efc41949b9b5d43667d40db8dfcc57"},"headline":"V\u00e5ren 2020","datePublished":"2020-03-21T18:01:51+00:00","dateModified":"2020-03-21T19:44:22+00:00","mainEntityOfPage":{"@id":"https:\/\/www.gittas-verkstad.com\/se\/aktuellt\/varen-2020\/"},"wordCount":125,"image":{"@id":"https:\/\/www.gittas-verkstad.com\/se\/aktuellt\/varen-2020\/#primaryimage"},"thumbnailUrl":"https:\/\/www.gittas-verkstad.com\/se\/wp-content\/uploads\/sites\/12\/2020\/03\/var-2020-i-Gittas-verkstad.jpg","keywords":["design","Gittas verkstad","halsduk","hantverk","Konstrundan i \u00c5rj\u00e4ngs Kommun","Lennartsfors","P\u00e5skmarknad","per post","v\u00e4vning"],"articleSection":["Aktuellt"],"inLanguage":"sv-SE"},{"@type":"WebPage","@id":"https:\/\/www.gittas-verkstad.com\/se\/aktuellt\/varen-2020\/","url":"https:\/\/www.gittas-verkstad.com\/se\/aktuellt\/varen-2020\/","name":"V\u00e5ren 2020 blir tyst i Gittas. Alla planerade aktiviteter","isPartOf":{"@id":"https:\/\/www.gittas-verkstad.com\/se\/#website"},"primaryImageOfPage":{"@id":"https:\/\/www.gittas-verkstad.com\/se\/aktuellt\/varen-2020\/#primaryimage"},"image":{"@id":"https:\/\/www.gittas-verkstad.com\/se\/aktuellt\/varen-2020\/#primaryimage"},"thumbnailUrl":"https:\/\/www.gittas-verkstad.com\/se\/wp-content\/uploads\/sites\/12\/2020\/03\/var-2020-i-Gittas-verkstad.jpg","datePublished":"2020-03-21T18:01:51+00:00","dateModified":"2020-03-21T19:44:22+00:00","author":{"@id":"https:\/\/www.gittas-verkstad.com\/se\/#\/schema\/person\/66efc41949b9b5d43667d40db8dfcc57"},"description":"V\u00e5ren 2020 blir tyst i Gittas. Alla planerade aktiviteter, som P\u00e5skmarknaden i Lennartsfors och Konstrundan i \u00c5rj\u00e4ngs Kommun","breadcrumb":{"@id":"https:\/\/www.gittas-verkstad.com\/se\/aktuellt\/varen-2020\/#breadcrumb"},"inLanguage":"sv-SE","potentialAction":[{"@type":"ReadAction","target":["https:\/\/www.gittas-verkstad.com\/se\/aktuellt\/varen-2020\/"]}]},{"@type":"ImageObject","inLanguage":"sv-SE","@id":"https:\/\/www.gittas-verkstad.com\/se\/aktuellt\/varen-2020\/#primaryimage","url":"https:\/\/www.gittas-verkstad.com\/se\/wp-content\/uploads\/sites\/12\/2020\/03\/var-2020-i-Gittas-verkstad.jpg","contentUrl":"https:\/\/www.gittas-verkstad.com\/se\/wp-content\/uploads\/sites\/12\/2020\/03\/var-2020-i-Gittas-verkstad.jpg","width":1680,"height":400,"caption":"var-2020-i-Gittas-verkstad"},{"@type":"BreadcrumbList","@id":"https:\/\/www.gittas-verkstad.com\/se\/aktuellt\/varen-2020\/#breadcrumb","itemListElement":[{"@type":"ListItem","position":1,"name":"Startseite","item":"https:\/\/www.gittas-verkstad.com\/se\/"},{"@type":"ListItem","position":2,"name":"V\u00e5ren 2020"}]},{"@type":"WebSite","@id":"https:\/\/www.gittas-verkstad.com\/se\/#website","url":"https:\/\/www.gittas-verkstad.com\/se\/","name":"Gittas verkstad v\u00e4v, konst, design \/ se \/ Lennartsfors","description":"Gitta driver en verkstad f\u00f6r v\u00e4vning, konst och design i Lennartsfors. De handgjorda produkterna s\u00e4ljer hon i hennes galleri p\u00e5 Gjut\u00e5s vid Dalslands Kanalen.","potentialAction":[{"@type":"SearchAction","target":{"@type":"EntryPoint","urlTemplate":"https:\/\/www.gittas-verkstad.com\/se\/?s={search_term_string}"},"query-input":{"@type":"PropertyValueSpecification","valueRequired":true,"valueName":"search_term_string"}}],"inLanguage":"sv-SE"},{"@type":"Person","@id":"https:\/\/www.gittas-verkstad.com\/se\/#\/schema\/person\/66efc41949b9b5d43667d40db8dfcc57","name":"gitta","url":"https:\/\/www.gittas-verkstad.com\/se\/author\/gitta\/"}]}},"_links":{"self":[{"href":"https:\/\/www.gittas-verkstad.com\/se\/wp-json\/wp\/v2\/posts\/1365","targetHints":{"allow":["GET"]}}],"collection":[{"href":"https:\/\/www.gittas-verkstad.com\/se\/wp-json\/wp\/v2\/posts"}],"about":[{"href":"https:\/\/www.gittas-verkstad.com\/se\/wp-json\/wp\/v2\/types\/post"}],"author":[{"embeddable":true,"href":"https:\/\/www.gittas-verkstad.com\/se\/wp-json\/wp\/v2\/users\/1"}],"replies":[{"embeddable":true,"href":"https:\/\/www.gittas-verkstad.com\/se\/wp-json\/wp\/v2\/comments?post=1365"}],"version-history":[{"count":6,"href":"https:\/\/www.gittas-verkstad.com\/se\/wp-json\/wp\/v2\/posts\/1365\/revisions"}],"predecessor-version":[{"id":1372,"href":"https:\/\/www.gittas-verkstad.com\/se\/wp-json\/wp\/v2\/posts\/1365\/revisions\/1372"}],"wp:featuredmedia":[{"embeddable":true,"href":"https:\/\/www.gittas-verkstad.com\/se\/wp-json\/wp\/v2\/media\/1370"}],"wp:attachment":[{"href":"https:\/\/www.gittas-verkstad.com\/se\/wp-json\/wp\/v2\/media?parent=1365"}],"wp:term":[{"taxonomy":"category","embeddable":true,"href":"https:\/\/www.gittas-verkstad.com\/se\/wp-json\/wp\/v2\/categories?post=1365"},{"taxonomy":"post_tag","embeddable":true,"href":"https:\/\/www.gittas-verkstad.com\/se\/wp-json\/wp\/v2\/tags?post=1365"}],"curies":[{"name":"wp","href":"https:\/\/api.w.org\/{rel}","templated":true}]}}