{"id":1160,"date":"2019-06-08T20:30:07","date_gmt":"2019-06-08T18:30:07","guid":{"rendered":"http:\/\/www.gittas-verkstad.com\/se\/?p=1160"},"modified":"2019-08-18T20:37:13","modified_gmt":"2019-08-18T18:37:13","slug":"sommarutstallningen-halm-i-inredningen-med-alster-fran-gittas-verkstad","status":"publish","type":"post","link":"https:\/\/www.gittas-verkstad.com\/se\/aktuellt\/sommarutstallningen-halm-i-inredningen-med-alster-fran-gittas-verkstad\/","title":{"rendered":"Sommarutst\u00e4llningen &#8221;Halm i inredningen&#8221; med alster fr\u00e5n Gittas verkstad"},"content":{"rendered":"<p>T<span lang=\"sv-SE\">illbaka fr\u00e5n vernissagen av sommarutst\u00e4llningen<a href=\"https:\/\/www.halmenshus.com\/utstallningar\/\"> Halm i inredningen<\/a> <\/span><span lang=\"sv-SE\"> av<a href=\"https:\/\/sv.wikipedia.org\/wiki\/Jimmy_Sch\"> Jimmy Sch\u00f6nning <\/a>och flera hantverkare p\u00e5 Halmens Hus i Bengtsfors. Bidrag av Gittas Verkstad \u00e4r v\u00e4vda kuddar f\u00f6r de stora f\u00e5t\u00f6ljerna fr\u00e5n<a href=\"https:\/\/www.jimsch.se\/\"> Jimmys kollektion\u00a0<\/a><br \/>\n<\/span><\/p>\n<p>F\u00f6r kuddarna v\u00e4vde jag ett smalt tyg p\u00e5 en silke varp med inslag av f\u00e4rgglad viskose och halm. Det v\u00e4vda materialet sydde jag p\u00e5 den traditionella svenska vadmal och gjorde kuddar ur det. Kuddarna \u00e4r fyllda med rester av halmtillverkning. Det \u00e4r en fantastisk k\u00e4nsla att sitta p\u00e5 en riktig &#8221;halms\u00e4ck&#8221;.<\/p>\n<p>Bes\u00f6k den intressanta utst\u00e4llningen, som p\u00e5g\u00e5r fr\u00e5n 8 juni till 1 september p\u00e5<a href=\"https:\/\/www.halmenshus.com\/\"> Halmens Hus <\/a>i Bengtsfors<\/p>\n<p>&nbsp;<\/p>\n<p>&nbsp;<\/p>\n<p>&nbsp;<\/p>\n<p>&nbsp;<\/p>\n<p>&nbsp;<\/p>\n","protected":false},"excerpt":{"rendered":"<p>Tillbaka fr\u00e5n vernissagen av sommarutst\u00e4llningen &#8221;Halm i inredningen&#8221; https:\/\/www.halmenshus.com\/utstallningar\/ av Jimmy Sch\u00f6nninghttps:\/\/sv.wikipedia.org\/wiki\/Jimmy_Sch och flera hantverkare p\u00e5 Halmens Hus i Bengtsfors. Bidrag av Gittas Verkstad \u00e4r v\u00e4vda kuddar f\u00f6r de stora f\u00e5t\u00f6ljerna fr\u00e5n Jimmys kollektion\u00a0https:\/\/www.jimsch.se\/ <a class=\"more-link\" href=\"https:\/\/www.gittas-verkstad.com\/se\/aktuellt\/sommarutstallningen-halm-i-inredningen-med-alster-fran-gittas-verkstad\/\">l\u00e4s mer&#8230;<\/a><\/p>\n","protected":false},"author":1,"featured_media":1165,"comment_status":"closed","ping_status":"closed","sticky":false,"template":"","format":"standard","meta":{"footnotes":""},"categories":[2],"tags":[5,7,8,287,290,288,289],"class_list":["post-1160","post","type-post","status-publish","format-standard","has-post-thumbnail","hentry","category-aktuellt","tag-bengtsfors","tag-dalsland","tag-gittas-verkstad","tag-halmenshus","tag-halmiinredning","tag-jimmyschonning","tag-jimsch"],"yoast_head":"<!-- This site is optimized with the Yoast SEO plugin v27.5 - https:\/\/yoast.com\/product\/yoast-seo-wordpress\/ -->\n<title>Sommarutst\u00e4llningen &quot;Halm i inredningen&quot; med alster fr\u00e5n Gittas verkstad<\/title>\n<meta name=\"description\" content=\"Sommarutst\u00e4llningen &quot;Halm i inredningen&quot; med alster fr\u00e5n Gittas verkstad. Tillbaka fr\u00e5n vernissagen av sommarutst\u00e4llningen &quot;Halm i inredningen&quot;\" \/>\n<meta name=\"robots\" content=\"index, follow, max-snippet:-1, max-image-preview:large, max-video-preview:-1\" \/>\n<link rel=\"canonical\" href=\"https:\/\/www.gittas-verkstad.com\/se\/aktuellt\/sommarutstallningen-halm-i-inredningen-med-alster-fran-gittas-verkstad\/\" \/>\n<meta property=\"og:locale\" content=\"sv_SE\" \/>\n<meta property=\"og:type\" content=\"article\" \/>\n<meta property=\"og:title\" content=\"Sommarutst\u00e4llningen &quot;Halm i inredningen&quot; med alster fr\u00e5n Gittas verkstad\" \/>\n<meta property=\"og:description\" content=\"Sommarutst\u00e4llningen &quot;Halm i inredningen&quot; med alster fr\u00e5n Gittas verkstad. Tillbaka fr\u00e5n vernissagen av sommarutst\u00e4llningen &quot;Halm i inredningen&quot;\" \/>\n<meta property=\"og:url\" content=\"https:\/\/www.gittas-verkstad.com\/se\/aktuellt\/sommarutstallningen-halm-i-inredningen-med-alster-fran-gittas-verkstad\/\" \/>\n<meta property=\"og:site_name\" content=\"Gittas verkstad v\u00e4v, konst, design \/ se \/ Lennartsfors\" \/>\n<meta property=\"article:published_time\" content=\"2019-06-08T18:30:07+00:00\" \/>\n<meta property=\"article:modified_time\" content=\"2019-08-18T18:37:13+00:00\" \/>\n<meta property=\"og:image\" content=\"https:\/\/www.gittas-verkstad.com\/se\/wp-content\/uploads\/sites\/12\/2019\/06\/Gittas-verkstad-p\u00e5-utst\u00e4llning-Halm-i-inredning.jpg\" \/>\n\t<meta property=\"og:image:width\" content=\"1680\" \/>\n\t<meta property=\"og:image:height\" content=\"404\" \/>\n\t<meta property=\"og:image:type\" content=\"image\/jpeg\" \/>\n<meta name=\"author\" content=\"gitta\" \/>\n<meta name=\"twitter:card\" content=\"summary_large_image\" \/>\n<meta name=\"twitter:label1\" content=\"Skriven av\" \/>\n\t<meta name=\"twitter:data1\" content=\"gitta\" \/>\n\t<meta name=\"twitter:label2\" content=\"Ber\u00e4knad l\u00e4stid\" \/>\n\t<meta name=\"twitter:data2\" content=\"1 minut\" \/>\n<script type=\"application\/ld+json\" class=\"yoast-schema-graph\">{\"@context\":\"https:\\\/\\\/schema.org\",\"@graph\":[{\"@type\":\"Article\",\"@id\":\"https:\\\/\\\/www.gittas-verkstad.com\\\/se\\\/aktuellt\\\/sommarutstallningen-halm-i-inredningen-med-alster-fran-gittas-verkstad\\\/#article\",\"isPartOf\":{\"@id\":\"https:\\\/\\\/www.gittas-verkstad.com\\\/se\\\/aktuellt\\\/sommarutstallningen-halm-i-inredningen-med-alster-fran-gittas-verkstad\\\/\"},\"author\":{\"name\":\"gitta\",\"@id\":\"https:\\\/\\\/www.gittas-verkstad.com\\\/se\\\/#\\\/schema\\\/person\\\/66efc41949b9b5d43667d40db8dfcc57\"},\"headline\":\"Sommarutst\u00e4llningen &#8221;Halm i inredningen&#8221; med alster fr\u00e5n Gittas verkstad\",\"datePublished\":\"2019-06-08T18:30:07+00:00\",\"dateModified\":\"2019-08-18T18:37:13+00:00\",\"mainEntityOfPage\":{\"@id\":\"https:\\\/\\\/www.gittas-verkstad.com\\\/se\\\/aktuellt\\\/sommarutstallningen-halm-i-inredningen-med-alster-fran-gittas-verkstad\\\/\"},\"wordCount\":134,\"image\":{\"@id\":\"https:\\\/\\\/www.gittas-verkstad.com\\\/se\\\/aktuellt\\\/sommarutstallningen-halm-i-inredningen-med-alster-fran-gittas-verkstad\\\/#primaryimage\"},\"thumbnailUrl\":\"https:\\\/\\\/www.gittas-verkstad.com\\\/se\\\/wp-content\\\/uploads\\\/sites\\\/12\\\/2019\\\/06\\\/Gittas-verkstad-p\u00e5-utst\u00e4llning-Halm-i-inredning.jpg\",\"keywords\":[\"Bengtsfors\",\"Dalsland\",\"Gittas verkstad\",\"Halmenshus\",\"Halmiinredning\",\"Jimmysch\u00f6nning\",\"Jimsch\"],\"articleSection\":[\"Aktuellt\"],\"inLanguage\":\"sv-SE\"},{\"@type\":\"WebPage\",\"@id\":\"https:\\\/\\\/www.gittas-verkstad.com\\\/se\\\/aktuellt\\\/sommarutstallningen-halm-i-inredningen-med-alster-fran-gittas-verkstad\\\/\",\"url\":\"https:\\\/\\\/www.gittas-verkstad.com\\\/se\\\/aktuellt\\\/sommarutstallningen-halm-i-inredningen-med-alster-fran-gittas-verkstad\\\/\",\"name\":\"Sommarutst\u00e4llningen \\\"Halm i inredningen\\\" med alster fr\u00e5n Gittas verkstad\",\"isPartOf\":{\"@id\":\"https:\\\/\\\/www.gittas-verkstad.com\\\/se\\\/#website\"},\"primaryImageOfPage\":{\"@id\":\"https:\\\/\\\/www.gittas-verkstad.com\\\/se\\\/aktuellt\\\/sommarutstallningen-halm-i-inredningen-med-alster-fran-gittas-verkstad\\\/#primaryimage\"},\"image\":{\"@id\":\"https:\\\/\\\/www.gittas-verkstad.com\\\/se\\\/aktuellt\\\/sommarutstallningen-halm-i-inredningen-med-alster-fran-gittas-verkstad\\\/#primaryimage\"},\"thumbnailUrl\":\"https:\\\/\\\/www.gittas-verkstad.com\\\/se\\\/wp-content\\\/uploads\\\/sites\\\/12\\\/2019\\\/06\\\/Gittas-verkstad-p\u00e5-utst\u00e4llning-Halm-i-inredning.jpg\",\"datePublished\":\"2019-06-08T18:30:07+00:00\",\"dateModified\":\"2019-08-18T18:37:13+00:00\",\"author\":{\"@id\":\"https:\\\/\\\/www.gittas-verkstad.com\\\/se\\\/#\\\/schema\\\/person\\\/66efc41949b9b5d43667d40db8dfcc57\"},\"description\":\"Sommarutst\u00e4llningen \\\"Halm i inredningen\\\" med alster fr\u00e5n Gittas verkstad. Tillbaka fr\u00e5n vernissagen av sommarutst\u00e4llningen \\\"Halm i inredningen\\\"\",\"breadcrumb\":{\"@id\":\"https:\\\/\\\/www.gittas-verkstad.com\\\/se\\\/aktuellt\\\/sommarutstallningen-halm-i-inredningen-med-alster-fran-gittas-verkstad\\\/#breadcrumb\"},\"inLanguage\":\"sv-SE\",\"potentialAction\":[{\"@type\":\"ReadAction\",\"target\":[\"https:\\\/\\\/www.gittas-verkstad.com\\\/se\\\/aktuellt\\\/sommarutstallningen-halm-i-inredningen-med-alster-fran-gittas-verkstad\\\/\"]}]},{\"@type\":\"ImageObject\",\"inLanguage\":\"sv-SE\",\"@id\":\"https:\\\/\\\/www.gittas-verkstad.com\\\/se\\\/aktuellt\\\/sommarutstallningen-halm-i-inredningen-med-alster-fran-gittas-verkstad\\\/#primaryimage\",\"url\":\"https:\\\/\\\/www.gittas-verkstad.com\\\/se\\\/wp-content\\\/uploads\\\/sites\\\/12\\\/2019\\\/06\\\/Gittas-verkstad-p\u00e5-utst\u00e4llning-Halm-i-inredning.jpg\",\"contentUrl\":\"https:\\\/\\\/www.gittas-verkstad.com\\\/se\\\/wp-content\\\/uploads\\\/sites\\\/12\\\/2019\\\/06\\\/Gittas-verkstad-p\u00e5-utst\u00e4llning-Halm-i-inredning.jpg\",\"width\":1680,\"height\":404},{\"@type\":\"BreadcrumbList\",\"@id\":\"https:\\\/\\\/www.gittas-verkstad.com\\\/se\\\/aktuellt\\\/sommarutstallningen-halm-i-inredningen-med-alster-fran-gittas-verkstad\\\/#breadcrumb\",\"itemListElement\":[{\"@type\":\"ListItem\",\"position\":1,\"name\":\"Startseite\",\"item\":\"https:\\\/\\\/www.gittas-verkstad.com\\\/se\\\/\"},{\"@type\":\"ListItem\",\"position\":2,\"name\":\"Sommarutst\u00e4llningen &#8221;Halm i inredningen&#8221; med alster fr\u00e5n Gittas verkstad\"}]},{\"@type\":\"WebSite\",\"@id\":\"https:\\\/\\\/www.gittas-verkstad.com\\\/se\\\/#website\",\"url\":\"https:\\\/\\\/www.gittas-verkstad.com\\\/se\\\/\",\"name\":\"Gittas verkstad v\u00e4v, konst, design \\\/ se \\\/ Lennartsfors\",\"description\":\"Gitta driver en verkstad f\u00f6r v\u00e4vning, konst och design i Lennartsfors. De handgjorda produkterna s\u00e4ljer hon i hennes galleri p\u00e5 Gjut\u00e5s vid Dalslands Kanalen.\",\"potentialAction\":[{\"@type\":\"SearchAction\",\"target\":{\"@type\":\"EntryPoint\",\"urlTemplate\":\"https:\\\/\\\/www.gittas-verkstad.com\\\/se\\\/?s={search_term_string}\"},\"query-input\":{\"@type\":\"PropertyValueSpecification\",\"valueRequired\":true,\"valueName\":\"search_term_string\"}}],\"inLanguage\":\"sv-SE\"},{\"@type\":\"Person\",\"@id\":\"https:\\\/\\\/www.gittas-verkstad.com\\\/se\\\/#\\\/schema\\\/person\\\/66efc41949b9b5d43667d40db8dfcc57\",\"name\":\"gitta\",\"url\":\"https:\\\/\\\/www.gittas-verkstad.com\\\/se\\\/author\\\/gitta\\\/\"}]}<\/script>\n<!-- \/ Yoast SEO plugin. -->","yoast_head_json":{"title":"Sommarutst\u00e4llningen \"Halm i inredningen\" med alster fr\u00e5n Gittas verkstad","description":"Sommarutst\u00e4llningen \"Halm i inredningen\" med alster fr\u00e5n Gittas verkstad. Tillbaka fr\u00e5n vernissagen av sommarutst\u00e4llningen \"Halm i inredningen\"","robots":{"index":"index","follow":"follow","max-snippet":"max-snippet:-1","max-image-preview":"max-image-preview:large","max-video-preview":"max-video-preview:-1"},"canonical":"https:\/\/www.gittas-verkstad.com\/se\/aktuellt\/sommarutstallningen-halm-i-inredningen-med-alster-fran-gittas-verkstad\/","og_locale":"sv_SE","og_type":"article","og_title":"Sommarutst\u00e4llningen \"Halm i inredningen\" med alster fr\u00e5n Gittas verkstad","og_description":"Sommarutst\u00e4llningen \"Halm i inredningen\" med alster fr\u00e5n Gittas verkstad. Tillbaka fr\u00e5n vernissagen av sommarutst\u00e4llningen \"Halm i inredningen\"","og_url":"https:\/\/www.gittas-verkstad.com\/se\/aktuellt\/sommarutstallningen-halm-i-inredningen-med-alster-fran-gittas-verkstad\/","og_site_name":"Gittas verkstad v\u00e4v, konst, design \/ se \/ Lennartsfors","article_published_time":"2019-06-08T18:30:07+00:00","article_modified_time":"2019-08-18T18:37:13+00:00","og_image":[{"width":1680,"height":404,"url":"https:\/\/www.gittas-verkstad.com\/se\/wp-content\/uploads\/sites\/12\/2019\/06\/Gittas-verkstad-p\u00e5-utst\u00e4llning-Halm-i-inredning.jpg","type":"image\/jpeg"}],"author":"gitta","twitter_card":"summary_large_image","twitter_misc":{"Skriven av":"gitta","Ber\u00e4knad l\u00e4stid":"1 minut"},"schema":{"@context":"https:\/\/schema.org","@graph":[{"@type":"Article","@id":"https:\/\/www.gittas-verkstad.com\/se\/aktuellt\/sommarutstallningen-halm-i-inredningen-med-alster-fran-gittas-verkstad\/#article","isPartOf":{"@id":"https:\/\/www.gittas-verkstad.com\/se\/aktuellt\/sommarutstallningen-halm-i-inredningen-med-alster-fran-gittas-verkstad\/"},"author":{"name":"gitta","@id":"https:\/\/www.gittas-verkstad.com\/se\/#\/schema\/person\/66efc41949b9b5d43667d40db8dfcc57"},"headline":"Sommarutst\u00e4llningen &#8221;Halm i inredningen&#8221; med alster fr\u00e5n Gittas verkstad","datePublished":"2019-06-08T18:30:07+00:00","dateModified":"2019-08-18T18:37:13+00:00","mainEntityOfPage":{"@id":"https:\/\/www.gittas-verkstad.com\/se\/aktuellt\/sommarutstallningen-halm-i-inredningen-med-alster-fran-gittas-verkstad\/"},"wordCount":134,"image":{"@id":"https:\/\/www.gittas-verkstad.com\/se\/aktuellt\/sommarutstallningen-halm-i-inredningen-med-alster-fran-gittas-verkstad\/#primaryimage"},"thumbnailUrl":"https:\/\/www.gittas-verkstad.com\/se\/wp-content\/uploads\/sites\/12\/2019\/06\/Gittas-verkstad-p\u00e5-utst\u00e4llning-Halm-i-inredning.jpg","keywords":["Bengtsfors","Dalsland","Gittas verkstad","Halmenshus","Halmiinredning","Jimmysch\u00f6nning","Jimsch"],"articleSection":["Aktuellt"],"inLanguage":"sv-SE"},{"@type":"WebPage","@id":"https:\/\/www.gittas-verkstad.com\/se\/aktuellt\/sommarutstallningen-halm-i-inredningen-med-alster-fran-gittas-verkstad\/","url":"https:\/\/www.gittas-verkstad.com\/se\/aktuellt\/sommarutstallningen-halm-i-inredningen-med-alster-fran-gittas-verkstad\/","name":"Sommarutst\u00e4llningen \"Halm i inredningen\" med alster fr\u00e5n Gittas verkstad","isPartOf":{"@id":"https:\/\/www.gittas-verkstad.com\/se\/#website"},"primaryImageOfPage":{"@id":"https:\/\/www.gittas-verkstad.com\/se\/aktuellt\/sommarutstallningen-halm-i-inredningen-med-alster-fran-gittas-verkstad\/#primaryimage"},"image":{"@id":"https:\/\/www.gittas-verkstad.com\/se\/aktuellt\/sommarutstallningen-halm-i-inredningen-med-alster-fran-gittas-verkstad\/#primaryimage"},"thumbnailUrl":"https:\/\/www.gittas-verkstad.com\/se\/wp-content\/uploads\/sites\/12\/2019\/06\/Gittas-verkstad-p\u00e5-utst\u00e4llning-Halm-i-inredning.jpg","datePublished":"2019-06-08T18:30:07+00:00","dateModified":"2019-08-18T18:37:13+00:00","author":{"@id":"https:\/\/www.gittas-verkstad.com\/se\/#\/schema\/person\/66efc41949b9b5d43667d40db8dfcc57"},"description":"Sommarutst\u00e4llningen \"Halm i inredningen\" med alster fr\u00e5n Gittas verkstad. Tillbaka fr\u00e5n vernissagen av sommarutst\u00e4llningen \"Halm i inredningen\"","breadcrumb":{"@id":"https:\/\/www.gittas-verkstad.com\/se\/aktuellt\/sommarutstallningen-halm-i-inredningen-med-alster-fran-gittas-verkstad\/#breadcrumb"},"inLanguage":"sv-SE","potentialAction":[{"@type":"ReadAction","target":["https:\/\/www.gittas-verkstad.com\/se\/aktuellt\/sommarutstallningen-halm-i-inredningen-med-alster-fran-gittas-verkstad\/"]}]},{"@type":"ImageObject","inLanguage":"sv-SE","@id":"https:\/\/www.gittas-verkstad.com\/se\/aktuellt\/sommarutstallningen-halm-i-inredningen-med-alster-fran-gittas-verkstad\/#primaryimage","url":"https:\/\/www.gittas-verkstad.com\/se\/wp-content\/uploads\/sites\/12\/2019\/06\/Gittas-verkstad-p\u00e5-utst\u00e4llning-Halm-i-inredning.jpg","contentUrl":"https:\/\/www.gittas-verkstad.com\/se\/wp-content\/uploads\/sites\/12\/2019\/06\/Gittas-verkstad-p\u00e5-utst\u00e4llning-Halm-i-inredning.jpg","width":1680,"height":404},{"@type":"BreadcrumbList","@id":"https:\/\/www.gittas-verkstad.com\/se\/aktuellt\/sommarutstallningen-halm-i-inredningen-med-alster-fran-gittas-verkstad\/#breadcrumb","itemListElement":[{"@type":"ListItem","position":1,"name":"Startseite","item":"https:\/\/www.gittas-verkstad.com\/se\/"},{"@type":"ListItem","position":2,"name":"Sommarutst\u00e4llningen &#8221;Halm i inredningen&#8221; med alster fr\u00e5n Gittas verkstad"}]},{"@type":"WebSite","@id":"https:\/\/www.gittas-verkstad.com\/se\/#website","url":"https:\/\/www.gittas-verkstad.com\/se\/","name":"Gittas verkstad v\u00e4v, konst, design \/ se \/ Lennartsfors","description":"Gitta driver en verkstad f\u00f6r v\u00e4vning, konst och design i Lennartsfors. De handgjorda produkterna s\u00e4ljer hon i hennes galleri p\u00e5 Gjut\u00e5s vid Dalslands Kanalen.","potentialAction":[{"@type":"SearchAction","target":{"@type":"EntryPoint","urlTemplate":"https:\/\/www.gittas-verkstad.com\/se\/?s={search_term_string}"},"query-input":{"@type":"PropertyValueSpecification","valueRequired":true,"valueName":"search_term_string"}}],"inLanguage":"sv-SE"},{"@type":"Person","@id":"https:\/\/www.gittas-verkstad.com\/se\/#\/schema\/person\/66efc41949b9b5d43667d40db8dfcc57","name":"gitta","url":"https:\/\/www.gittas-verkstad.com\/se\/author\/gitta\/"}]}},"_links":{"self":[{"href":"https:\/\/www.gittas-verkstad.com\/se\/wp-json\/wp\/v2\/posts\/1160","targetHints":{"allow":["GET"]}}],"collection":[{"href":"https:\/\/www.gittas-verkstad.com\/se\/wp-json\/wp\/v2\/posts"}],"about":[{"href":"https:\/\/www.gittas-verkstad.com\/se\/wp-json\/wp\/v2\/types\/post"}],"author":[{"embeddable":true,"href":"https:\/\/www.gittas-verkstad.com\/se\/wp-json\/wp\/v2\/users\/1"}],"replies":[{"embeddable":true,"href":"https:\/\/www.gittas-verkstad.com\/se\/wp-json\/wp\/v2\/comments?post=1160"}],"version-history":[{"count":3,"href":"https:\/\/www.gittas-verkstad.com\/se\/wp-json\/wp\/v2\/posts\/1160\/revisions"}],"predecessor-version":[{"id":1168,"href":"https:\/\/www.gittas-verkstad.com\/se\/wp-json\/wp\/v2\/posts\/1160\/revisions\/1168"}],"wp:featuredmedia":[{"embeddable":true,"href":"https:\/\/www.gittas-verkstad.com\/se\/wp-json\/wp\/v2\/media\/1165"}],"wp:attachment":[{"href":"https:\/\/www.gittas-verkstad.com\/se\/wp-json\/wp\/v2\/media?parent=1160"}],"wp:term":[{"taxonomy":"category","embeddable":true,"href":"https:\/\/www.gittas-verkstad.com\/se\/wp-json\/wp\/v2\/categories?post=1160"},{"taxonomy":"post_tag","embeddable":true,"href":"https:\/\/www.gittas-verkstad.com\/se\/wp-json\/wp\/v2\/tags?post=1160"}],"curies":[{"name":"wp","href":"https:\/\/api.w.org\/{rel}","templated":true}]}}