{"id":1135,"date":"2019-04-15T20:39:47","date_gmt":"2019-04-15T18:39:47","guid":{"rendered":"http:\/\/www.gittas-verkstad.com\/se\/?p=1135"},"modified":"2019-05-09T20:48:13","modified_gmt":"2019-05-09T18:48:13","slug":"konstrunda-i-arjangs-kommun-pask-2019-med-gittas-verkstad","status":"publish","type":"post","link":"https:\/\/www.gittas-verkstad.com\/se\/aktuellt\/konstrunda-i-arjangs-kommun-pask-2019-med-gittas-verkstad\/","title":{"rendered":"Konstrunda i \u00c5rj\u00e4ngs Kommun P\u00e5sk 2019 med Gittas verkstad"},"content":{"rendered":"\n<p>Konstrunda \u00c5rj\u00e4ng  P\u00e5sk 2019 \u00e4ger rum p\u00e5 folkh\u00f6gskola Kyrkerud och flera \u00f6ppna atelj\u00e9er i hela kommun. Gittas verkstad deltar p\u00e5 samlingsutst\u00e4lning.<\/p>\n\n\n\n<p>P\u00e5 samlingsutst\u00e4llningen st\u00e4ller jag tre helt nya fr\u00e5n mig s\u00e5 kallade v\u00e4ggsjalar ut. Det \u00e4r f\u00e4rgglada v\u00e4ggbonader i gobel\u00e4ngteknik med olika grafiska element. En textilinstallation i svartvitt kommer till. Och tv\u00e5 bilder i temperateknik av v\u00e5r syn p\u00e5 Lelangen. <\/p>\n\n\n\n<p>Vernissage \u00e4r p\u00e5 sk\u00e4rtorsdag kl. 18:00 &#8211; 20:00 och Eva Kihlstr\u00f6m h\u00e5ller inledningstalet. Utst\u00e4llningen och atelj\u00e9er \u00e4r \u00f6ppna l\u00e5ngfredag till p\u00e5sks\u00f6ndag kl. 12:00 till 17:00.<\/p>\n\n\n\n<p>V\u00e4lkommen till Konstrunda i \u00c5rj\u00e4ngs\nKommun!<\/p>\n","protected":false},"excerpt":{"rendered":"<p>Konstrunda \u00c5rj\u00e4ng P\u00e5sk 2019 \u00e4ger rum p\u00e5 folkh\u00f6gskola Kyrkerud och flera \u00f6ppna atelj\u00e9er i hela kommun. Gittas verkstad deltar p\u00e5 samlingsutst\u00e4lning. P\u00e5 samlingsutst\u00e4llningen st\u00e4ller jag tre helt nya fr\u00e5n mig s\u00e5 kallade v\u00e4ggsjalar ut. Det \u00e4r f\u00e4rgglada v\u00e4ggbonader i gobel\u00e4ngteknik <a class=\"more-link\" href=\"https:\/\/www.gittas-verkstad.com\/se\/aktuellt\/konstrunda-i-arjangs-kommun-pask-2019-med-gittas-verkstad\/\">l\u00e4s mer&#8230;<\/a><\/p>\n","protected":false},"author":1,"featured_media":1137,"comment_status":"closed","ping_status":"closed","sticky":false,"template":"","format":"standard","meta":{"footnotes":""},"categories":[2],"tags":[284,8,102,201,238,283,277],"class_list":["post-1135","post","type-post","status-publish","format-standard","has-post-thumbnail","hentry","category-aktuellt","tag-folkhogskola","tag-gittas-verkstad","tag-konstrunda","tag-konstrundan-arjaengs-kommun","tag-kyrkerud","tag-vaggbonader","tag-vaggsjalar"],"yoast_head":"<!-- This site is optimized with the Yoast SEO plugin v27.5 - https:\/\/yoast.com\/product\/yoast-seo-wordpress\/ -->\n<title>Konstrunda \u00c5rj\u00e4ngs Kommun P\u00e5sk 2019 med alster fr\u00e5n Gittas verkstad<\/title>\n<meta name=\"description\" content=\"Konstrunda \u00c5rj\u00e4ngs Kommun P\u00e5sk 2019 med alster fr\u00e5n Gittas verkstad p\u00e5 samlingsutst\u00e4llning i folkh\u00f6gskola Kyrkerud i \u00c5rj\u00e4ng.\" \/>\n<meta name=\"robots\" content=\"index, follow, max-snippet:-1, max-image-preview:large, max-video-preview:-1\" \/>\n<link rel=\"canonical\" href=\"https:\/\/www.gittas-verkstad.com\/se\/aktuellt\/konstrunda-i-arjangs-kommun-pask-2019-med-gittas-verkstad\/\" \/>\n<meta property=\"og:locale\" content=\"sv_SE\" \/>\n<meta property=\"og:type\" content=\"article\" \/>\n<meta property=\"og:title\" content=\"Konstrunda \u00c5rj\u00e4ngs Kommun P\u00e5sk 2019 med alster fr\u00e5n Gittas verkstad\" \/>\n<meta property=\"og:description\" content=\"Konstrunda \u00c5rj\u00e4ngs Kommun P\u00e5sk 2019 med alster fr\u00e5n Gittas verkstad p\u00e5 samlingsutst\u00e4llning i folkh\u00f6gskola Kyrkerud i \u00c5rj\u00e4ng.\" \/>\n<meta property=\"og:url\" content=\"https:\/\/www.gittas-verkstad.com\/se\/aktuellt\/konstrunda-i-arjangs-kommun-pask-2019-med-gittas-verkstad\/\" \/>\n<meta property=\"og:site_name\" content=\"Gittas verkstad v\u00e4v, konst, design \/ se \/ Lennartsfors\" \/>\n<meta property=\"article:published_time\" content=\"2019-04-15T18:39:47+00:00\" \/>\n<meta property=\"article:modified_time\" content=\"2019-05-09T18:48:13+00:00\" \/>\n<meta property=\"og:image\" content=\"https:\/\/www.gittas-verkstad.com\/se\/wp-content\/uploads\/sites\/12\/2019\/05\/Konstrunda-P\u00e5sk-2019-i-\u00c5rj\u00e4ngs-Kommun-Gittas-verkstad.jpg\" \/>\n\t<meta property=\"og:image:width\" content=\"1029\" \/>\n\t<meta property=\"og:image:height\" content=\"400\" \/>\n\t<meta property=\"og:image:type\" content=\"image\/jpeg\" \/>\n<meta name=\"author\" content=\"gitta\" \/>\n<meta name=\"twitter:card\" content=\"summary_large_image\" \/>\n<meta name=\"twitter:label1\" content=\"Skriven av\" \/>\n\t<meta name=\"twitter:data1\" content=\"gitta\" \/>\n\t<meta name=\"twitter:label2\" content=\"Ber\u00e4knad l\u00e4stid\" \/>\n\t<meta name=\"twitter:data2\" content=\"1 minut\" \/>\n<script type=\"application\/ld+json\" class=\"yoast-schema-graph\">{\"@context\":\"https:\\\/\\\/schema.org\",\"@graph\":[{\"@type\":\"Article\",\"@id\":\"https:\\\/\\\/www.gittas-verkstad.com\\\/se\\\/aktuellt\\\/konstrunda-i-arjangs-kommun-pask-2019-med-gittas-verkstad\\\/#article\",\"isPartOf\":{\"@id\":\"https:\\\/\\\/www.gittas-verkstad.com\\\/se\\\/aktuellt\\\/konstrunda-i-arjangs-kommun-pask-2019-med-gittas-verkstad\\\/\"},\"author\":{\"name\":\"gitta\",\"@id\":\"https:\\\/\\\/www.gittas-verkstad.com\\\/se\\\/#\\\/schema\\\/person\\\/66efc41949b9b5d43667d40db8dfcc57\"},\"headline\":\"Konstrunda i \u00c5rj\u00e4ngs Kommun P\u00e5sk 2019 med Gittas verkstad\",\"datePublished\":\"2019-04-15T18:39:47+00:00\",\"dateModified\":\"2019-05-09T18:48:13+00:00\",\"mainEntityOfPage\":{\"@id\":\"https:\\\/\\\/www.gittas-verkstad.com\\\/se\\\/aktuellt\\\/konstrunda-i-arjangs-kommun-pask-2019-med-gittas-verkstad\\\/\"},\"wordCount\":119,\"image\":{\"@id\":\"https:\\\/\\\/www.gittas-verkstad.com\\\/se\\\/aktuellt\\\/konstrunda-i-arjangs-kommun-pask-2019-med-gittas-verkstad\\\/#primaryimage\"},\"thumbnailUrl\":\"https:\\\/\\\/www.gittas-verkstad.com\\\/se\\\/wp-content\\\/uploads\\\/sites\\\/12\\\/2019\\\/05\\\/Konstrunda-P\u00e5sk-2019-i-\u00c5rj\u00e4ngs-Kommun-Gittas-verkstad.jpg\",\"keywords\":[\"Folkh\u00f6gskola\",\"Gittas verkstad\",\"Konstrunda\",\"Konstrundan \u00c5rj\u00e4ngs Kommun\",\"Kyrkerud\",\"V\u00e4ggbonader\",\"v\u00e4ggsjalar\"],\"articleSection\":[\"Aktuellt\"],\"inLanguage\":\"sv-SE\"},{\"@type\":\"WebPage\",\"@id\":\"https:\\\/\\\/www.gittas-verkstad.com\\\/se\\\/aktuellt\\\/konstrunda-i-arjangs-kommun-pask-2019-med-gittas-verkstad\\\/\",\"url\":\"https:\\\/\\\/www.gittas-verkstad.com\\\/se\\\/aktuellt\\\/konstrunda-i-arjangs-kommun-pask-2019-med-gittas-verkstad\\\/\",\"name\":\"Konstrunda \u00c5rj\u00e4ngs Kommun P\u00e5sk 2019 med alster fr\u00e5n Gittas verkstad\",\"isPartOf\":{\"@id\":\"https:\\\/\\\/www.gittas-verkstad.com\\\/se\\\/#website\"},\"primaryImageOfPage\":{\"@id\":\"https:\\\/\\\/www.gittas-verkstad.com\\\/se\\\/aktuellt\\\/konstrunda-i-arjangs-kommun-pask-2019-med-gittas-verkstad\\\/#primaryimage\"},\"image\":{\"@id\":\"https:\\\/\\\/www.gittas-verkstad.com\\\/se\\\/aktuellt\\\/konstrunda-i-arjangs-kommun-pask-2019-med-gittas-verkstad\\\/#primaryimage\"},\"thumbnailUrl\":\"https:\\\/\\\/www.gittas-verkstad.com\\\/se\\\/wp-content\\\/uploads\\\/sites\\\/12\\\/2019\\\/05\\\/Konstrunda-P\u00e5sk-2019-i-\u00c5rj\u00e4ngs-Kommun-Gittas-verkstad.jpg\",\"datePublished\":\"2019-04-15T18:39:47+00:00\",\"dateModified\":\"2019-05-09T18:48:13+00:00\",\"author\":{\"@id\":\"https:\\\/\\\/www.gittas-verkstad.com\\\/se\\\/#\\\/schema\\\/person\\\/66efc41949b9b5d43667d40db8dfcc57\"},\"description\":\"Konstrunda \u00c5rj\u00e4ngs Kommun P\u00e5sk 2019 med alster fr\u00e5n Gittas verkstad p\u00e5 samlingsutst\u00e4llning i folkh\u00f6gskola Kyrkerud i \u00c5rj\u00e4ng.\",\"breadcrumb\":{\"@id\":\"https:\\\/\\\/www.gittas-verkstad.com\\\/se\\\/aktuellt\\\/konstrunda-i-arjangs-kommun-pask-2019-med-gittas-verkstad\\\/#breadcrumb\"},\"inLanguage\":\"sv-SE\",\"potentialAction\":[{\"@type\":\"ReadAction\",\"target\":[\"https:\\\/\\\/www.gittas-verkstad.com\\\/se\\\/aktuellt\\\/konstrunda-i-arjangs-kommun-pask-2019-med-gittas-verkstad\\\/\"]}]},{\"@type\":\"ImageObject\",\"inLanguage\":\"sv-SE\",\"@id\":\"https:\\\/\\\/www.gittas-verkstad.com\\\/se\\\/aktuellt\\\/konstrunda-i-arjangs-kommun-pask-2019-med-gittas-verkstad\\\/#primaryimage\",\"url\":\"https:\\\/\\\/www.gittas-verkstad.com\\\/se\\\/wp-content\\\/uploads\\\/sites\\\/12\\\/2019\\\/05\\\/Konstrunda-P\u00e5sk-2019-i-\u00c5rj\u00e4ngs-Kommun-Gittas-verkstad.jpg\",\"contentUrl\":\"https:\\\/\\\/www.gittas-verkstad.com\\\/se\\\/wp-content\\\/uploads\\\/sites\\\/12\\\/2019\\\/05\\\/Konstrunda-P\u00e5sk-2019-i-\u00c5rj\u00e4ngs-Kommun-Gittas-verkstad.jpg\",\"width\":1029,\"height\":400},{\"@type\":\"BreadcrumbList\",\"@id\":\"https:\\\/\\\/www.gittas-verkstad.com\\\/se\\\/aktuellt\\\/konstrunda-i-arjangs-kommun-pask-2019-med-gittas-verkstad\\\/#breadcrumb\",\"itemListElement\":[{\"@type\":\"ListItem\",\"position\":1,\"name\":\"Startseite\",\"item\":\"https:\\\/\\\/www.gittas-verkstad.com\\\/se\\\/\"},{\"@type\":\"ListItem\",\"position\":2,\"name\":\"Konstrunda i \u00c5rj\u00e4ngs Kommun P\u00e5sk 2019 med Gittas verkstad\"}]},{\"@type\":\"WebSite\",\"@id\":\"https:\\\/\\\/www.gittas-verkstad.com\\\/se\\\/#website\",\"url\":\"https:\\\/\\\/www.gittas-verkstad.com\\\/se\\\/\",\"name\":\"Gittas verkstad v\u00e4v, konst, design \\\/ se \\\/ Lennartsfors\",\"description\":\"Gitta driver en verkstad f\u00f6r v\u00e4vning, konst och design i Lennartsfors. De handgjorda produkterna s\u00e4ljer hon i hennes galleri p\u00e5 Gjut\u00e5s vid Dalslands Kanalen.\",\"potentialAction\":[{\"@type\":\"SearchAction\",\"target\":{\"@type\":\"EntryPoint\",\"urlTemplate\":\"https:\\\/\\\/www.gittas-verkstad.com\\\/se\\\/?s={search_term_string}\"},\"query-input\":{\"@type\":\"PropertyValueSpecification\",\"valueRequired\":true,\"valueName\":\"search_term_string\"}}],\"inLanguage\":\"sv-SE\"},{\"@type\":\"Person\",\"@id\":\"https:\\\/\\\/www.gittas-verkstad.com\\\/se\\\/#\\\/schema\\\/person\\\/66efc41949b9b5d43667d40db8dfcc57\",\"name\":\"gitta\",\"url\":\"https:\\\/\\\/www.gittas-verkstad.com\\\/se\\\/author\\\/gitta\\\/\"}]}<\/script>\n<!-- \/ Yoast SEO plugin. -->","yoast_head_json":{"title":"Konstrunda \u00c5rj\u00e4ngs Kommun P\u00e5sk 2019 med alster fr\u00e5n Gittas verkstad","description":"Konstrunda \u00c5rj\u00e4ngs Kommun P\u00e5sk 2019 med alster fr\u00e5n Gittas verkstad p\u00e5 samlingsutst\u00e4llning i folkh\u00f6gskola Kyrkerud i \u00c5rj\u00e4ng.","robots":{"index":"index","follow":"follow","max-snippet":"max-snippet:-1","max-image-preview":"max-image-preview:large","max-video-preview":"max-video-preview:-1"},"canonical":"https:\/\/www.gittas-verkstad.com\/se\/aktuellt\/konstrunda-i-arjangs-kommun-pask-2019-med-gittas-verkstad\/","og_locale":"sv_SE","og_type":"article","og_title":"Konstrunda \u00c5rj\u00e4ngs Kommun P\u00e5sk 2019 med alster fr\u00e5n Gittas verkstad","og_description":"Konstrunda \u00c5rj\u00e4ngs Kommun P\u00e5sk 2019 med alster fr\u00e5n Gittas verkstad p\u00e5 samlingsutst\u00e4llning i folkh\u00f6gskola Kyrkerud i \u00c5rj\u00e4ng.","og_url":"https:\/\/www.gittas-verkstad.com\/se\/aktuellt\/konstrunda-i-arjangs-kommun-pask-2019-med-gittas-verkstad\/","og_site_name":"Gittas verkstad v\u00e4v, konst, design \/ se \/ Lennartsfors","article_published_time":"2019-04-15T18:39:47+00:00","article_modified_time":"2019-05-09T18:48:13+00:00","og_image":[{"width":1029,"height":400,"url":"https:\/\/www.gittas-verkstad.com\/se\/wp-content\/uploads\/sites\/12\/2019\/05\/Konstrunda-P\u00e5sk-2019-i-\u00c5rj\u00e4ngs-Kommun-Gittas-verkstad.jpg","type":"image\/jpeg"}],"author":"gitta","twitter_card":"summary_large_image","twitter_misc":{"Skriven av":"gitta","Ber\u00e4knad l\u00e4stid":"1 minut"},"schema":{"@context":"https:\/\/schema.org","@graph":[{"@type":"Article","@id":"https:\/\/www.gittas-verkstad.com\/se\/aktuellt\/konstrunda-i-arjangs-kommun-pask-2019-med-gittas-verkstad\/#article","isPartOf":{"@id":"https:\/\/www.gittas-verkstad.com\/se\/aktuellt\/konstrunda-i-arjangs-kommun-pask-2019-med-gittas-verkstad\/"},"author":{"name":"gitta","@id":"https:\/\/www.gittas-verkstad.com\/se\/#\/schema\/person\/66efc41949b9b5d43667d40db8dfcc57"},"headline":"Konstrunda i \u00c5rj\u00e4ngs Kommun P\u00e5sk 2019 med Gittas verkstad","datePublished":"2019-04-15T18:39:47+00:00","dateModified":"2019-05-09T18:48:13+00:00","mainEntityOfPage":{"@id":"https:\/\/www.gittas-verkstad.com\/se\/aktuellt\/konstrunda-i-arjangs-kommun-pask-2019-med-gittas-verkstad\/"},"wordCount":119,"image":{"@id":"https:\/\/www.gittas-verkstad.com\/se\/aktuellt\/konstrunda-i-arjangs-kommun-pask-2019-med-gittas-verkstad\/#primaryimage"},"thumbnailUrl":"https:\/\/www.gittas-verkstad.com\/se\/wp-content\/uploads\/sites\/12\/2019\/05\/Konstrunda-P\u00e5sk-2019-i-\u00c5rj\u00e4ngs-Kommun-Gittas-verkstad.jpg","keywords":["Folkh\u00f6gskola","Gittas verkstad","Konstrunda","Konstrundan \u00c5rj\u00e4ngs Kommun","Kyrkerud","V\u00e4ggbonader","v\u00e4ggsjalar"],"articleSection":["Aktuellt"],"inLanguage":"sv-SE"},{"@type":"WebPage","@id":"https:\/\/www.gittas-verkstad.com\/se\/aktuellt\/konstrunda-i-arjangs-kommun-pask-2019-med-gittas-verkstad\/","url":"https:\/\/www.gittas-verkstad.com\/se\/aktuellt\/konstrunda-i-arjangs-kommun-pask-2019-med-gittas-verkstad\/","name":"Konstrunda \u00c5rj\u00e4ngs Kommun P\u00e5sk 2019 med alster fr\u00e5n Gittas verkstad","isPartOf":{"@id":"https:\/\/www.gittas-verkstad.com\/se\/#website"},"primaryImageOfPage":{"@id":"https:\/\/www.gittas-verkstad.com\/se\/aktuellt\/konstrunda-i-arjangs-kommun-pask-2019-med-gittas-verkstad\/#primaryimage"},"image":{"@id":"https:\/\/www.gittas-verkstad.com\/se\/aktuellt\/konstrunda-i-arjangs-kommun-pask-2019-med-gittas-verkstad\/#primaryimage"},"thumbnailUrl":"https:\/\/www.gittas-verkstad.com\/se\/wp-content\/uploads\/sites\/12\/2019\/05\/Konstrunda-P\u00e5sk-2019-i-\u00c5rj\u00e4ngs-Kommun-Gittas-verkstad.jpg","datePublished":"2019-04-15T18:39:47+00:00","dateModified":"2019-05-09T18:48:13+00:00","author":{"@id":"https:\/\/www.gittas-verkstad.com\/se\/#\/schema\/person\/66efc41949b9b5d43667d40db8dfcc57"},"description":"Konstrunda \u00c5rj\u00e4ngs Kommun P\u00e5sk 2019 med alster fr\u00e5n Gittas verkstad p\u00e5 samlingsutst\u00e4llning i folkh\u00f6gskola Kyrkerud i \u00c5rj\u00e4ng.","breadcrumb":{"@id":"https:\/\/www.gittas-verkstad.com\/se\/aktuellt\/konstrunda-i-arjangs-kommun-pask-2019-med-gittas-verkstad\/#breadcrumb"},"inLanguage":"sv-SE","potentialAction":[{"@type":"ReadAction","target":["https:\/\/www.gittas-verkstad.com\/se\/aktuellt\/konstrunda-i-arjangs-kommun-pask-2019-med-gittas-verkstad\/"]}]},{"@type":"ImageObject","inLanguage":"sv-SE","@id":"https:\/\/www.gittas-verkstad.com\/se\/aktuellt\/konstrunda-i-arjangs-kommun-pask-2019-med-gittas-verkstad\/#primaryimage","url":"https:\/\/www.gittas-verkstad.com\/se\/wp-content\/uploads\/sites\/12\/2019\/05\/Konstrunda-P\u00e5sk-2019-i-\u00c5rj\u00e4ngs-Kommun-Gittas-verkstad.jpg","contentUrl":"https:\/\/www.gittas-verkstad.com\/se\/wp-content\/uploads\/sites\/12\/2019\/05\/Konstrunda-P\u00e5sk-2019-i-\u00c5rj\u00e4ngs-Kommun-Gittas-verkstad.jpg","width":1029,"height":400},{"@type":"BreadcrumbList","@id":"https:\/\/www.gittas-verkstad.com\/se\/aktuellt\/konstrunda-i-arjangs-kommun-pask-2019-med-gittas-verkstad\/#breadcrumb","itemListElement":[{"@type":"ListItem","position":1,"name":"Startseite","item":"https:\/\/www.gittas-verkstad.com\/se\/"},{"@type":"ListItem","position":2,"name":"Konstrunda i \u00c5rj\u00e4ngs Kommun P\u00e5sk 2019 med Gittas verkstad"}]},{"@type":"WebSite","@id":"https:\/\/www.gittas-verkstad.com\/se\/#website","url":"https:\/\/www.gittas-verkstad.com\/se\/","name":"Gittas verkstad v\u00e4v, konst, design \/ se \/ Lennartsfors","description":"Gitta driver en verkstad f\u00f6r v\u00e4vning, konst och design i Lennartsfors. De handgjorda produkterna s\u00e4ljer hon i hennes galleri p\u00e5 Gjut\u00e5s vid Dalslands Kanalen.","potentialAction":[{"@type":"SearchAction","target":{"@type":"EntryPoint","urlTemplate":"https:\/\/www.gittas-verkstad.com\/se\/?s={search_term_string}"},"query-input":{"@type":"PropertyValueSpecification","valueRequired":true,"valueName":"search_term_string"}}],"inLanguage":"sv-SE"},{"@type":"Person","@id":"https:\/\/www.gittas-verkstad.com\/se\/#\/schema\/person\/66efc41949b9b5d43667d40db8dfcc57","name":"gitta","url":"https:\/\/www.gittas-verkstad.com\/se\/author\/gitta\/"}]}},"_links":{"self":[{"href":"https:\/\/www.gittas-verkstad.com\/se\/wp-json\/wp\/v2\/posts\/1135","targetHints":{"allow":["GET"]}}],"collection":[{"href":"https:\/\/www.gittas-verkstad.com\/se\/wp-json\/wp\/v2\/posts"}],"about":[{"href":"https:\/\/www.gittas-verkstad.com\/se\/wp-json\/wp\/v2\/types\/post"}],"author":[{"embeddable":true,"href":"https:\/\/www.gittas-verkstad.com\/se\/wp-json\/wp\/v2\/users\/1"}],"replies":[{"embeddable":true,"href":"https:\/\/www.gittas-verkstad.com\/se\/wp-json\/wp\/v2\/comments?post=1135"}],"version-history":[{"count":2,"href":"https:\/\/www.gittas-verkstad.com\/se\/wp-json\/wp\/v2\/posts\/1135\/revisions"}],"predecessor-version":[{"id":1138,"href":"https:\/\/www.gittas-verkstad.com\/se\/wp-json\/wp\/v2\/posts\/1135\/revisions\/1138"}],"wp:featuredmedia":[{"embeddable":true,"href":"https:\/\/www.gittas-verkstad.com\/se\/wp-json\/wp\/v2\/media\/1137"}],"wp:attachment":[{"href":"https:\/\/www.gittas-verkstad.com\/se\/wp-json\/wp\/v2\/media?parent=1135"}],"wp:term":[{"taxonomy":"category","embeddable":true,"href":"https:\/\/www.gittas-verkstad.com\/se\/wp-json\/wp\/v2\/categories?post=1135"},{"taxonomy":"post_tag","embeddable":true,"href":"https:\/\/www.gittas-verkstad.com\/se\/wp-json\/wp\/v2\/tags?post=1135"}],"curies":[{"name":"wp","href":"https:\/\/api.w.org\/{rel}","templated":true}]}}