{"id":1105,"date":"2019-03-09T21:34:29","date_gmt":"2019-03-09T20:34:29","guid":{"rendered":"http:\/\/www.gittas-verkstad.com\/se\/?p=1105"},"modified":"2019-05-09T20:26:02","modified_gmt":"2019-05-09T18:26:02","slug":"vinter-vilan-ar-over","status":"publish","type":"post","link":"https:\/\/www.gittas-verkstad.com\/se\/aktuellt\/vinter-vilan-ar-over\/","title":{"rendered":"Vinter vilan \u00e4r \u00f6ver"},"content":{"rendered":"<p><!--EndFragment--><\/p>\n<p><!--StartFragment--><\/p>\n\n\n<p>Vinter vilan \u00e4r \u00f6ver och f\u00f6rberedelser f\u00f6r Konstrundan \u00c5rj\u00e4ng P\u00e5sk 2019 och P\u00e5skmarknaden i Lennartsfors \u00e4r p\u00e5 g\u00e5ng.<\/p>\n\n\n\n<p>Gittas verkstad deltar i samlingsutst\u00e4llningen p\u00e5 Folkh\u00f6gskolan Kyrkerud i \u00c5rj\u00e4ng. D\u00e4r presentera jag nya dekorativa v\u00e4ggsjalar och bilder i temperateknik.  En textilinstallation i svart och vit kommer till.<\/p>\n\n\n\n<p> P\u00e5 P\u00e5skmarknaden i Lennartsfors kommer jag att erbjuda nya handv\u00e4vda sjalar, sydde loopsjalar, en kl\u00e4nning i gr\u00f6nt med blommor, ponchos och snygga m\u00f6ssor.<\/p>\n\n\n\n<p>Med full fart jobbar jag f\u00f6r Konstrunda \u00c5rj\u00e4ng 2019 och p\u00e5skmarknaden i Lennartsfors och ser fram emot ditt bes\u00f6k.<\/p>\n\n\n<p><!--EndFragment--><\/p>\n<p><\/p>","protected":false},"excerpt":{"rendered":"<p>Vinter vilan \u00e4r \u00f6ver och f\u00f6rberedelser f\u00f6r Konstrundan \u00c5rj\u00e4ng P\u00e5sk 2019 och P\u00e5skmarknaden i Lennartsfors \u00e4r p\u00e5 g\u00e5ng. Gittas verkstad deltar i samlingsutst\u00e4llningen p\u00e5 Folkh\u00f6gskolan Kyrkerud i \u00c5rj\u00e4ng. D\u00e4r presentera jag nya dekorativa v\u00e4ggsjalar och bilder i temperateknik. En textilinstallation <a class=\"more-link\" href=\"https:\/\/www.gittas-verkstad.com\/se\/aktuellt\/vinter-vilan-ar-over\/\">l\u00e4s mer&#8230;<\/a><\/p>\n","protected":false},"author":1,"featured_media":1108,"comment_status":"closed","ping_status":"closed","sticky":false,"template":"","format":"standard","meta":{"footnotes":""},"categories":[2],"tags":[6,87,274,238,272,275,276,91,109,280,279,277,281],"class_list":["post-1105","post","type-post","status-publish","format-standard","has-post-thumbnail","hentry","category-aktuellt","tag-bilder","tag-handvaevda-sjalar","tag-konstrundan-arjang","tag-kyrkerud","tag-moessor","tag-pask-2019","tag-paskmarknaden","tag-ponchos","tag-samlingsutstaellning","tag-sydde-loopsjalar","tag-temperateknik","tag-vaggsjalar","tag-varklanning"],"yoast_head":"<!-- This site is optimized with the Yoast SEO plugin v27.5 - https:\/\/yoast.com\/product\/yoast-seo-wordpress\/ -->\n<title>Vinter vilan \u00e4r \u00f6ver - Gittas verkstad v\u00e4v, konst, design \/ se \/ Lennartsfors<\/title>\n<meta name=\"description\" content=\"F\u00f6rberedelser f\u00f6r Konstrundan \u00c5rj\u00e4ng P\u00e5sk 2019 och P\u00e5skmarknaden i Lennartsfors \u00e4r i full g\u00e5ng.Jag deltar i samlingsutst\u00e4llningen p\u00e5 Konstskolan Kyrkerud.\" \/>\n<meta name=\"robots\" content=\"index, follow, max-snippet:-1, max-image-preview:large, max-video-preview:-1\" \/>\n<link rel=\"canonical\" href=\"https:\/\/www.gittas-verkstad.com\/se\/aktuellt\/vinter-vilan-ar-over\/\" \/>\n<meta property=\"og:locale\" content=\"sv_SE\" \/>\n<meta property=\"og:type\" content=\"article\" \/>\n<meta property=\"og:title\" content=\"Vinter vilan \u00e4r \u00f6ver - Gittas verkstad v\u00e4v, konst, design \/ se \/ Lennartsfors\" \/>\n<meta property=\"og:description\" content=\"F\u00f6rberedelser f\u00f6r Konstrundan \u00c5rj\u00e4ng P\u00e5sk 2019 och P\u00e5skmarknaden i Lennartsfors \u00e4r i full g\u00e5ng.Jag deltar i samlingsutst\u00e4llningen p\u00e5 Konstskolan Kyrkerud.\" \/>\n<meta property=\"og:url\" content=\"https:\/\/www.gittas-verkstad.com\/se\/aktuellt\/vinter-vilan-ar-over\/\" \/>\n<meta property=\"og:site_name\" content=\"Gittas verkstad v\u00e4v, konst, design \/ se \/ Lennartsfors\" \/>\n<meta property=\"article:published_time\" content=\"2019-03-09T20:34:29+00:00\" \/>\n<meta property=\"article:modified_time\" content=\"2019-05-09T18:26:02+00:00\" \/>\n<meta property=\"og:image\" content=\"https:\/\/www.gittas-verkstad.com\/se\/wp-content\/uploads\/sites\/12\/2019\/03\/Nyt-projekt-f\u00f6r-Konstrunda-\u00c5rj\u00e4ng-2019-Gittas-verkstad.jpg\" \/>\n\t<meta property=\"og:image:width\" content=\"1024\" \/>\n\t<meta property=\"og:image:height\" content=\"416\" \/>\n\t<meta property=\"og:image:type\" content=\"image\/jpeg\" \/>\n<meta name=\"author\" content=\"gitta\" \/>\n<meta name=\"twitter:card\" content=\"summary_large_image\" \/>\n<meta name=\"twitter:label1\" content=\"Skriven av\" \/>\n\t<meta name=\"twitter:data1\" content=\"gitta\" \/>\n\t<meta name=\"twitter:label2\" content=\"Ber\u00e4knad l\u00e4stid\" \/>\n\t<meta name=\"twitter:data2\" content=\"1 minut\" \/>\n<script type=\"application\/ld+json\" class=\"yoast-schema-graph\">{\"@context\":\"https:\\\/\\\/schema.org\",\"@graph\":[{\"@type\":\"Article\",\"@id\":\"https:\\\/\\\/www.gittas-verkstad.com\\\/se\\\/aktuellt\\\/vinter-vilan-ar-over\\\/#article\",\"isPartOf\":{\"@id\":\"https:\\\/\\\/www.gittas-verkstad.com\\\/se\\\/aktuellt\\\/vinter-vilan-ar-over\\\/\"},\"author\":{\"name\":\"gitta\",\"@id\":\"https:\\\/\\\/www.gittas-verkstad.com\\\/se\\\/#\\\/schema\\\/person\\\/66efc41949b9b5d43667d40db8dfcc57\"},\"headline\":\"Vinter vilan \u00e4r \u00f6ver\",\"datePublished\":\"2019-03-09T20:34:29+00:00\",\"dateModified\":\"2019-05-09T18:26:02+00:00\",\"mainEntityOfPage\":{\"@id\":\"https:\\\/\\\/www.gittas-verkstad.com\\\/se\\\/aktuellt\\\/vinter-vilan-ar-over\\\/\"},\"wordCount\":110,\"image\":{\"@id\":\"https:\\\/\\\/www.gittas-verkstad.com\\\/se\\\/aktuellt\\\/vinter-vilan-ar-over\\\/#primaryimage\"},\"thumbnailUrl\":\"https:\\\/\\\/www.gittas-verkstad.com\\\/se\\\/wp-content\\\/uploads\\\/sites\\\/12\\\/2019\\\/03\\\/Nyt-projekt-f\u00f6r-Konstrunda-\u00c5rj\u00e4ng-2019-Gittas-verkstad.jpg\",\"keywords\":[\"Bilder\",\"handv\u00e4vda sjalar\",\"Konstrundan \u00c5rj\u00e4ng\",\"Kyrkerud\",\"m\u00f6ssor\",\"P\u00e5sk 2019\",\"P\u00e5skmarknaden\",\"ponchos\",\"samlingsutst\u00e4llning\",\"sydde loopsjalar\",\"Temperateknik\",\"v\u00e4ggsjalar\",\"varkl\u00e4nning\"],\"articleSection\":[\"Aktuellt\"],\"inLanguage\":\"sv-SE\"},{\"@type\":\"WebPage\",\"@id\":\"https:\\\/\\\/www.gittas-verkstad.com\\\/se\\\/aktuellt\\\/vinter-vilan-ar-over\\\/\",\"url\":\"https:\\\/\\\/www.gittas-verkstad.com\\\/se\\\/aktuellt\\\/vinter-vilan-ar-over\\\/\",\"name\":\"Vinter vilan \u00e4r \u00f6ver - Gittas verkstad v\u00e4v, konst, design \\\/ se \\\/ Lennartsfors\",\"isPartOf\":{\"@id\":\"https:\\\/\\\/www.gittas-verkstad.com\\\/se\\\/#website\"},\"primaryImageOfPage\":{\"@id\":\"https:\\\/\\\/www.gittas-verkstad.com\\\/se\\\/aktuellt\\\/vinter-vilan-ar-over\\\/#primaryimage\"},\"image\":{\"@id\":\"https:\\\/\\\/www.gittas-verkstad.com\\\/se\\\/aktuellt\\\/vinter-vilan-ar-over\\\/#primaryimage\"},\"thumbnailUrl\":\"https:\\\/\\\/www.gittas-verkstad.com\\\/se\\\/wp-content\\\/uploads\\\/sites\\\/12\\\/2019\\\/03\\\/Nyt-projekt-f\u00f6r-Konstrunda-\u00c5rj\u00e4ng-2019-Gittas-verkstad.jpg\",\"datePublished\":\"2019-03-09T20:34:29+00:00\",\"dateModified\":\"2019-05-09T18:26:02+00:00\",\"author\":{\"@id\":\"https:\\\/\\\/www.gittas-verkstad.com\\\/se\\\/#\\\/schema\\\/person\\\/66efc41949b9b5d43667d40db8dfcc57\"},\"description\":\"F\u00f6rberedelser f\u00f6r Konstrundan \u00c5rj\u00e4ng P\u00e5sk 2019 och P\u00e5skmarknaden i Lennartsfors \u00e4r i full g\u00e5ng.Jag deltar i samlingsutst\u00e4llningen p\u00e5 Konstskolan Kyrkerud.\",\"breadcrumb\":{\"@id\":\"https:\\\/\\\/www.gittas-verkstad.com\\\/se\\\/aktuellt\\\/vinter-vilan-ar-over\\\/#breadcrumb\"},\"inLanguage\":\"sv-SE\",\"potentialAction\":[{\"@type\":\"ReadAction\",\"target\":[\"https:\\\/\\\/www.gittas-verkstad.com\\\/se\\\/aktuellt\\\/vinter-vilan-ar-over\\\/\"]}]},{\"@type\":\"ImageObject\",\"inLanguage\":\"sv-SE\",\"@id\":\"https:\\\/\\\/www.gittas-verkstad.com\\\/se\\\/aktuellt\\\/vinter-vilan-ar-over\\\/#primaryimage\",\"url\":\"https:\\\/\\\/www.gittas-verkstad.com\\\/se\\\/wp-content\\\/uploads\\\/sites\\\/12\\\/2019\\\/03\\\/Nyt-projekt-f\u00f6r-Konstrunda-\u00c5rj\u00e4ng-2019-Gittas-verkstad.jpg\",\"contentUrl\":\"https:\\\/\\\/www.gittas-verkstad.com\\\/se\\\/wp-content\\\/uploads\\\/sites\\\/12\\\/2019\\\/03\\\/Nyt-projekt-f\u00f6r-Konstrunda-\u00c5rj\u00e4ng-2019-Gittas-verkstad.jpg\",\"width\":1024,\"height\":416},{\"@type\":\"BreadcrumbList\",\"@id\":\"https:\\\/\\\/www.gittas-verkstad.com\\\/se\\\/aktuellt\\\/vinter-vilan-ar-over\\\/#breadcrumb\",\"itemListElement\":[{\"@type\":\"ListItem\",\"position\":1,\"name\":\"Startseite\",\"item\":\"https:\\\/\\\/www.gittas-verkstad.com\\\/se\\\/\"},{\"@type\":\"ListItem\",\"position\":2,\"name\":\"Vinter vilan \u00e4r \u00f6ver\"}]},{\"@type\":\"WebSite\",\"@id\":\"https:\\\/\\\/www.gittas-verkstad.com\\\/se\\\/#website\",\"url\":\"https:\\\/\\\/www.gittas-verkstad.com\\\/se\\\/\",\"name\":\"Gittas verkstad v\u00e4v, konst, design \\\/ se \\\/ Lennartsfors\",\"description\":\"Gitta driver en verkstad f\u00f6r v\u00e4vning, konst och design i Lennartsfors. De handgjorda produkterna s\u00e4ljer hon i hennes galleri p\u00e5 Gjut\u00e5s vid Dalslands Kanalen.\",\"potentialAction\":[{\"@type\":\"SearchAction\",\"target\":{\"@type\":\"EntryPoint\",\"urlTemplate\":\"https:\\\/\\\/www.gittas-verkstad.com\\\/se\\\/?s={search_term_string}\"},\"query-input\":{\"@type\":\"PropertyValueSpecification\",\"valueRequired\":true,\"valueName\":\"search_term_string\"}}],\"inLanguage\":\"sv-SE\"},{\"@type\":\"Person\",\"@id\":\"https:\\\/\\\/www.gittas-verkstad.com\\\/se\\\/#\\\/schema\\\/person\\\/66efc41949b9b5d43667d40db8dfcc57\",\"name\":\"gitta\",\"url\":\"https:\\\/\\\/www.gittas-verkstad.com\\\/se\\\/author\\\/gitta\\\/\"}]}<\/script>\n<!-- \/ Yoast SEO plugin. -->","yoast_head_json":{"title":"Vinter vilan \u00e4r \u00f6ver - Gittas verkstad v\u00e4v, konst, design \/ se \/ Lennartsfors","description":"F\u00f6rberedelser f\u00f6r Konstrundan \u00c5rj\u00e4ng P\u00e5sk 2019 och P\u00e5skmarknaden i Lennartsfors \u00e4r i full g\u00e5ng.Jag deltar i samlingsutst\u00e4llningen p\u00e5 Konstskolan Kyrkerud.","robots":{"index":"index","follow":"follow","max-snippet":"max-snippet:-1","max-image-preview":"max-image-preview:large","max-video-preview":"max-video-preview:-1"},"canonical":"https:\/\/www.gittas-verkstad.com\/se\/aktuellt\/vinter-vilan-ar-over\/","og_locale":"sv_SE","og_type":"article","og_title":"Vinter vilan \u00e4r \u00f6ver - Gittas verkstad v\u00e4v, konst, design \/ se \/ Lennartsfors","og_description":"F\u00f6rberedelser f\u00f6r Konstrundan \u00c5rj\u00e4ng P\u00e5sk 2019 och P\u00e5skmarknaden i Lennartsfors \u00e4r i full g\u00e5ng.Jag deltar i samlingsutst\u00e4llningen p\u00e5 Konstskolan Kyrkerud.","og_url":"https:\/\/www.gittas-verkstad.com\/se\/aktuellt\/vinter-vilan-ar-over\/","og_site_name":"Gittas verkstad v\u00e4v, konst, design \/ se \/ Lennartsfors","article_published_time":"2019-03-09T20:34:29+00:00","article_modified_time":"2019-05-09T18:26:02+00:00","og_image":[{"width":1024,"height":416,"url":"https:\/\/www.gittas-verkstad.com\/se\/wp-content\/uploads\/sites\/12\/2019\/03\/Nyt-projekt-f\u00f6r-Konstrunda-\u00c5rj\u00e4ng-2019-Gittas-verkstad.jpg","type":"image\/jpeg"}],"author":"gitta","twitter_card":"summary_large_image","twitter_misc":{"Skriven av":"gitta","Ber\u00e4knad l\u00e4stid":"1 minut"},"schema":{"@context":"https:\/\/schema.org","@graph":[{"@type":"Article","@id":"https:\/\/www.gittas-verkstad.com\/se\/aktuellt\/vinter-vilan-ar-over\/#article","isPartOf":{"@id":"https:\/\/www.gittas-verkstad.com\/se\/aktuellt\/vinter-vilan-ar-over\/"},"author":{"name":"gitta","@id":"https:\/\/www.gittas-verkstad.com\/se\/#\/schema\/person\/66efc41949b9b5d43667d40db8dfcc57"},"headline":"Vinter vilan \u00e4r \u00f6ver","datePublished":"2019-03-09T20:34:29+00:00","dateModified":"2019-05-09T18:26:02+00:00","mainEntityOfPage":{"@id":"https:\/\/www.gittas-verkstad.com\/se\/aktuellt\/vinter-vilan-ar-over\/"},"wordCount":110,"image":{"@id":"https:\/\/www.gittas-verkstad.com\/se\/aktuellt\/vinter-vilan-ar-over\/#primaryimage"},"thumbnailUrl":"https:\/\/www.gittas-verkstad.com\/se\/wp-content\/uploads\/sites\/12\/2019\/03\/Nyt-projekt-f\u00f6r-Konstrunda-\u00c5rj\u00e4ng-2019-Gittas-verkstad.jpg","keywords":["Bilder","handv\u00e4vda sjalar","Konstrundan \u00c5rj\u00e4ng","Kyrkerud","m\u00f6ssor","P\u00e5sk 2019","P\u00e5skmarknaden","ponchos","samlingsutst\u00e4llning","sydde loopsjalar","Temperateknik","v\u00e4ggsjalar","varkl\u00e4nning"],"articleSection":["Aktuellt"],"inLanguage":"sv-SE"},{"@type":"WebPage","@id":"https:\/\/www.gittas-verkstad.com\/se\/aktuellt\/vinter-vilan-ar-over\/","url":"https:\/\/www.gittas-verkstad.com\/se\/aktuellt\/vinter-vilan-ar-over\/","name":"Vinter vilan \u00e4r \u00f6ver - Gittas verkstad v\u00e4v, konst, design \/ se \/ Lennartsfors","isPartOf":{"@id":"https:\/\/www.gittas-verkstad.com\/se\/#website"},"primaryImageOfPage":{"@id":"https:\/\/www.gittas-verkstad.com\/se\/aktuellt\/vinter-vilan-ar-over\/#primaryimage"},"image":{"@id":"https:\/\/www.gittas-verkstad.com\/se\/aktuellt\/vinter-vilan-ar-over\/#primaryimage"},"thumbnailUrl":"https:\/\/www.gittas-verkstad.com\/se\/wp-content\/uploads\/sites\/12\/2019\/03\/Nyt-projekt-f\u00f6r-Konstrunda-\u00c5rj\u00e4ng-2019-Gittas-verkstad.jpg","datePublished":"2019-03-09T20:34:29+00:00","dateModified":"2019-05-09T18:26:02+00:00","author":{"@id":"https:\/\/www.gittas-verkstad.com\/se\/#\/schema\/person\/66efc41949b9b5d43667d40db8dfcc57"},"description":"F\u00f6rberedelser f\u00f6r Konstrundan \u00c5rj\u00e4ng P\u00e5sk 2019 och P\u00e5skmarknaden i Lennartsfors \u00e4r i full g\u00e5ng.Jag deltar i samlingsutst\u00e4llningen p\u00e5 Konstskolan Kyrkerud.","breadcrumb":{"@id":"https:\/\/www.gittas-verkstad.com\/se\/aktuellt\/vinter-vilan-ar-over\/#breadcrumb"},"inLanguage":"sv-SE","potentialAction":[{"@type":"ReadAction","target":["https:\/\/www.gittas-verkstad.com\/se\/aktuellt\/vinter-vilan-ar-over\/"]}]},{"@type":"ImageObject","inLanguage":"sv-SE","@id":"https:\/\/www.gittas-verkstad.com\/se\/aktuellt\/vinter-vilan-ar-over\/#primaryimage","url":"https:\/\/www.gittas-verkstad.com\/se\/wp-content\/uploads\/sites\/12\/2019\/03\/Nyt-projekt-f\u00f6r-Konstrunda-\u00c5rj\u00e4ng-2019-Gittas-verkstad.jpg","contentUrl":"https:\/\/www.gittas-verkstad.com\/se\/wp-content\/uploads\/sites\/12\/2019\/03\/Nyt-projekt-f\u00f6r-Konstrunda-\u00c5rj\u00e4ng-2019-Gittas-verkstad.jpg","width":1024,"height":416},{"@type":"BreadcrumbList","@id":"https:\/\/www.gittas-verkstad.com\/se\/aktuellt\/vinter-vilan-ar-over\/#breadcrumb","itemListElement":[{"@type":"ListItem","position":1,"name":"Startseite","item":"https:\/\/www.gittas-verkstad.com\/se\/"},{"@type":"ListItem","position":2,"name":"Vinter vilan \u00e4r \u00f6ver"}]},{"@type":"WebSite","@id":"https:\/\/www.gittas-verkstad.com\/se\/#website","url":"https:\/\/www.gittas-verkstad.com\/se\/","name":"Gittas verkstad v\u00e4v, konst, design \/ se \/ Lennartsfors","description":"Gitta driver en verkstad f\u00f6r v\u00e4vning, konst och design i Lennartsfors. De handgjorda produkterna s\u00e4ljer hon i hennes galleri p\u00e5 Gjut\u00e5s vid Dalslands Kanalen.","potentialAction":[{"@type":"SearchAction","target":{"@type":"EntryPoint","urlTemplate":"https:\/\/www.gittas-verkstad.com\/se\/?s={search_term_string}"},"query-input":{"@type":"PropertyValueSpecification","valueRequired":true,"valueName":"search_term_string"}}],"inLanguage":"sv-SE"},{"@type":"Person","@id":"https:\/\/www.gittas-verkstad.com\/se\/#\/schema\/person\/66efc41949b9b5d43667d40db8dfcc57","name":"gitta","url":"https:\/\/www.gittas-verkstad.com\/se\/author\/gitta\/"}]}},"_links":{"self":[{"href":"https:\/\/www.gittas-verkstad.com\/se\/wp-json\/wp\/v2\/posts\/1105","targetHints":{"allow":["GET"]}}],"collection":[{"href":"https:\/\/www.gittas-verkstad.com\/se\/wp-json\/wp\/v2\/posts"}],"about":[{"href":"https:\/\/www.gittas-verkstad.com\/se\/wp-json\/wp\/v2\/types\/post"}],"author":[{"embeddable":true,"href":"https:\/\/www.gittas-verkstad.com\/se\/wp-json\/wp\/v2\/users\/1"}],"replies":[{"embeddable":true,"href":"https:\/\/www.gittas-verkstad.com\/se\/wp-json\/wp\/v2\/comments?post=1105"}],"version-history":[{"count":8,"href":"https:\/\/www.gittas-verkstad.com\/se\/wp-json\/wp\/v2\/posts\/1105\/revisions"}],"predecessor-version":[{"id":1134,"href":"https:\/\/www.gittas-verkstad.com\/se\/wp-json\/wp\/v2\/posts\/1105\/revisions\/1134"}],"wp:featuredmedia":[{"embeddable":true,"href":"https:\/\/www.gittas-verkstad.com\/se\/wp-json\/wp\/v2\/media\/1108"}],"wp:attachment":[{"href":"https:\/\/www.gittas-verkstad.com\/se\/wp-json\/wp\/v2\/media?parent=1105"}],"wp:term":[{"taxonomy":"category","embeddable":true,"href":"https:\/\/www.gittas-verkstad.com\/se\/wp-json\/wp\/v2\/categories?post=1105"},{"taxonomy":"post_tag","embeddable":true,"href":"https:\/\/www.gittas-verkstad.com\/se\/wp-json\/wp\/v2\/tags?post=1105"}],"curies":[{"name":"wp","href":"https:\/\/api.w.org\/{rel}","templated":true}]}}