{"id":790,"date":"2017-05-30T18:18:48","date_gmt":"2017-05-30T16:18:48","guid":{"rendered":"http:\/\/www.gittas-verkstad.com\/de\/?p=790"},"modified":"2020-03-30T18:23:43","modified_gmt":"2020-03-30T16:23:43","slug":"bald-beginnt-die-neue-saison-fuers-pflanzenfaerben","status":"publish","type":"post","link":"https:\/\/www.gittas-verkstad.com\/de\/aktuell\/bald-beginnt-die-neue-saison-fuers-pflanzenfaerben\/","title":{"rendered":"Bald beginnt die neue Saison f\u00fcrs Pflanzenf\u00e4rben in Gittas verkstad"},"content":{"rendered":"<p>Bald beginnt die neue Saison f\u00fcrs Pflanzenf\u00e4rben in Gittas verkstad. Das Fr\u00fchjahr ist richtig angekommen, die Birken haben gr\u00fcnes Laub, da kann bald die neue Saison auf Gjut\u00e5s beginnen.<\/p>\n<p>Melden Sie sich zu einem Grundkurs an, bei dem wir mit Pflanzen aus der Umgebung f\u00e4rben oder bei einem Fortsetzungskurs, bei dem wir mit Pflanzen von weiter her Rot f\u00e4rben. Auch ein Blauf\u00e4rbekurs ist in Planung.<\/p>\n<p>Die Termine f\u00fcr die Kurse finden Sie unter &#8222;Kursangebot&#8220; auf meiner Homepage. Dort k\u00f6nnen Sie sich auch bequem per Mail anmelden, indem Sie Ihre Daten in das vorgefertigte Formular eintragen. Wenn Sie einen anderen Termin w\u00fcnschen, rufen Sie mich einfach ein, dann vereinbaren wir einen Tag, an dem es Ihnen gut passt.<\/p>\n<p>Ich freue mich auf eine spannende neue Saison f\u00fcrs Pflanzenf\u00e4rben auf Gjut\u00e5s und auf Ihre Anmeldung.<\/p>\n<p>&nbsp;<\/p>\n","protected":false},"excerpt":{"rendered":"<p>Bald beginnt die neue Saison f\u00fcrs Pflanzenf\u00e4rben in Gittas verkstad. Das Fr\u00fchjahr ist richtig angekommen, die Birken haben gr\u00fcnes Laub, da kann bald die neue Saison auf Gjut\u00e5s beginnen. Melden Sie sich zu einem Grundkurs an, bei dem wir mit <a class=\"more-link\" href=\"https:\/\/www.gittas-verkstad.com\/de\/aktuell\/bald-beginnt-die-neue-saison-fuers-pflanzenfaerben\/\">weiterlesen&#8230;<\/a><\/p>\n","protected":false},"author":1,"featured_media":792,"comment_status":"closed","ping_status":"closed","sticky":false,"template":"","format":"standard","meta":{"footnotes":""},"categories":[2],"tags":[216,217,58,218,106],"class_list":["post-790","post","type-post","status-publish","format-standard","has-post-thumbnail","hentry","category-aktuell","tag-anmeldung","tag-formular","tag-gjutas","tag-homepage","tag-pflanzenfaerben"],"yoast_head":"<!-- This site is optimized with the Yoast SEO plugin v27.5 - https:\/\/yoast.com\/product\/yoast-seo-wordpress\/ -->\n<title>Bald beginnt die neue Saison f\u00fcrs Pflanzenf\u00e4rben in Gittas verkstad<\/title>\n<meta name=\"description\" content=\"Bald beginnt die neue Saison f\u00fcrs Pflanzenf\u00e4rben in Gittas verkstad. Das Fr\u00fchjahr ist richtig angekommen, die Birken haben gr\u00fcnes Laub\" \/>\n<meta name=\"robots\" content=\"index, follow, max-snippet:-1, max-image-preview:large, max-video-preview:-1\" \/>\n<link rel=\"canonical\" href=\"https:\/\/www.gittas-verkstad.com\/de\/aktuell\/bald-beginnt-die-neue-saison-fuers-pflanzenfaerben\/\" \/>\n<meta property=\"og:locale\" content=\"de_DE\" \/>\n<meta property=\"og:type\" content=\"article\" \/>\n<meta property=\"og:title\" content=\"Bald beginnt die neue Saison f\u00fcrs Pflanzenf\u00e4rben in Gittas verkstad\" \/>\n<meta property=\"og:description\" content=\"Bald beginnt die neue Saison f\u00fcrs Pflanzenf\u00e4rben in Gittas verkstad. Das Fr\u00fchjahr ist richtig angekommen, die Birken haben gr\u00fcnes Laub\" \/>\n<meta property=\"og:url\" content=\"https:\/\/www.gittas-verkstad.com\/de\/aktuell\/bald-beginnt-die-neue-saison-fuers-pflanzenfaerben\/\" \/>\n<meta property=\"og:site_name\" content=\"Gittas verkstad Weben, Kunst, Design \/ de \/ Lennartsfors\" \/>\n<meta property=\"article:publisher\" content=\"https:\/\/www.facebook.com\/gittasverkstad\/\" \/>\n<meta property=\"article:published_time\" content=\"2017-05-30T16:18:48+00:00\" \/>\n<meta property=\"article:modified_time\" content=\"2020-03-30T16:23:43+00:00\" \/>\n<meta property=\"og:image\" content=\"https:\/\/www.gittas-verkstad.com\/de\/wp-content\/uploads\/sites\/8\/2017\/05\/Birkenbl\u00e4tter-4.jpg\" \/>\n\t<meta property=\"og:image:width\" content=\"2048\" \/>\n\t<meta property=\"og:image:height\" content=\"1365\" \/>\n\t<meta property=\"og:image:type\" content=\"image\/jpeg\" \/>\n<meta name=\"author\" content=\"gitta\" \/>\n<meta name=\"twitter:card\" content=\"summary_large_image\" \/>\n<meta name=\"twitter:label1\" content=\"Verfasst von\" \/>\n\t<meta name=\"twitter:data1\" content=\"gitta\" \/>\n\t<meta name=\"twitter:label2\" content=\"Gesch\u00e4tzte Lesezeit\" \/>\n\t<meta name=\"twitter:data2\" content=\"1\u00a0Minute\" \/>\n<script type=\"application\/ld+json\" class=\"yoast-schema-graph\">{\"@context\":\"https:\\\/\\\/schema.org\",\"@graph\":[{\"@type\":\"Article\",\"@id\":\"https:\\\/\\\/www.gittas-verkstad.com\\\/de\\\/aktuell\\\/bald-beginnt-die-neue-saison-fuers-pflanzenfaerben\\\/#article\",\"isPartOf\":{\"@id\":\"https:\\\/\\\/www.gittas-verkstad.com\\\/de\\\/aktuell\\\/bald-beginnt-die-neue-saison-fuers-pflanzenfaerben\\\/\"},\"author\":{\"name\":\"gitta\",\"@id\":\"https:\\\/\\\/www.gittas-verkstad.com\\\/de\\\/#\\\/schema\\\/person\\\/66efc41949b9b5d43667d40db8dfcc57\"},\"headline\":\"Bald beginnt die neue Saison f\u00fcrs Pflanzenf\u00e4rben in Gittas verkstad\",\"datePublished\":\"2017-05-30T16:18:48+00:00\",\"dateModified\":\"2020-03-30T16:23:43+00:00\",\"mainEntityOfPage\":{\"@id\":\"https:\\\/\\\/www.gittas-verkstad.com\\\/de\\\/aktuell\\\/bald-beginnt-die-neue-saison-fuers-pflanzenfaerben\\\/\"},\"wordCount\":160,\"publisher\":{\"@id\":\"https:\\\/\\\/www.gittas-verkstad.com\\\/de\\\/#organization\"},\"image\":{\"@id\":\"https:\\\/\\\/www.gittas-verkstad.com\\\/de\\\/aktuell\\\/bald-beginnt-die-neue-saison-fuers-pflanzenfaerben\\\/#primaryimage\"},\"thumbnailUrl\":\"https:\\\/\\\/www.gittas-verkstad.com\\\/de\\\/wp-content\\\/uploads\\\/sites\\\/8\\\/2017\\\/05\\\/Birkenbl\u00e4tter-4.jpg\",\"keywords\":[\"Anmeldung\",\"Formular\",\"Gjut\u00e5s\",\"Homepage\",\"Pflanzenf\u00e4rben\"],\"articleSection\":[\"Aktuell\"],\"inLanguage\":\"de\"},{\"@type\":\"WebPage\",\"@id\":\"https:\\\/\\\/www.gittas-verkstad.com\\\/de\\\/aktuell\\\/bald-beginnt-die-neue-saison-fuers-pflanzenfaerben\\\/\",\"url\":\"https:\\\/\\\/www.gittas-verkstad.com\\\/de\\\/aktuell\\\/bald-beginnt-die-neue-saison-fuers-pflanzenfaerben\\\/\",\"name\":\"Bald beginnt die neue Saison f\u00fcrs Pflanzenf\u00e4rben in Gittas verkstad\",\"isPartOf\":{\"@id\":\"https:\\\/\\\/www.gittas-verkstad.com\\\/de\\\/#website\"},\"primaryImageOfPage\":{\"@id\":\"https:\\\/\\\/www.gittas-verkstad.com\\\/de\\\/aktuell\\\/bald-beginnt-die-neue-saison-fuers-pflanzenfaerben\\\/#primaryimage\"},\"image\":{\"@id\":\"https:\\\/\\\/www.gittas-verkstad.com\\\/de\\\/aktuell\\\/bald-beginnt-die-neue-saison-fuers-pflanzenfaerben\\\/#primaryimage\"},\"thumbnailUrl\":\"https:\\\/\\\/www.gittas-verkstad.com\\\/de\\\/wp-content\\\/uploads\\\/sites\\\/8\\\/2017\\\/05\\\/Birkenbl\u00e4tter-4.jpg\",\"datePublished\":\"2017-05-30T16:18:48+00:00\",\"dateModified\":\"2020-03-30T16:23:43+00:00\",\"description\":\"Bald beginnt die neue Saison f\u00fcrs Pflanzenf\u00e4rben in Gittas verkstad. Das Fr\u00fchjahr ist richtig angekommen, die Birken haben gr\u00fcnes Laub\",\"breadcrumb\":{\"@id\":\"https:\\\/\\\/www.gittas-verkstad.com\\\/de\\\/aktuell\\\/bald-beginnt-die-neue-saison-fuers-pflanzenfaerben\\\/#breadcrumb\"},\"inLanguage\":\"de\",\"potentialAction\":[{\"@type\":\"ReadAction\",\"target\":[\"https:\\\/\\\/www.gittas-verkstad.com\\\/de\\\/aktuell\\\/bald-beginnt-die-neue-saison-fuers-pflanzenfaerben\\\/\"]}]},{\"@type\":\"ImageObject\",\"inLanguage\":\"de\",\"@id\":\"https:\\\/\\\/www.gittas-verkstad.com\\\/de\\\/aktuell\\\/bald-beginnt-die-neue-saison-fuers-pflanzenfaerben\\\/#primaryimage\",\"url\":\"https:\\\/\\\/www.gittas-verkstad.com\\\/de\\\/wp-content\\\/uploads\\\/sites\\\/8\\\/2017\\\/05\\\/Birkenbl\u00e4tter-4.jpg\",\"contentUrl\":\"https:\\\/\\\/www.gittas-verkstad.com\\\/de\\\/wp-content\\\/uploads\\\/sites\\\/8\\\/2017\\\/05\\\/Birkenbl\u00e4tter-4.jpg\",\"width\":2048,\"height\":1365},{\"@type\":\"BreadcrumbList\",\"@id\":\"https:\\\/\\\/www.gittas-verkstad.com\\\/de\\\/aktuell\\\/bald-beginnt-die-neue-saison-fuers-pflanzenfaerben\\\/#breadcrumb\",\"itemListElement\":[{\"@type\":\"ListItem\",\"position\":1,\"name\":\"Startseite\",\"item\":\"https:\\\/\\\/www.gittas-verkstad.com\\\/de\\\/\"},{\"@type\":\"ListItem\",\"position\":2,\"name\":\"Bald beginnt die neue Saison f\u00fcrs Pflanzenf\u00e4rben in Gittas verkstad\"}]},{\"@type\":\"WebSite\",\"@id\":\"https:\\\/\\\/www.gittas-verkstad.com\\\/de\\\/#website\",\"url\":\"https:\\\/\\\/www.gittas-verkstad.com\\\/de\\\/\",\"name\":\"Gittas verkstad\",\"description\":\"Gitta betreibt in Lennartsfors eine Werkstatt f\u00fcr Weben, Kunst und Design. Ihre Produkte verkauft sie in ihrer Gallerie auf Gjut\u00e5s am Dalslands Kanal.\",\"publisher\":{\"@id\":\"https:\\\/\\\/www.gittas-verkstad.com\\\/de\\\/#organization\"},\"potentialAction\":[{\"@type\":\"SearchAction\",\"target\":{\"@type\":\"EntryPoint\",\"urlTemplate\":\"https:\\\/\\\/www.gittas-verkstad.com\\\/de\\\/?s={search_term_string}\"},\"query-input\":{\"@type\":\"PropertyValueSpecification\",\"valueRequired\":true,\"valueName\":\"search_term_string\"}}],\"inLanguage\":\"de\"},{\"@type\":\"Organization\",\"@id\":\"https:\\\/\\\/www.gittas-verkstad.com\\\/de\\\/#organization\",\"name\":\"Gittas verkstad\",\"url\":\"https:\\\/\\\/www.gittas-verkstad.com\\\/de\\\/\",\"logo\":{\"@type\":\"ImageObject\",\"inLanguage\":\"de\",\"@id\":\"https:\\\/\\\/www.gittas-verkstad.com\\\/de\\\/#\\\/schema\\\/logo\\\/image\\\/\",\"url\":\"https:\\\/\\\/www.gittas-verkstad.com\\\/de\\\/wp-content\\\/uploads\\\/sites\\\/8\\\/2018\\\/04\\\/Gittas-verkstad-logo.jpg\",\"contentUrl\":\"https:\\\/\\\/www.gittas-verkstad.com\\\/de\\\/wp-content\\\/uploads\\\/sites\\\/8\\\/2018\\\/04\\\/Gittas-verkstad-logo.jpg\",\"width\":617,\"height\":146,\"caption\":\"Gittas verkstad\"},\"image\":{\"@id\":\"https:\\\/\\\/www.gittas-verkstad.com\\\/de\\\/#\\\/schema\\\/logo\\\/image\\\/\"},\"sameAs\":[\"https:\\\/\\\/www.facebook.com\\\/gittasverkstad\\\/\"]},{\"@type\":\"Person\",\"@id\":\"https:\\\/\\\/www.gittas-verkstad.com\\\/de\\\/#\\\/schema\\\/person\\\/66efc41949b9b5d43667d40db8dfcc57\",\"name\":\"gitta\",\"url\":\"https:\\\/\\\/www.gittas-verkstad.com\\\/de\\\/author\\\/gitta\\\/\"}]}<\/script>\n<!-- \/ Yoast SEO plugin. -->","yoast_head_json":{"title":"Bald beginnt die neue Saison f\u00fcrs Pflanzenf\u00e4rben in Gittas verkstad","description":"Bald beginnt die neue Saison f\u00fcrs Pflanzenf\u00e4rben in Gittas verkstad. Das Fr\u00fchjahr ist richtig angekommen, die Birken haben gr\u00fcnes Laub","robots":{"index":"index","follow":"follow","max-snippet":"max-snippet:-1","max-image-preview":"max-image-preview:large","max-video-preview":"max-video-preview:-1"},"canonical":"https:\/\/www.gittas-verkstad.com\/de\/aktuell\/bald-beginnt-die-neue-saison-fuers-pflanzenfaerben\/","og_locale":"de_DE","og_type":"article","og_title":"Bald beginnt die neue Saison f\u00fcrs Pflanzenf\u00e4rben in Gittas verkstad","og_description":"Bald beginnt die neue Saison f\u00fcrs Pflanzenf\u00e4rben in Gittas verkstad. Das Fr\u00fchjahr ist richtig angekommen, die Birken haben gr\u00fcnes Laub","og_url":"https:\/\/www.gittas-verkstad.com\/de\/aktuell\/bald-beginnt-die-neue-saison-fuers-pflanzenfaerben\/","og_site_name":"Gittas verkstad Weben, Kunst, Design \/ de \/ Lennartsfors","article_publisher":"https:\/\/www.facebook.com\/gittasverkstad\/","article_published_time":"2017-05-30T16:18:48+00:00","article_modified_time":"2020-03-30T16:23:43+00:00","og_image":[{"width":2048,"height":1365,"url":"https:\/\/www.gittas-verkstad.com\/de\/wp-content\/uploads\/sites\/8\/2017\/05\/Birkenbl\u00e4tter-4.jpg","type":"image\/jpeg"}],"author":"gitta","twitter_card":"summary_large_image","twitter_misc":{"Verfasst von":"gitta","Gesch\u00e4tzte Lesezeit":"1\u00a0Minute"},"schema":{"@context":"https:\/\/schema.org","@graph":[{"@type":"Article","@id":"https:\/\/www.gittas-verkstad.com\/de\/aktuell\/bald-beginnt-die-neue-saison-fuers-pflanzenfaerben\/#article","isPartOf":{"@id":"https:\/\/www.gittas-verkstad.com\/de\/aktuell\/bald-beginnt-die-neue-saison-fuers-pflanzenfaerben\/"},"author":{"name":"gitta","@id":"https:\/\/www.gittas-verkstad.com\/de\/#\/schema\/person\/66efc41949b9b5d43667d40db8dfcc57"},"headline":"Bald beginnt die neue Saison f\u00fcrs Pflanzenf\u00e4rben in Gittas verkstad","datePublished":"2017-05-30T16:18:48+00:00","dateModified":"2020-03-30T16:23:43+00:00","mainEntityOfPage":{"@id":"https:\/\/www.gittas-verkstad.com\/de\/aktuell\/bald-beginnt-die-neue-saison-fuers-pflanzenfaerben\/"},"wordCount":160,"publisher":{"@id":"https:\/\/www.gittas-verkstad.com\/de\/#organization"},"image":{"@id":"https:\/\/www.gittas-verkstad.com\/de\/aktuell\/bald-beginnt-die-neue-saison-fuers-pflanzenfaerben\/#primaryimage"},"thumbnailUrl":"https:\/\/www.gittas-verkstad.com\/de\/wp-content\/uploads\/sites\/8\/2017\/05\/Birkenbl\u00e4tter-4.jpg","keywords":["Anmeldung","Formular","Gjut\u00e5s","Homepage","Pflanzenf\u00e4rben"],"articleSection":["Aktuell"],"inLanguage":"de"},{"@type":"WebPage","@id":"https:\/\/www.gittas-verkstad.com\/de\/aktuell\/bald-beginnt-die-neue-saison-fuers-pflanzenfaerben\/","url":"https:\/\/www.gittas-verkstad.com\/de\/aktuell\/bald-beginnt-die-neue-saison-fuers-pflanzenfaerben\/","name":"Bald beginnt die neue Saison f\u00fcrs Pflanzenf\u00e4rben in Gittas verkstad","isPartOf":{"@id":"https:\/\/www.gittas-verkstad.com\/de\/#website"},"primaryImageOfPage":{"@id":"https:\/\/www.gittas-verkstad.com\/de\/aktuell\/bald-beginnt-die-neue-saison-fuers-pflanzenfaerben\/#primaryimage"},"image":{"@id":"https:\/\/www.gittas-verkstad.com\/de\/aktuell\/bald-beginnt-die-neue-saison-fuers-pflanzenfaerben\/#primaryimage"},"thumbnailUrl":"https:\/\/www.gittas-verkstad.com\/de\/wp-content\/uploads\/sites\/8\/2017\/05\/Birkenbl\u00e4tter-4.jpg","datePublished":"2017-05-30T16:18:48+00:00","dateModified":"2020-03-30T16:23:43+00:00","description":"Bald beginnt die neue Saison f\u00fcrs Pflanzenf\u00e4rben in Gittas verkstad. Das Fr\u00fchjahr ist richtig angekommen, die Birken haben gr\u00fcnes Laub","breadcrumb":{"@id":"https:\/\/www.gittas-verkstad.com\/de\/aktuell\/bald-beginnt-die-neue-saison-fuers-pflanzenfaerben\/#breadcrumb"},"inLanguage":"de","potentialAction":[{"@type":"ReadAction","target":["https:\/\/www.gittas-verkstad.com\/de\/aktuell\/bald-beginnt-die-neue-saison-fuers-pflanzenfaerben\/"]}]},{"@type":"ImageObject","inLanguage":"de","@id":"https:\/\/www.gittas-verkstad.com\/de\/aktuell\/bald-beginnt-die-neue-saison-fuers-pflanzenfaerben\/#primaryimage","url":"https:\/\/www.gittas-verkstad.com\/de\/wp-content\/uploads\/sites\/8\/2017\/05\/Birkenbl\u00e4tter-4.jpg","contentUrl":"https:\/\/www.gittas-verkstad.com\/de\/wp-content\/uploads\/sites\/8\/2017\/05\/Birkenbl\u00e4tter-4.jpg","width":2048,"height":1365},{"@type":"BreadcrumbList","@id":"https:\/\/www.gittas-verkstad.com\/de\/aktuell\/bald-beginnt-die-neue-saison-fuers-pflanzenfaerben\/#breadcrumb","itemListElement":[{"@type":"ListItem","position":1,"name":"Startseite","item":"https:\/\/www.gittas-verkstad.com\/de\/"},{"@type":"ListItem","position":2,"name":"Bald beginnt die neue Saison f\u00fcrs Pflanzenf\u00e4rben in Gittas verkstad"}]},{"@type":"WebSite","@id":"https:\/\/www.gittas-verkstad.com\/de\/#website","url":"https:\/\/www.gittas-verkstad.com\/de\/","name":"Gittas verkstad","description":"Gitta betreibt in Lennartsfors eine Werkstatt f\u00fcr Weben, Kunst und Design. Ihre Produkte verkauft sie in ihrer Gallerie auf Gjut\u00e5s am Dalslands Kanal.","publisher":{"@id":"https:\/\/www.gittas-verkstad.com\/de\/#organization"},"potentialAction":[{"@type":"SearchAction","target":{"@type":"EntryPoint","urlTemplate":"https:\/\/www.gittas-verkstad.com\/de\/?s={search_term_string}"},"query-input":{"@type":"PropertyValueSpecification","valueRequired":true,"valueName":"search_term_string"}}],"inLanguage":"de"},{"@type":"Organization","@id":"https:\/\/www.gittas-verkstad.com\/de\/#organization","name":"Gittas verkstad","url":"https:\/\/www.gittas-verkstad.com\/de\/","logo":{"@type":"ImageObject","inLanguage":"de","@id":"https:\/\/www.gittas-verkstad.com\/de\/#\/schema\/logo\/image\/","url":"https:\/\/www.gittas-verkstad.com\/de\/wp-content\/uploads\/sites\/8\/2018\/04\/Gittas-verkstad-logo.jpg","contentUrl":"https:\/\/www.gittas-verkstad.com\/de\/wp-content\/uploads\/sites\/8\/2018\/04\/Gittas-verkstad-logo.jpg","width":617,"height":146,"caption":"Gittas verkstad"},"image":{"@id":"https:\/\/www.gittas-verkstad.com\/de\/#\/schema\/logo\/image\/"},"sameAs":["https:\/\/www.facebook.com\/gittasverkstad\/"]},{"@type":"Person","@id":"https:\/\/www.gittas-verkstad.com\/de\/#\/schema\/person\/66efc41949b9b5d43667d40db8dfcc57","name":"gitta","url":"https:\/\/www.gittas-verkstad.com\/de\/author\/gitta\/"}]}},"_links":{"self":[{"href":"https:\/\/www.gittas-verkstad.com\/de\/wp-json\/wp\/v2\/posts\/790","targetHints":{"allow":["GET"]}}],"collection":[{"href":"https:\/\/www.gittas-verkstad.com\/de\/wp-json\/wp\/v2\/posts"}],"about":[{"href":"https:\/\/www.gittas-verkstad.com\/de\/wp-json\/wp\/v2\/types\/post"}],"author":[{"embeddable":true,"href":"https:\/\/www.gittas-verkstad.com\/de\/wp-json\/wp\/v2\/users\/1"}],"replies":[{"embeddable":true,"href":"https:\/\/www.gittas-verkstad.com\/de\/wp-json\/wp\/v2\/comments?post=790"}],"version-history":[{"count":7,"href":"https:\/\/www.gittas-verkstad.com\/de\/wp-json\/wp\/v2\/posts\/790\/revisions"}],"predecessor-version":[{"id":1669,"href":"https:\/\/www.gittas-verkstad.com\/de\/wp-json\/wp\/v2\/posts\/790\/revisions\/1669"}],"wp:featuredmedia":[{"embeddable":true,"href":"https:\/\/www.gittas-verkstad.com\/de\/wp-json\/wp\/v2\/media\/792"}],"wp:attachment":[{"href":"https:\/\/www.gittas-verkstad.com\/de\/wp-json\/wp\/v2\/media?parent=790"}],"wp:term":[{"taxonomy":"category","embeddable":true,"href":"https:\/\/www.gittas-verkstad.com\/de\/wp-json\/wp\/v2\/categories?post=790"},{"taxonomy":"post_tag","embeddable":true,"href":"https:\/\/www.gittas-verkstad.com\/de\/wp-json\/wp\/v2\/tags?post=790"}],"curies":[{"name":"wp","href":"https:\/\/api.w.org\/{rel}","templated":true}]}}