{"id":2908,"date":"2026-08-29T18:47:31","date_gmt":"2026-08-29T16:47:31","guid":{"rendered":"https:\/\/www.gittas-verkstad.com\/de\/?p=2908"},"modified":"2026-08-30T18:12:57","modified_gmt":"2026-08-30T16:12:57","slug":"ausstellung-mellan-tradar-och-form-in-der-galleri-passagen-in-der-bibliothek-in-arjaeng","status":"publish","type":"post","link":"https:\/\/www.gittas-verkstad.com\/de\/aktuell\/ausstellung-mellan-tradar-och-form-in-der-galleri-passagen-in-der-bibliothek-in-arjaeng\/","title":{"rendered":"Ausstellung \u201eMellan tr\u00e5dar och form\u201c in der Galleri Passagen in der Bibliothek in \u00c5rj\u00e4ng"},"content":{"rendered":"\n<p class=\"wp-block-paragraph\"><\/p>\n\n\n\n<p class=\"wp-block-paragraph\">Meine Ausstellung \u201eMellan tr\u00e5dar och form\u201c ist noch bis zum 4. September in der Galleri Passagen in der Bibliothek in \u00c5rj\u00e4ng zu sehen.<\/p>\n\n\n\n<p class=\"wp-block-paragraph\">Weben bildet den Ausgangspunkt meiner Arbeiten, doch in dieser Ausstellung begegnen sich Textilkunst, Malerei und Objekte. Gewebte Wandtextilien stehen neben Temperabildern, Metall trifft auf Garn und Holz und vertraute Materialien finden sich in neuen Zusammenh\u00e4ngen wieder. So ist eine Ausstellung entstanden, in der F\u00e4den, Formen und unterschiedliche Materialien miteinander in einen Dialog treten.<\/p>\n\n\n\n<p class=\"wp-block-paragraph\">Ein besonderer Nachmittag war \u201eMitt i utst\u00e4llningen\u201c am 20. August. Viele Besucherinnen und Besucher kamen in die Galleri Passagen, um die Ausstellung anzusehen, mehr \u00fcber ausgew\u00e4hlte Arbeiten und ihre Entstehung zu erfahren und bei einem Glas Apfelcider und selbst gebackenem Geb\u00e4ck miteinander ins Gespr\u00e4ch zu kommen. Die vielen sch\u00f6nen Begegnungen, Gespr\u00e4che und Blumen haben diesen Nachmittag f\u00fcr mich zu einem ganz besonderen Erlebnis gemacht.<\/p>\n\n\n\n<p class=\"wp-block-paragraph\">Meine Ausstellung \u201eMellan tr\u00e5dar och form\u201c ist noch bis zum 4. September w\u00e4hrend der \u00d6ffnungszeiten der Bibliothek in \u00c5rj\u00e4ng ge\u00f6ffnet. Herzlich willkommen!<\/p>\n\n\n\n<p class=\"wp-block-paragraph\"><\/p>\n","protected":false},"excerpt":{"rendered":"<p>Meine Ausstellung \u201eMellan tr\u00e5dar och form\u201c ist noch bis zum 4. September in der Galleri Passagen in der Bibliothek in \u00c5rj\u00e4ng zu sehen. Weben bildet den Ausgangspunkt meiner Arbeiten, doch in dieser Ausstellung begegnen sich Textilkunst, Malerei und Objekte. Gewebte <a class=\"more-link\" href=\"https:\/\/www.gittas-verkstad.com\/de\/aktuell\/ausstellung-mellan-tradar-och-form-in-der-galleri-passagen-in-der-bibliothek-in-arjaeng\/\">weiterlesen&#8230;<\/a><\/p>\n","protected":false},"author":1,"featured_media":2910,"comment_status":"closed","ping_status":"closed","sticky":false,"template":"","format":"standard","meta":{"footnotes":""},"categories":[2],"tags":[39,4,479,478,481,477,480],"class_list":["post-2908","post","type-post","status-publish","format-standard","has-post-thumbnail","hentry","category-aktuell","tag-arjaeng","tag-ausstellung","tag-bibliothek","tag-galleri-passagen","tag-gewebtes","tag-mellan-tradar-och-form","tag-weberei"],"yoast_head":"<!-- This site is optimized with the Yoast SEO plugin v28.3 - https:\/\/yoast.com\/product\/yoast-seo-wordpress\/ -->\n<title>Ausstellung \u201eMellan tr\u00e5dar och form\u201c in der Galleri Passagen<\/title>\n<meta name=\"description\" content=\"Ausstellung \u201eMellan tr\u00e5dar och form\u201c in der Galleri Passagen in der Bibliothek in \u00c5rj\u00e4ng\ufeff: Meine Ausstellung \u201eMellan tr\u00e5dar och form&quot;\" \/>\n<meta name=\"robots\" content=\"index, follow, max-snippet:-1, max-image-preview:large, max-video-preview:-1\" \/>\n<link rel=\"canonical\" href=\"https:\/\/www.gittas-verkstad.com\/de\/aktuell\/ausstellung-mellan-tradar-och-form-in-der-galleri-passagen-in-der-bibliothek-in-arjaeng\/\" \/>\n<meta property=\"og:locale\" content=\"de_DE\" \/>\n<meta property=\"og:type\" content=\"article\" \/>\n<meta property=\"og:title\" content=\"Ausstellung \u201eMellan tr\u00e5dar och form\u201c in der Galleri Passagen\" \/>\n<meta property=\"og:description\" content=\"Ausstellung \u201eMellan tr\u00e5dar och form\u201c in der Galleri Passagen in der Bibliothek in \u00c5rj\u00e4ng\ufeff: Meine Ausstellung \u201eMellan tr\u00e5dar och form&quot;\" \/>\n<meta property=\"og:url\" content=\"https:\/\/www.gittas-verkstad.com\/de\/aktuell\/ausstellung-mellan-tradar-och-form-in-der-galleri-passagen-in-der-bibliothek-in-arjaeng\/\" \/>\n<meta property=\"og:site_name\" content=\"Gittas verkstad Weben, Kunst, Design \/ de \/ Lennartsfors\" \/>\n<meta property=\"article:publisher\" content=\"https:\/\/www.facebook.com\/gittasverkstad\/\" \/>\n<meta property=\"article:published_time\" content=\"2026-08-29T16:47:31+00:00\" \/>\n<meta property=\"article:modified_time\" content=\"2026-08-30T16:12:57+00:00\" \/>\n<meta property=\"og:image\" content=\"https:\/\/www.gittas-verkstad.com\/de\/wp-content\/uploads\/sites\/8\/2026\/08\/Ausstellung-2026-Mellan-tradar-och-form-Gitta-Bretsch.jpg\" \/>\n\t<meta property=\"og:image:width\" content=\"1640\" \/>\n\t<meta property=\"og:image:height\" content=\"399\" \/>\n\t<meta property=\"og:image:type\" content=\"image\/jpeg\" \/>\n<meta name=\"author\" content=\"gitta\" \/>\n<meta name=\"twitter:card\" content=\"summary_large_image\" \/>\n<meta name=\"twitter:label1\" content=\"Verfasst von\" \/>\n\t<meta name=\"twitter:data1\" content=\"gitta\" \/>\n\t<meta name=\"twitter:label2\" content=\"Gesch\u00e4tzte Lesezeit\" \/>\n\t<meta name=\"twitter:data2\" content=\"2\u00a0Minuten\" \/>\n<script type=\"application\/ld+json\" class=\"yoast-schema-graph\">{\"@context\":\"https:\\\/\\\/schema.org\",\"@graph\":[{\"@type\":\"Article\",\"@id\":\"https:\\\/\\\/www.gittas-verkstad.com\\\/de\\\/aktuell\\\/ausstellung-mellan-tradar-och-form-in-der-galleri-passagen-in-der-bibliothek-in-arjaeng\\\/#article\",\"isPartOf\":{\"@id\":\"https:\\\/\\\/www.gittas-verkstad.com\\\/de\\\/aktuell\\\/ausstellung-mellan-tradar-och-form-in-der-galleri-passagen-in-der-bibliothek-in-arjaeng\\\/\"},\"author\":{\"name\":\"gitta\",\"@id\":\"https:\\\/\\\/www.gittas-verkstad.com\\\/de\\\/#\\\/schema\\\/person\\\/66efc41949b9b5d43667d40db8dfcc57\"},\"headline\":\"Ausstellung \u201eMellan tr\u00e5dar och form\u201c in der Galleri Passagen in der Bibliothek in \u00c5rj\u00e4ng\",\"datePublished\":\"2026-08-29T16:47:31+00:00\",\"dateModified\":\"2026-08-30T16:12:57+00:00\",\"mainEntityOfPage\":{\"@id\":\"https:\\\/\\\/www.gittas-verkstad.com\\\/de\\\/aktuell\\\/ausstellung-mellan-tradar-och-form-in-der-galleri-passagen-in-der-bibliothek-in-arjaeng\\\/\"},\"wordCount\":190,\"publisher\":{\"@id\":\"https:\\\/\\\/www.gittas-verkstad.com\\\/de\\\/#organization\"},\"image\":{\"@id\":\"https:\\\/\\\/www.gittas-verkstad.com\\\/de\\\/aktuell\\\/ausstellung-mellan-tradar-och-form-in-der-galleri-passagen-in-der-bibliothek-in-arjaeng\\\/#primaryimage\"},\"thumbnailUrl\":\"https:\\\/\\\/www.gittas-verkstad.com\\\/de\\\/wp-content\\\/uploads\\\/sites\\\/8\\\/2026\\\/08\\\/Ausstellung-2026-Mellan-tradar-och-form-Gitta-Bretsch.jpg\",\"keywords\":[\"\u00c5rj\u00e4ng\",\"Ausstellung\",\"Bibliothek\",\"Galleri Passagen\",\"Gewebtes\",\"Mellan tr\u00e5dar och form\",\"Weberei\"],\"articleSection\":[\"Aktuell\"],\"inLanguage\":\"de\"},{\"@type\":\"WebPage\",\"@id\":\"https:\\\/\\\/www.gittas-verkstad.com\\\/de\\\/aktuell\\\/ausstellung-mellan-tradar-och-form-in-der-galleri-passagen-in-der-bibliothek-in-arjaeng\\\/\",\"url\":\"https:\\\/\\\/www.gittas-verkstad.com\\\/de\\\/aktuell\\\/ausstellung-mellan-tradar-och-form-in-der-galleri-passagen-in-der-bibliothek-in-arjaeng\\\/\",\"name\":\"Ausstellung \u201eMellan tr\u00e5dar och form\u201c in der Galleri Passagen\",\"isPartOf\":{\"@id\":\"https:\\\/\\\/www.gittas-verkstad.com\\\/de\\\/#website\"},\"primaryImageOfPage\":{\"@id\":\"https:\\\/\\\/www.gittas-verkstad.com\\\/de\\\/aktuell\\\/ausstellung-mellan-tradar-och-form-in-der-galleri-passagen-in-der-bibliothek-in-arjaeng\\\/#primaryimage\"},\"image\":{\"@id\":\"https:\\\/\\\/www.gittas-verkstad.com\\\/de\\\/aktuell\\\/ausstellung-mellan-tradar-och-form-in-der-galleri-passagen-in-der-bibliothek-in-arjaeng\\\/#primaryimage\"},\"thumbnailUrl\":\"https:\\\/\\\/www.gittas-verkstad.com\\\/de\\\/wp-content\\\/uploads\\\/sites\\\/8\\\/2026\\\/08\\\/Ausstellung-2026-Mellan-tradar-och-form-Gitta-Bretsch.jpg\",\"datePublished\":\"2026-08-29T16:47:31+00:00\",\"dateModified\":\"2026-08-30T16:12:57+00:00\",\"description\":\"Ausstellung \u201eMellan tr\u00e5dar och form\u201c in der Galleri Passagen in der Bibliothek in \u00c5rj\u00e4ng\ufeff: Meine Ausstellung \u201eMellan tr\u00e5dar och form\\\"\",\"breadcrumb\":{\"@id\":\"https:\\\/\\\/www.gittas-verkstad.com\\\/de\\\/aktuell\\\/ausstellung-mellan-tradar-och-form-in-der-galleri-passagen-in-der-bibliothek-in-arjaeng\\\/#breadcrumb\"},\"inLanguage\":\"de\",\"potentialAction\":[{\"@type\":\"ReadAction\",\"target\":[\"https:\\\/\\\/www.gittas-verkstad.com\\\/de\\\/aktuell\\\/ausstellung-mellan-tradar-och-form-in-der-galleri-passagen-in-der-bibliothek-in-arjaeng\\\/\"]}]},{\"@type\":\"ImageObject\",\"inLanguage\":\"de\",\"@id\":\"https:\\\/\\\/www.gittas-verkstad.com\\\/de\\\/aktuell\\\/ausstellung-mellan-tradar-och-form-in-der-galleri-passagen-in-der-bibliothek-in-arjaeng\\\/#primaryimage\",\"url\":\"https:\\\/\\\/www.gittas-verkstad.com\\\/de\\\/wp-content\\\/uploads\\\/sites\\\/8\\\/2026\\\/08\\\/Ausstellung-2026-Mellan-tradar-och-form-Gitta-Bretsch.jpg\",\"contentUrl\":\"https:\\\/\\\/www.gittas-verkstad.com\\\/de\\\/wp-content\\\/uploads\\\/sites\\\/8\\\/2026\\\/08\\\/Ausstellung-2026-Mellan-tradar-och-form-Gitta-Bretsch.jpg\",\"width\":1640,\"height\":399,\"caption\":\"Ausstellung-2026-Mellan-tradar-och-form-Gitta-Bretsch.\"},{\"@type\":\"BreadcrumbList\",\"@id\":\"https:\\\/\\\/www.gittas-verkstad.com\\\/de\\\/aktuell\\\/ausstellung-mellan-tradar-och-form-in-der-galleri-passagen-in-der-bibliothek-in-arjaeng\\\/#breadcrumb\",\"itemListElement\":[{\"@type\":\"ListItem\",\"position\":1,\"name\":\"Startseite\",\"item\":\"https:\\\/\\\/www.gittas-verkstad.com\\\/de\\\/\"},{\"@type\":\"ListItem\",\"position\":2,\"name\":\"Ausstellung \u201eMellan tr\u00e5dar och form\u201c in der Galleri Passagen in der Bibliothek in \u00c5rj\u00e4ng\"}]},{\"@type\":\"WebSite\",\"@id\":\"https:\\\/\\\/www.gittas-verkstad.com\\\/de\\\/#website\",\"url\":\"https:\\\/\\\/www.gittas-verkstad.com\\\/de\\\/\",\"name\":\"Gittas verkstad\",\"description\":\"Gitta betreibt in Lennartsfors eine Werkstatt f\u00fcr Weben, Kunst und Design. Ihre Produkte verkauft sie in ihrer Gallerie auf Gjut\u00e5s am Dalslands Kanal.\",\"publisher\":{\"@id\":\"https:\\\/\\\/www.gittas-verkstad.com\\\/de\\\/#organization\"},\"potentialAction\":[{\"@type\":\"SearchAction\",\"target\":{\"@type\":\"EntryPoint\",\"urlTemplate\":\"https:\\\/\\\/www.gittas-verkstad.com\\\/de\\\/?s={search_term_string}\"},\"query-input\":{\"@type\":\"PropertyValueSpecification\",\"valueRequired\":true,\"valueName\":\"search_term_string\"}}],\"inLanguage\":\"de\"},{\"@type\":\"Organization\",\"@id\":\"https:\\\/\\\/www.gittas-verkstad.com\\\/de\\\/#organization\",\"name\":\"Gittas verkstad\",\"url\":\"https:\\\/\\\/www.gittas-verkstad.com\\\/de\\\/\",\"logo\":{\"@type\":\"ImageObject\",\"inLanguage\":\"de\",\"@id\":\"https:\\\/\\\/www.gittas-verkstad.com\\\/de\\\/#\\\/schema\\\/logo\\\/image\\\/\",\"url\":\"https:\\\/\\\/www.gittas-verkstad.com\\\/de\\\/wp-content\\\/uploads\\\/sites\\\/8\\\/2018\\\/04\\\/Gittas-verkstad-logo.jpg\",\"contentUrl\":\"https:\\\/\\\/www.gittas-verkstad.com\\\/de\\\/wp-content\\\/uploads\\\/sites\\\/8\\\/2018\\\/04\\\/Gittas-verkstad-logo.jpg\",\"width\":617,\"height\":146,\"caption\":\"Gittas verkstad\"},\"image\":{\"@id\":\"https:\\\/\\\/www.gittas-verkstad.com\\\/de\\\/#\\\/schema\\\/logo\\\/image\\\/\"},\"sameAs\":[\"https:\\\/\\\/www.facebook.com\\\/gittasverkstad\\\/\"]},{\"@type\":\"Person\",\"@id\":\"https:\\\/\\\/www.gittas-verkstad.com\\\/de\\\/#\\\/schema\\\/person\\\/66efc41949b9b5d43667d40db8dfcc57\",\"name\":\"gitta\",\"url\":\"https:\\\/\\\/www.gittas-verkstad.com\\\/de\\\/author\\\/gitta\\\/\"}]}<\/script>\n<!-- \/ Yoast SEO plugin. -->","yoast_head_json":{"title":"Ausstellung \u201eMellan tr\u00e5dar och form\u201c in der Galleri Passagen","description":"Ausstellung \u201eMellan tr\u00e5dar och form\u201c in der Galleri Passagen in der Bibliothek in \u00c5rj\u00e4ng\ufeff: Meine Ausstellung \u201eMellan tr\u00e5dar och form\"","robots":{"index":"index","follow":"follow","max-snippet":"max-snippet:-1","max-image-preview":"max-image-preview:large","max-video-preview":"max-video-preview:-1"},"canonical":"https:\/\/www.gittas-verkstad.com\/de\/aktuell\/ausstellung-mellan-tradar-och-form-in-der-galleri-passagen-in-der-bibliothek-in-arjaeng\/","og_locale":"de_DE","og_type":"article","og_title":"Ausstellung \u201eMellan tr\u00e5dar och form\u201c in der Galleri Passagen","og_description":"Ausstellung \u201eMellan tr\u00e5dar och form\u201c in der Galleri Passagen in der Bibliothek in \u00c5rj\u00e4ng\ufeff: Meine Ausstellung \u201eMellan tr\u00e5dar och form\"","og_url":"https:\/\/www.gittas-verkstad.com\/de\/aktuell\/ausstellung-mellan-tradar-och-form-in-der-galleri-passagen-in-der-bibliothek-in-arjaeng\/","og_site_name":"Gittas verkstad Weben, Kunst, Design \/ de \/ Lennartsfors","article_publisher":"https:\/\/www.facebook.com\/gittasverkstad\/","article_published_time":"2026-08-29T16:47:31+00:00","article_modified_time":"2026-08-30T16:12:57+00:00","og_image":[{"width":1640,"height":399,"url":"https:\/\/www.gittas-verkstad.com\/de\/wp-content\/uploads\/sites\/8\/2026\/08\/Ausstellung-2026-Mellan-tradar-och-form-Gitta-Bretsch.jpg","type":"image\/jpeg"}],"author":"gitta","twitter_card":"summary_large_image","twitter_misc":{"Verfasst von":"gitta","Gesch\u00e4tzte Lesezeit":"2\u00a0Minuten"},"schema":{"@context":"https:\/\/schema.org","@graph":[{"@type":"Article","@id":"https:\/\/www.gittas-verkstad.com\/de\/aktuell\/ausstellung-mellan-tradar-och-form-in-der-galleri-passagen-in-der-bibliothek-in-arjaeng\/#article","isPartOf":{"@id":"https:\/\/www.gittas-verkstad.com\/de\/aktuell\/ausstellung-mellan-tradar-och-form-in-der-galleri-passagen-in-der-bibliothek-in-arjaeng\/"},"author":{"name":"gitta","@id":"https:\/\/www.gittas-verkstad.com\/de\/#\/schema\/person\/66efc41949b9b5d43667d40db8dfcc57"},"headline":"Ausstellung \u201eMellan tr\u00e5dar och form\u201c in der Galleri Passagen in der Bibliothek in \u00c5rj\u00e4ng","datePublished":"2026-08-29T16:47:31+00:00","dateModified":"2026-08-30T16:12:57+00:00","mainEntityOfPage":{"@id":"https:\/\/www.gittas-verkstad.com\/de\/aktuell\/ausstellung-mellan-tradar-och-form-in-der-galleri-passagen-in-der-bibliothek-in-arjaeng\/"},"wordCount":190,"publisher":{"@id":"https:\/\/www.gittas-verkstad.com\/de\/#organization"},"image":{"@id":"https:\/\/www.gittas-verkstad.com\/de\/aktuell\/ausstellung-mellan-tradar-och-form-in-der-galleri-passagen-in-der-bibliothek-in-arjaeng\/#primaryimage"},"thumbnailUrl":"https:\/\/www.gittas-verkstad.com\/de\/wp-content\/uploads\/sites\/8\/2026\/08\/Ausstellung-2026-Mellan-tradar-och-form-Gitta-Bretsch.jpg","keywords":["\u00c5rj\u00e4ng","Ausstellung","Bibliothek","Galleri Passagen","Gewebtes","Mellan tr\u00e5dar och form","Weberei"],"articleSection":["Aktuell"],"inLanguage":"de"},{"@type":"WebPage","@id":"https:\/\/www.gittas-verkstad.com\/de\/aktuell\/ausstellung-mellan-tradar-och-form-in-der-galleri-passagen-in-der-bibliothek-in-arjaeng\/","url":"https:\/\/www.gittas-verkstad.com\/de\/aktuell\/ausstellung-mellan-tradar-och-form-in-der-galleri-passagen-in-der-bibliothek-in-arjaeng\/","name":"Ausstellung \u201eMellan tr\u00e5dar och form\u201c in der Galleri Passagen","isPartOf":{"@id":"https:\/\/www.gittas-verkstad.com\/de\/#website"},"primaryImageOfPage":{"@id":"https:\/\/www.gittas-verkstad.com\/de\/aktuell\/ausstellung-mellan-tradar-och-form-in-der-galleri-passagen-in-der-bibliothek-in-arjaeng\/#primaryimage"},"image":{"@id":"https:\/\/www.gittas-verkstad.com\/de\/aktuell\/ausstellung-mellan-tradar-och-form-in-der-galleri-passagen-in-der-bibliothek-in-arjaeng\/#primaryimage"},"thumbnailUrl":"https:\/\/www.gittas-verkstad.com\/de\/wp-content\/uploads\/sites\/8\/2026\/08\/Ausstellung-2026-Mellan-tradar-och-form-Gitta-Bretsch.jpg","datePublished":"2026-08-29T16:47:31+00:00","dateModified":"2026-08-30T16:12:57+00:00","description":"Ausstellung \u201eMellan tr\u00e5dar och form\u201c in der Galleri Passagen in der Bibliothek in \u00c5rj\u00e4ng\ufeff: Meine Ausstellung \u201eMellan tr\u00e5dar och form\"","breadcrumb":{"@id":"https:\/\/www.gittas-verkstad.com\/de\/aktuell\/ausstellung-mellan-tradar-och-form-in-der-galleri-passagen-in-der-bibliothek-in-arjaeng\/#breadcrumb"},"inLanguage":"de","potentialAction":[{"@type":"ReadAction","target":["https:\/\/www.gittas-verkstad.com\/de\/aktuell\/ausstellung-mellan-tradar-och-form-in-der-galleri-passagen-in-der-bibliothek-in-arjaeng\/"]}]},{"@type":"ImageObject","inLanguage":"de","@id":"https:\/\/www.gittas-verkstad.com\/de\/aktuell\/ausstellung-mellan-tradar-och-form-in-der-galleri-passagen-in-der-bibliothek-in-arjaeng\/#primaryimage","url":"https:\/\/www.gittas-verkstad.com\/de\/wp-content\/uploads\/sites\/8\/2026\/08\/Ausstellung-2026-Mellan-tradar-och-form-Gitta-Bretsch.jpg","contentUrl":"https:\/\/www.gittas-verkstad.com\/de\/wp-content\/uploads\/sites\/8\/2026\/08\/Ausstellung-2026-Mellan-tradar-och-form-Gitta-Bretsch.jpg","width":1640,"height":399,"caption":"Ausstellung-2026-Mellan-tradar-och-form-Gitta-Bretsch."},{"@type":"BreadcrumbList","@id":"https:\/\/www.gittas-verkstad.com\/de\/aktuell\/ausstellung-mellan-tradar-och-form-in-der-galleri-passagen-in-der-bibliothek-in-arjaeng\/#breadcrumb","itemListElement":[{"@type":"ListItem","position":1,"name":"Startseite","item":"https:\/\/www.gittas-verkstad.com\/de\/"},{"@type":"ListItem","position":2,"name":"Ausstellung \u201eMellan tr\u00e5dar och form\u201c in der Galleri Passagen in der Bibliothek in \u00c5rj\u00e4ng"}]},{"@type":"WebSite","@id":"https:\/\/www.gittas-verkstad.com\/de\/#website","url":"https:\/\/www.gittas-verkstad.com\/de\/","name":"Gittas verkstad","description":"Gitta betreibt in Lennartsfors eine Werkstatt f\u00fcr Weben, Kunst und Design. Ihre Produkte verkauft sie in ihrer Gallerie auf Gjut\u00e5s am Dalslands Kanal.","publisher":{"@id":"https:\/\/www.gittas-verkstad.com\/de\/#organization"},"potentialAction":[{"@type":"SearchAction","target":{"@type":"EntryPoint","urlTemplate":"https:\/\/www.gittas-verkstad.com\/de\/?s={search_term_string}"},"query-input":{"@type":"PropertyValueSpecification","valueRequired":true,"valueName":"search_term_string"}}],"inLanguage":"de"},{"@type":"Organization","@id":"https:\/\/www.gittas-verkstad.com\/de\/#organization","name":"Gittas verkstad","url":"https:\/\/www.gittas-verkstad.com\/de\/","logo":{"@type":"ImageObject","inLanguage":"de","@id":"https:\/\/www.gittas-verkstad.com\/de\/#\/schema\/logo\/image\/","url":"https:\/\/www.gittas-verkstad.com\/de\/wp-content\/uploads\/sites\/8\/2018\/04\/Gittas-verkstad-logo.jpg","contentUrl":"https:\/\/www.gittas-verkstad.com\/de\/wp-content\/uploads\/sites\/8\/2018\/04\/Gittas-verkstad-logo.jpg","width":617,"height":146,"caption":"Gittas verkstad"},"image":{"@id":"https:\/\/www.gittas-verkstad.com\/de\/#\/schema\/logo\/image\/"},"sameAs":["https:\/\/www.facebook.com\/gittasverkstad\/"]},{"@type":"Person","@id":"https:\/\/www.gittas-verkstad.com\/de\/#\/schema\/person\/66efc41949b9b5d43667d40db8dfcc57","name":"gitta","url":"https:\/\/www.gittas-verkstad.com\/de\/author\/gitta\/"}]}},"_links":{"self":[{"href":"https:\/\/www.gittas-verkstad.com\/de\/wp-json\/wp\/v2\/posts\/2908","targetHints":{"allow":["GET"]}}],"collection":[{"href":"https:\/\/www.gittas-verkstad.com\/de\/wp-json\/wp\/v2\/posts"}],"about":[{"href":"https:\/\/www.gittas-verkstad.com\/de\/wp-json\/wp\/v2\/types\/post"}],"author":[{"embeddable":true,"href":"https:\/\/www.gittas-verkstad.com\/de\/wp-json\/wp\/v2\/users\/1"}],"replies":[{"embeddable":true,"href":"https:\/\/www.gittas-verkstad.com\/de\/wp-json\/wp\/v2\/comments?post=2908"}],"version-history":[{"count":1,"href":"https:\/\/www.gittas-verkstad.com\/de\/wp-json\/wp\/v2\/posts\/2908\/revisions"}],"predecessor-version":[{"id":2909,"href":"https:\/\/www.gittas-verkstad.com\/de\/wp-json\/wp\/v2\/posts\/2908\/revisions\/2909"}],"wp:featuredmedia":[{"embeddable":true,"href":"https:\/\/www.gittas-verkstad.com\/de\/wp-json\/wp\/v2\/media\/2910"}],"wp:attachment":[{"href":"https:\/\/www.gittas-verkstad.com\/de\/wp-json\/wp\/v2\/media?parent=2908"}],"wp:term":[{"taxonomy":"category","embeddable":true,"href":"https:\/\/www.gittas-verkstad.com\/de\/wp-json\/wp\/v2\/categories?post=2908"},{"taxonomy":"post_tag","embeddable":true,"href":"https:\/\/www.gittas-verkstad.com\/de\/wp-json\/wp\/v2\/tags?post=2908"}],"curies":[{"name":"wp","href":"https:\/\/api.w.org\/{rel}","templated":true}]}}