{"id":2606,"date":"2025-04-14T03:10:45","date_gmt":"2025-04-14T01:10:45","guid":{"rendered":"https:\/\/www.gittas-verkstad.com\/de\/?p=2606"},"modified":"2025-05-01T03:38:57","modified_gmt":"2025-05-01T01:38:57","slug":"gittas-verkstad-auf-dem-ostermarkt-in-lennartsfors-2025","status":"publish","type":"post","link":"https:\/\/www.gittas-verkstad.com\/de\/aktuell\/gittas-verkstad-auf-dem-ostermarkt-in-lennartsfors-2025\/","title":{"rendered":"Gittas Verkstad auf dem Ostermarkt in Lennartsfors 2025"},"content":{"rendered":"\n<p><br>Am Karfreitag, 18. April, und am Ostersamstag, 19. April, findet der Ostermarkt in Lennartsfors statt. Der Markt ist im Versammlungshaus Str\u00f6msborg. Ich bin mit meinem Stand dabei und helfe auch bei der Organisation.<br><br>Auf meinem Stand zeige ich das, was ich im Winter gemacht habe: handgewebte Schals, von mir gen\u00e4hte Ponchos, meine neuen Sitzunterlagen aus handgewebtem und anschlie\u00dfend gefilztem Stoff, Loopschals, Schmuck und noch einiges mehr.<br><br>Rund 20 Aussteller aus der Region sind mit dabei. Das Caf\u00e9 hat ge\u00f6ffnet, und wir alle freuen uns auf euren Besuch.<br>Am Samstag erhalten die ersten Kinder und Erwachsenen, die \u00f6sterlich verkleidet kommen, ein kleines Geschenk. <br><br>Kommt vorbei und genie\u00dft den beliebten Ostermarkt in Lennartsfors \u2013 herzlich willkommen!<br><br><\/p>\n","protected":false},"excerpt":{"rendered":"<p>Am Karfreitag, 18. April, und am Ostersamstag, 19. April, findet der Ostermarkt in Lennartsfors statt. Der Markt ist im Versammlungshaus Str\u00f6msborg. Ich bin mit meinem Stand dabei und helfe auch bei der Organisation. Auf meinem Stand zeige ich das, was <a class=\"more-link\" href=\"https:\/\/www.gittas-verkstad.com\/de\/aktuell\/gittas-verkstad-auf-dem-ostermarkt-in-lennartsfors-2025\/\">weiterlesen&#8230;<\/a><\/p>\n","protected":false},"author":1,"featured_media":2610,"comment_status":"closed","ping_status":"closed","sticky":false,"template":"","format":"standard","meta":{"footnotes":""},"categories":[2],"tags":[80,8,11,438,60,436,23],"class_list":["post-2606","post","type-post","status-publish","format-standard","has-post-thumbnail","hentry","category-aktuell","tag-arjaengs-kommune","tag-gittas-verkstad","tag-handgewebte-schals","tag-handgewebte-sitzunterlagen","tag-lennartsfors","tag-ostermarkt-2025","tag-ponchos"],"yoast_head":"<!-- This site is optimized with the Yoast SEO plugin v27.5 - https:\/\/yoast.com\/product\/yoast-seo-wordpress\/ -->\n<title>Gittas Verkstad auf dem Ostermarkt in Lennartsfors 2025<\/title>\n<meta name=\"description\" content=\"Gittas Verkstad auf dem Ostermarkt in Lennartsfors 2025. Am Karfreitag, 18. April, und am Ostersamstag, 19. April, findet der Ostermarkt\" \/>\n<meta name=\"robots\" content=\"index, follow, max-snippet:-1, max-image-preview:large, max-video-preview:-1\" \/>\n<link rel=\"canonical\" href=\"https:\/\/www.gittas-verkstad.com\/de\/aktuell\/gittas-verkstad-auf-dem-ostermarkt-in-lennartsfors-2025\/\" \/>\n<meta property=\"og:locale\" content=\"de_DE\" \/>\n<meta property=\"og:type\" content=\"article\" \/>\n<meta property=\"og:title\" content=\"Gittas Verkstad auf dem Ostermarkt in Lennartsfors 2025\" \/>\n<meta property=\"og:description\" content=\"Gittas Verkstad auf dem Ostermarkt in Lennartsfors 2025. Am Karfreitag, 18. April, und am Ostersamstag, 19. April, findet der Ostermarkt\" \/>\n<meta property=\"og:url\" content=\"https:\/\/www.gittas-verkstad.com\/de\/aktuell\/gittas-verkstad-auf-dem-ostermarkt-in-lennartsfors-2025\/\" \/>\n<meta property=\"og:site_name\" content=\"Gittas verkstad Weben, Kunst, Design \/ de \/ Lennartsfors\" \/>\n<meta property=\"article:publisher\" content=\"https:\/\/www.facebook.com\/gittasverkstad\/\" \/>\n<meta property=\"article:published_time\" content=\"2025-04-14T01:10:45+00:00\" \/>\n<meta property=\"article:modified_time\" content=\"2025-05-01T01:38:57+00:00\" \/>\n<meta property=\"og:image\" content=\"https:\/\/www.gittas-verkstad.com\/de\/wp-content\/uploads\/sites\/8\/2025\/04\/Ostermarkt-2025-Lennartsfors-Gittas-Verkstad.jpg\" \/>\n\t<meta property=\"og:image:width\" content=\"1680\" \/>\n\t<meta property=\"og:image:height\" content=\"401\" \/>\n\t<meta property=\"og:image:type\" content=\"image\/jpeg\" \/>\n<meta name=\"author\" content=\"gitta\" \/>\n<meta name=\"twitter:card\" content=\"summary_large_image\" \/>\n<meta name=\"twitter:label1\" content=\"Verfasst von\" \/>\n\t<meta name=\"twitter:data1\" content=\"gitta\" \/>\n\t<meta name=\"twitter:label2\" content=\"Gesch\u00e4tzte Lesezeit\" \/>\n\t<meta name=\"twitter:data2\" content=\"1\u00a0Minute\" \/>\n<script type=\"application\/ld+json\" class=\"yoast-schema-graph\">{\"@context\":\"https:\\\/\\\/schema.org\",\"@graph\":[{\"@type\":\"Article\",\"@id\":\"https:\\\/\\\/www.gittas-verkstad.com\\\/de\\\/aktuell\\\/gittas-verkstad-auf-dem-ostermarkt-in-lennartsfors-2025\\\/#article\",\"isPartOf\":{\"@id\":\"https:\\\/\\\/www.gittas-verkstad.com\\\/de\\\/aktuell\\\/gittas-verkstad-auf-dem-ostermarkt-in-lennartsfors-2025\\\/\"},\"author\":{\"name\":\"gitta\",\"@id\":\"https:\\\/\\\/www.gittas-verkstad.com\\\/de\\\/#\\\/schema\\\/person\\\/66efc41949b9b5d43667d40db8dfcc57\"},\"headline\":\"Gittas Verkstad auf dem Ostermarkt in Lennartsfors 2025\",\"datePublished\":\"2025-04-14T01:10:45+00:00\",\"dateModified\":\"2025-05-01T01:38:57+00:00\",\"mainEntityOfPage\":{\"@id\":\"https:\\\/\\\/www.gittas-verkstad.com\\\/de\\\/aktuell\\\/gittas-verkstad-auf-dem-ostermarkt-in-lennartsfors-2025\\\/\"},\"wordCount\":122,\"publisher\":{\"@id\":\"https:\\\/\\\/www.gittas-verkstad.com\\\/de\\\/#organization\"},\"image\":{\"@id\":\"https:\\\/\\\/www.gittas-verkstad.com\\\/de\\\/aktuell\\\/gittas-verkstad-auf-dem-ostermarkt-in-lennartsfors-2025\\\/#primaryimage\"},\"thumbnailUrl\":\"https:\\\/\\\/www.gittas-verkstad.com\\\/de\\\/wp-content\\\/uploads\\\/sites\\\/8\\\/2025\\\/04\\\/Ostermarkt-2025-Lennartsfors-Gittas-Verkstad.jpg\",\"keywords\":[\"\u00c5rj\u00e4ngs Kommune\",\"Gittas verkstad\",\"Handgewebte Schals\",\"handgewebte Sitzunterlagen\",\"Lennartsfors\",\"Ostermarkt 2025\",\"Ponchos\"],\"articleSection\":[\"Aktuell\"],\"inLanguage\":\"de\"},{\"@type\":\"WebPage\",\"@id\":\"https:\\\/\\\/www.gittas-verkstad.com\\\/de\\\/aktuell\\\/gittas-verkstad-auf-dem-ostermarkt-in-lennartsfors-2025\\\/\",\"url\":\"https:\\\/\\\/www.gittas-verkstad.com\\\/de\\\/aktuell\\\/gittas-verkstad-auf-dem-ostermarkt-in-lennartsfors-2025\\\/\",\"name\":\"Gittas Verkstad auf dem Ostermarkt in Lennartsfors 2025\",\"isPartOf\":{\"@id\":\"https:\\\/\\\/www.gittas-verkstad.com\\\/de\\\/#website\"},\"primaryImageOfPage\":{\"@id\":\"https:\\\/\\\/www.gittas-verkstad.com\\\/de\\\/aktuell\\\/gittas-verkstad-auf-dem-ostermarkt-in-lennartsfors-2025\\\/#primaryimage\"},\"image\":{\"@id\":\"https:\\\/\\\/www.gittas-verkstad.com\\\/de\\\/aktuell\\\/gittas-verkstad-auf-dem-ostermarkt-in-lennartsfors-2025\\\/#primaryimage\"},\"thumbnailUrl\":\"https:\\\/\\\/www.gittas-verkstad.com\\\/de\\\/wp-content\\\/uploads\\\/sites\\\/8\\\/2025\\\/04\\\/Ostermarkt-2025-Lennartsfors-Gittas-Verkstad.jpg\",\"datePublished\":\"2025-04-14T01:10:45+00:00\",\"dateModified\":\"2025-05-01T01:38:57+00:00\",\"description\":\"Gittas Verkstad auf dem Ostermarkt in Lennartsfors 2025. Am Karfreitag, 18. April, und am Ostersamstag, 19. April, findet der Ostermarkt\",\"breadcrumb\":{\"@id\":\"https:\\\/\\\/www.gittas-verkstad.com\\\/de\\\/aktuell\\\/gittas-verkstad-auf-dem-ostermarkt-in-lennartsfors-2025\\\/#breadcrumb\"},\"inLanguage\":\"de\",\"potentialAction\":[{\"@type\":\"ReadAction\",\"target\":[\"https:\\\/\\\/www.gittas-verkstad.com\\\/de\\\/aktuell\\\/gittas-verkstad-auf-dem-ostermarkt-in-lennartsfors-2025\\\/\"]}]},{\"@type\":\"ImageObject\",\"inLanguage\":\"de\",\"@id\":\"https:\\\/\\\/www.gittas-verkstad.com\\\/de\\\/aktuell\\\/gittas-verkstad-auf-dem-ostermarkt-in-lennartsfors-2025\\\/#primaryimage\",\"url\":\"https:\\\/\\\/www.gittas-verkstad.com\\\/de\\\/wp-content\\\/uploads\\\/sites\\\/8\\\/2025\\\/04\\\/Ostermarkt-2025-Lennartsfors-Gittas-Verkstad.jpg\",\"contentUrl\":\"https:\\\/\\\/www.gittas-verkstad.com\\\/de\\\/wp-content\\\/uploads\\\/sites\\\/8\\\/2025\\\/04\\\/Ostermarkt-2025-Lennartsfors-Gittas-Verkstad.jpg\",\"width\":1680,\"height\":401,\"caption\":\"Ostermarkt-2025-Lennartsfors-Gittas-Verkstad\"},{\"@type\":\"BreadcrumbList\",\"@id\":\"https:\\\/\\\/www.gittas-verkstad.com\\\/de\\\/aktuell\\\/gittas-verkstad-auf-dem-ostermarkt-in-lennartsfors-2025\\\/#breadcrumb\",\"itemListElement\":[{\"@type\":\"ListItem\",\"position\":1,\"name\":\"Startseite\",\"item\":\"https:\\\/\\\/www.gittas-verkstad.com\\\/de\\\/\"},{\"@type\":\"ListItem\",\"position\":2,\"name\":\"Gittas Verkstad auf dem Ostermarkt in Lennartsfors 2025\"}]},{\"@type\":\"WebSite\",\"@id\":\"https:\\\/\\\/www.gittas-verkstad.com\\\/de\\\/#website\",\"url\":\"https:\\\/\\\/www.gittas-verkstad.com\\\/de\\\/\",\"name\":\"Gittas verkstad\",\"description\":\"Gitta betreibt in Lennartsfors eine Werkstatt f\u00fcr Weben, Kunst und Design. Ihre Produkte verkauft sie in ihrer Gallerie auf Gjut\u00e5s am Dalslands Kanal.\",\"publisher\":{\"@id\":\"https:\\\/\\\/www.gittas-verkstad.com\\\/de\\\/#organization\"},\"potentialAction\":[{\"@type\":\"SearchAction\",\"target\":{\"@type\":\"EntryPoint\",\"urlTemplate\":\"https:\\\/\\\/www.gittas-verkstad.com\\\/de\\\/?s={search_term_string}\"},\"query-input\":{\"@type\":\"PropertyValueSpecification\",\"valueRequired\":true,\"valueName\":\"search_term_string\"}}],\"inLanguage\":\"de\"},{\"@type\":\"Organization\",\"@id\":\"https:\\\/\\\/www.gittas-verkstad.com\\\/de\\\/#organization\",\"name\":\"Gittas verkstad\",\"url\":\"https:\\\/\\\/www.gittas-verkstad.com\\\/de\\\/\",\"logo\":{\"@type\":\"ImageObject\",\"inLanguage\":\"de\",\"@id\":\"https:\\\/\\\/www.gittas-verkstad.com\\\/de\\\/#\\\/schema\\\/logo\\\/image\\\/\",\"url\":\"https:\\\/\\\/www.gittas-verkstad.com\\\/de\\\/wp-content\\\/uploads\\\/sites\\\/8\\\/2018\\\/04\\\/Gittas-verkstad-logo.jpg\",\"contentUrl\":\"https:\\\/\\\/www.gittas-verkstad.com\\\/de\\\/wp-content\\\/uploads\\\/sites\\\/8\\\/2018\\\/04\\\/Gittas-verkstad-logo.jpg\",\"width\":617,\"height\":146,\"caption\":\"Gittas verkstad\"},\"image\":{\"@id\":\"https:\\\/\\\/www.gittas-verkstad.com\\\/de\\\/#\\\/schema\\\/logo\\\/image\\\/\"},\"sameAs\":[\"https:\\\/\\\/www.facebook.com\\\/gittasverkstad\\\/\"]},{\"@type\":\"Person\",\"@id\":\"https:\\\/\\\/www.gittas-verkstad.com\\\/de\\\/#\\\/schema\\\/person\\\/66efc41949b9b5d43667d40db8dfcc57\",\"name\":\"gitta\",\"url\":\"https:\\\/\\\/www.gittas-verkstad.com\\\/de\\\/author\\\/gitta\\\/\"}]}<\/script>\n<!-- \/ Yoast SEO plugin. -->","yoast_head_json":{"title":"Gittas Verkstad auf dem Ostermarkt in Lennartsfors 2025","description":"Gittas Verkstad auf dem Ostermarkt in Lennartsfors 2025. Am Karfreitag, 18. April, und am Ostersamstag, 19. April, findet der Ostermarkt","robots":{"index":"index","follow":"follow","max-snippet":"max-snippet:-1","max-image-preview":"max-image-preview:large","max-video-preview":"max-video-preview:-1"},"canonical":"https:\/\/www.gittas-verkstad.com\/de\/aktuell\/gittas-verkstad-auf-dem-ostermarkt-in-lennartsfors-2025\/","og_locale":"de_DE","og_type":"article","og_title":"Gittas Verkstad auf dem Ostermarkt in Lennartsfors 2025","og_description":"Gittas Verkstad auf dem Ostermarkt in Lennartsfors 2025. Am Karfreitag, 18. April, und am Ostersamstag, 19. April, findet der Ostermarkt","og_url":"https:\/\/www.gittas-verkstad.com\/de\/aktuell\/gittas-verkstad-auf-dem-ostermarkt-in-lennartsfors-2025\/","og_site_name":"Gittas verkstad Weben, Kunst, Design \/ de \/ Lennartsfors","article_publisher":"https:\/\/www.facebook.com\/gittasverkstad\/","article_published_time":"2025-04-14T01:10:45+00:00","article_modified_time":"2025-05-01T01:38:57+00:00","og_image":[{"width":1680,"height":401,"url":"https:\/\/www.gittas-verkstad.com\/de\/wp-content\/uploads\/sites\/8\/2025\/04\/Ostermarkt-2025-Lennartsfors-Gittas-Verkstad.jpg","type":"image\/jpeg"}],"author":"gitta","twitter_card":"summary_large_image","twitter_misc":{"Verfasst von":"gitta","Gesch\u00e4tzte Lesezeit":"1\u00a0Minute"},"schema":{"@context":"https:\/\/schema.org","@graph":[{"@type":"Article","@id":"https:\/\/www.gittas-verkstad.com\/de\/aktuell\/gittas-verkstad-auf-dem-ostermarkt-in-lennartsfors-2025\/#article","isPartOf":{"@id":"https:\/\/www.gittas-verkstad.com\/de\/aktuell\/gittas-verkstad-auf-dem-ostermarkt-in-lennartsfors-2025\/"},"author":{"name":"gitta","@id":"https:\/\/www.gittas-verkstad.com\/de\/#\/schema\/person\/66efc41949b9b5d43667d40db8dfcc57"},"headline":"Gittas Verkstad auf dem Ostermarkt in Lennartsfors 2025","datePublished":"2025-04-14T01:10:45+00:00","dateModified":"2025-05-01T01:38:57+00:00","mainEntityOfPage":{"@id":"https:\/\/www.gittas-verkstad.com\/de\/aktuell\/gittas-verkstad-auf-dem-ostermarkt-in-lennartsfors-2025\/"},"wordCount":122,"publisher":{"@id":"https:\/\/www.gittas-verkstad.com\/de\/#organization"},"image":{"@id":"https:\/\/www.gittas-verkstad.com\/de\/aktuell\/gittas-verkstad-auf-dem-ostermarkt-in-lennartsfors-2025\/#primaryimage"},"thumbnailUrl":"https:\/\/www.gittas-verkstad.com\/de\/wp-content\/uploads\/sites\/8\/2025\/04\/Ostermarkt-2025-Lennartsfors-Gittas-Verkstad.jpg","keywords":["\u00c5rj\u00e4ngs Kommune","Gittas verkstad","Handgewebte Schals","handgewebte Sitzunterlagen","Lennartsfors","Ostermarkt 2025","Ponchos"],"articleSection":["Aktuell"],"inLanguage":"de"},{"@type":"WebPage","@id":"https:\/\/www.gittas-verkstad.com\/de\/aktuell\/gittas-verkstad-auf-dem-ostermarkt-in-lennartsfors-2025\/","url":"https:\/\/www.gittas-verkstad.com\/de\/aktuell\/gittas-verkstad-auf-dem-ostermarkt-in-lennartsfors-2025\/","name":"Gittas Verkstad auf dem Ostermarkt in Lennartsfors 2025","isPartOf":{"@id":"https:\/\/www.gittas-verkstad.com\/de\/#website"},"primaryImageOfPage":{"@id":"https:\/\/www.gittas-verkstad.com\/de\/aktuell\/gittas-verkstad-auf-dem-ostermarkt-in-lennartsfors-2025\/#primaryimage"},"image":{"@id":"https:\/\/www.gittas-verkstad.com\/de\/aktuell\/gittas-verkstad-auf-dem-ostermarkt-in-lennartsfors-2025\/#primaryimage"},"thumbnailUrl":"https:\/\/www.gittas-verkstad.com\/de\/wp-content\/uploads\/sites\/8\/2025\/04\/Ostermarkt-2025-Lennartsfors-Gittas-Verkstad.jpg","datePublished":"2025-04-14T01:10:45+00:00","dateModified":"2025-05-01T01:38:57+00:00","description":"Gittas Verkstad auf dem Ostermarkt in Lennartsfors 2025. Am Karfreitag, 18. April, und am Ostersamstag, 19. April, findet der Ostermarkt","breadcrumb":{"@id":"https:\/\/www.gittas-verkstad.com\/de\/aktuell\/gittas-verkstad-auf-dem-ostermarkt-in-lennartsfors-2025\/#breadcrumb"},"inLanguage":"de","potentialAction":[{"@type":"ReadAction","target":["https:\/\/www.gittas-verkstad.com\/de\/aktuell\/gittas-verkstad-auf-dem-ostermarkt-in-lennartsfors-2025\/"]}]},{"@type":"ImageObject","inLanguage":"de","@id":"https:\/\/www.gittas-verkstad.com\/de\/aktuell\/gittas-verkstad-auf-dem-ostermarkt-in-lennartsfors-2025\/#primaryimage","url":"https:\/\/www.gittas-verkstad.com\/de\/wp-content\/uploads\/sites\/8\/2025\/04\/Ostermarkt-2025-Lennartsfors-Gittas-Verkstad.jpg","contentUrl":"https:\/\/www.gittas-verkstad.com\/de\/wp-content\/uploads\/sites\/8\/2025\/04\/Ostermarkt-2025-Lennartsfors-Gittas-Verkstad.jpg","width":1680,"height":401,"caption":"Ostermarkt-2025-Lennartsfors-Gittas-Verkstad"},{"@type":"BreadcrumbList","@id":"https:\/\/www.gittas-verkstad.com\/de\/aktuell\/gittas-verkstad-auf-dem-ostermarkt-in-lennartsfors-2025\/#breadcrumb","itemListElement":[{"@type":"ListItem","position":1,"name":"Startseite","item":"https:\/\/www.gittas-verkstad.com\/de\/"},{"@type":"ListItem","position":2,"name":"Gittas Verkstad auf dem Ostermarkt in Lennartsfors 2025"}]},{"@type":"WebSite","@id":"https:\/\/www.gittas-verkstad.com\/de\/#website","url":"https:\/\/www.gittas-verkstad.com\/de\/","name":"Gittas verkstad","description":"Gitta betreibt in Lennartsfors eine Werkstatt f\u00fcr Weben, Kunst und Design. Ihre Produkte verkauft sie in ihrer Gallerie auf Gjut\u00e5s am Dalslands Kanal.","publisher":{"@id":"https:\/\/www.gittas-verkstad.com\/de\/#organization"},"potentialAction":[{"@type":"SearchAction","target":{"@type":"EntryPoint","urlTemplate":"https:\/\/www.gittas-verkstad.com\/de\/?s={search_term_string}"},"query-input":{"@type":"PropertyValueSpecification","valueRequired":true,"valueName":"search_term_string"}}],"inLanguage":"de"},{"@type":"Organization","@id":"https:\/\/www.gittas-verkstad.com\/de\/#organization","name":"Gittas verkstad","url":"https:\/\/www.gittas-verkstad.com\/de\/","logo":{"@type":"ImageObject","inLanguage":"de","@id":"https:\/\/www.gittas-verkstad.com\/de\/#\/schema\/logo\/image\/","url":"https:\/\/www.gittas-verkstad.com\/de\/wp-content\/uploads\/sites\/8\/2018\/04\/Gittas-verkstad-logo.jpg","contentUrl":"https:\/\/www.gittas-verkstad.com\/de\/wp-content\/uploads\/sites\/8\/2018\/04\/Gittas-verkstad-logo.jpg","width":617,"height":146,"caption":"Gittas verkstad"},"image":{"@id":"https:\/\/www.gittas-verkstad.com\/de\/#\/schema\/logo\/image\/"},"sameAs":["https:\/\/www.facebook.com\/gittasverkstad\/"]},{"@type":"Person","@id":"https:\/\/www.gittas-verkstad.com\/de\/#\/schema\/person\/66efc41949b9b5d43667d40db8dfcc57","name":"gitta","url":"https:\/\/www.gittas-verkstad.com\/de\/author\/gitta\/"}]}},"_links":{"self":[{"href":"https:\/\/www.gittas-verkstad.com\/de\/wp-json\/wp\/v2\/posts\/2606","targetHints":{"allow":["GET"]}}],"collection":[{"href":"https:\/\/www.gittas-verkstad.com\/de\/wp-json\/wp\/v2\/posts"}],"about":[{"href":"https:\/\/www.gittas-verkstad.com\/de\/wp-json\/wp\/v2\/types\/post"}],"author":[{"embeddable":true,"href":"https:\/\/www.gittas-verkstad.com\/de\/wp-json\/wp\/v2\/users\/1"}],"replies":[{"embeddable":true,"href":"https:\/\/www.gittas-verkstad.com\/de\/wp-json\/wp\/v2\/comments?post=2606"}],"version-history":[{"count":1,"href":"https:\/\/www.gittas-verkstad.com\/de\/wp-json\/wp\/v2\/posts\/2606\/revisions"}],"predecessor-version":[{"id":2608,"href":"https:\/\/www.gittas-verkstad.com\/de\/wp-json\/wp\/v2\/posts\/2606\/revisions\/2608"}],"wp:featuredmedia":[{"embeddable":true,"href":"https:\/\/www.gittas-verkstad.com\/de\/wp-json\/wp\/v2\/media\/2610"}],"wp:attachment":[{"href":"https:\/\/www.gittas-verkstad.com\/de\/wp-json\/wp\/v2\/media?parent=2606"}],"wp:term":[{"taxonomy":"category","embeddable":true,"href":"https:\/\/www.gittas-verkstad.com\/de\/wp-json\/wp\/v2\/categories?post=2606"},{"taxonomy":"post_tag","embeddable":true,"href":"https:\/\/www.gittas-verkstad.com\/de\/wp-json\/wp\/v2\/tags?post=2606"}],"curies":[{"name":"wp","href":"https:\/\/api.w.org\/{rel}","templated":true}]}}