{"id":2464,"date":"2024-05-27T19:01:30","date_gmt":"2024-05-27T17:01:30","guid":{"rendered":"https:\/\/www.gittas-verkstad.com\/de\/?p=2464"},"modified":"2025-01-08T18:23:29","modified_gmt":"2025-01-08T17:23:29","slug":"sneak-start-in-die-sommersaison-2024-in-gittas-verkstad","status":"publish","type":"post","link":"https:\/\/www.gittas-verkstad.com\/de\/aktuell\/sneak-start-in-die-sommersaison-2024-in-gittas-verkstad\/","title":{"rendered":"Sneak-Start in die Sommersaison 2024 in Gittas Verkstad"},"content":{"rendered":"\n<p>Sneak-Start der Sommersaison 2024 in Gittas Werkstatt: Die neue Ausstellung ist fertig und ich freue mich darauf, Sie in Gittas Verkstad und Butik zu treffen. In der Vorsaison rufen Sie am besten vorher unter 0046 73 838 56 82 an. Dann sind Sie sicher, dass wir auch zu Hause sind. Oder Sie kommen einfach auf gut Gl\u00fcck vorbei.<br>Herzlich Willkommen auf unserem kleinen schwedischen Hof Gjut\u00e5s in K\u00e4llsbyn Lennartsfors!<\/p>\n\n\n\n<p><\/p>\n","protected":false},"excerpt":{"rendered":"<p>Sneak-Start der Sommersaison 2024 in Gittas Werkstatt: Die neue Ausstellung ist fertig und ich freue mich darauf, Sie in Gittas Verkstad und Butik zu treffen. In der Vorsaison rufen Sie am besten vorher unter 0046 73 838 56 82 an. <a class=\"more-link\" href=\"https:\/\/www.gittas-verkstad.com\/de\/aktuell\/sneak-start-in-die-sommersaison-2024-in-gittas-verkstad\/\">weiterlesen&#8230;<\/a><\/p>\n","protected":false},"author":1,"featured_media":2551,"comment_status":"closed","ping_status":"closed","sticky":false,"template":"","format":"standard","meta":{"footnotes":""},"categories":[2],"tags":[39,80,402,79,8,58,11,60,12,403,400,49,401],"class_list":["post-2464","post","type-post","status-publish","format-standard","has-post-thumbnail","hentry","category-aktuell","tag-arjaeng","tag-arjaengs-kommune","tag-ausstellung-2024","tag-dalslands-kanal","tag-gittas-verkstad","tag-gjutas","tag-handgewebte-schals","tag-lennartsfors","tag-schweden","tag-schwedensouvenirs","tag-sommerausstellung-2024","tag-vaermland","tag-werkstattbesuch"],"yoast_head":"<!-- This site is optimized with the Yoast SEO plugin v27.5 - https:\/\/yoast.com\/product\/yoast-seo-wordpress\/ -->\n<title>Sneak-Start in die Sommersaison 2024 in Gittas Verkstad<\/title>\n<meta name=\"description\" content=\"Sneak-Start in die Sommersaison 2024 in Gittas VerkstadSneak-Start der Sommersaison 2024 in Gittas Verkstad\" \/>\n<meta name=\"robots\" content=\"index, follow, max-snippet:-1, max-image-preview:large, max-video-preview:-1\" \/>\n<link rel=\"canonical\" href=\"https:\/\/www.gittas-verkstad.com\/de\/aktuell\/sneak-start-in-die-sommersaison-2024-in-gittas-verkstad\/\" \/>\n<meta property=\"og:locale\" content=\"de_DE\" \/>\n<meta property=\"og:type\" content=\"article\" \/>\n<meta property=\"og:title\" content=\"Sneak-Start in die Sommersaison 2024 in Gittas Verkstad\" \/>\n<meta property=\"og:description\" content=\"Sneak-Start in die Sommersaison 2024 in Gittas VerkstadSneak-Start der Sommersaison 2024 in Gittas Verkstad\" \/>\n<meta property=\"og:url\" content=\"https:\/\/www.gittas-verkstad.com\/de\/aktuell\/sneak-start-in-die-sommersaison-2024-in-gittas-verkstad\/\" \/>\n<meta property=\"og:site_name\" content=\"Gittas verkstad Weben, Kunst, Design \/ de \/ Lennartsfors\" \/>\n<meta property=\"article:publisher\" content=\"https:\/\/www.facebook.com\/gittasverkstad\/\" \/>\n<meta property=\"article:published_time\" content=\"2024-05-27T17:01:30+00:00\" \/>\n<meta property=\"article:modified_time\" content=\"2025-01-08T17:23:29+00:00\" \/>\n<meta property=\"og:image\" content=\"https:\/\/www.gittas-verkstad.com\/de\/wp-content\/uploads\/sites\/8\/2024\/05\/Sneak-start-Sommersaison-2024-Gittas-verkstad.jpg\" \/>\n\t<meta property=\"og:image:width\" content=\"1680\" \/>\n\t<meta property=\"og:image:height\" content=\"400\" \/>\n\t<meta property=\"og:image:type\" content=\"image\/jpeg\" \/>\n<meta name=\"author\" content=\"gitta\" \/>\n<meta name=\"twitter:card\" content=\"summary_large_image\" \/>\n<meta name=\"twitter:label1\" content=\"Verfasst von\" \/>\n\t<meta name=\"twitter:data1\" content=\"gitta\" \/>\n\t<meta name=\"twitter:label2\" content=\"Gesch\u00e4tzte Lesezeit\" \/>\n\t<meta name=\"twitter:data2\" content=\"1\u00a0Minute\" \/>\n<script type=\"application\/ld+json\" class=\"yoast-schema-graph\">{\"@context\":\"https:\\\/\\\/schema.org\",\"@graph\":[{\"@type\":\"Article\",\"@id\":\"https:\\\/\\\/www.gittas-verkstad.com\\\/de\\\/aktuell\\\/sneak-start-in-die-sommersaison-2024-in-gittas-verkstad\\\/#article\",\"isPartOf\":{\"@id\":\"https:\\\/\\\/www.gittas-verkstad.com\\\/de\\\/aktuell\\\/sneak-start-in-die-sommersaison-2024-in-gittas-verkstad\\\/\"},\"author\":{\"name\":\"gitta\",\"@id\":\"https:\\\/\\\/www.gittas-verkstad.com\\\/de\\\/#\\\/schema\\\/person\\\/66efc41949b9b5d43667d40db8dfcc57\"},\"headline\":\"Sneak-Start in die Sommersaison 2024 in Gittas Verkstad\",\"datePublished\":\"2024-05-27T17:01:30+00:00\",\"dateModified\":\"2025-01-08T17:23:29+00:00\",\"mainEntityOfPage\":{\"@id\":\"https:\\\/\\\/www.gittas-verkstad.com\\\/de\\\/aktuell\\\/sneak-start-in-die-sommersaison-2024-in-gittas-verkstad\\\/\"},\"wordCount\":73,\"publisher\":{\"@id\":\"https:\\\/\\\/www.gittas-verkstad.com\\\/de\\\/#organization\"},\"image\":{\"@id\":\"https:\\\/\\\/www.gittas-verkstad.com\\\/de\\\/aktuell\\\/sneak-start-in-die-sommersaison-2024-in-gittas-verkstad\\\/#primaryimage\"},\"thumbnailUrl\":\"https:\\\/\\\/www.gittas-verkstad.com\\\/de\\\/wp-content\\\/uploads\\\/sites\\\/8\\\/2024\\\/05\\\/Sneak-start-Sommersaison-2024-Gittas-verkstad.jpg\",\"keywords\":[\"\u00c5rj\u00e4ng\",\"\u00c5rj\u00e4ngs Kommune\",\"Ausstellung 2024\",\"Dalslands Kanal\",\"Gittas verkstad\",\"Gjut\u00e5s\",\"Handgewebte Schals\",\"Lennartsfors\",\"Schweden\",\"Schwedensouvenirs\",\"Sommerausstellung 2024\",\"V\u00e4rmland\",\"Werkstattbesuch\"],\"articleSection\":[\"Aktuell\"],\"inLanguage\":\"de\"},{\"@type\":\"WebPage\",\"@id\":\"https:\\\/\\\/www.gittas-verkstad.com\\\/de\\\/aktuell\\\/sneak-start-in-die-sommersaison-2024-in-gittas-verkstad\\\/\",\"url\":\"https:\\\/\\\/www.gittas-verkstad.com\\\/de\\\/aktuell\\\/sneak-start-in-die-sommersaison-2024-in-gittas-verkstad\\\/\",\"name\":\"Sneak-Start in die Sommersaison 2024 in Gittas Verkstad\",\"isPartOf\":{\"@id\":\"https:\\\/\\\/www.gittas-verkstad.com\\\/de\\\/#website\"},\"primaryImageOfPage\":{\"@id\":\"https:\\\/\\\/www.gittas-verkstad.com\\\/de\\\/aktuell\\\/sneak-start-in-die-sommersaison-2024-in-gittas-verkstad\\\/#primaryimage\"},\"image\":{\"@id\":\"https:\\\/\\\/www.gittas-verkstad.com\\\/de\\\/aktuell\\\/sneak-start-in-die-sommersaison-2024-in-gittas-verkstad\\\/#primaryimage\"},\"thumbnailUrl\":\"https:\\\/\\\/www.gittas-verkstad.com\\\/de\\\/wp-content\\\/uploads\\\/sites\\\/8\\\/2024\\\/05\\\/Sneak-start-Sommersaison-2024-Gittas-verkstad.jpg\",\"datePublished\":\"2024-05-27T17:01:30+00:00\",\"dateModified\":\"2025-01-08T17:23:29+00:00\",\"description\":\"Sneak-Start in die Sommersaison 2024 in Gittas VerkstadSneak-Start der Sommersaison 2024 in Gittas Verkstad\",\"breadcrumb\":{\"@id\":\"https:\\\/\\\/www.gittas-verkstad.com\\\/de\\\/aktuell\\\/sneak-start-in-die-sommersaison-2024-in-gittas-verkstad\\\/#breadcrumb\"},\"inLanguage\":\"de\",\"potentialAction\":[{\"@type\":\"ReadAction\",\"target\":[\"https:\\\/\\\/www.gittas-verkstad.com\\\/de\\\/aktuell\\\/sneak-start-in-die-sommersaison-2024-in-gittas-verkstad\\\/\"]}]},{\"@type\":\"ImageObject\",\"inLanguage\":\"de\",\"@id\":\"https:\\\/\\\/www.gittas-verkstad.com\\\/de\\\/aktuell\\\/sneak-start-in-die-sommersaison-2024-in-gittas-verkstad\\\/#primaryimage\",\"url\":\"https:\\\/\\\/www.gittas-verkstad.com\\\/de\\\/wp-content\\\/uploads\\\/sites\\\/8\\\/2024\\\/05\\\/Sneak-start-Sommersaison-2024-Gittas-verkstad.jpg\",\"contentUrl\":\"https:\\\/\\\/www.gittas-verkstad.com\\\/de\\\/wp-content\\\/uploads\\\/sites\\\/8\\\/2024\\\/05\\\/Sneak-start-Sommersaison-2024-Gittas-verkstad.jpg\",\"width\":1680,\"height\":400,\"caption\":\"Sneak-start-Sommersaison-2024-Gittas-verkstad\"},{\"@type\":\"BreadcrumbList\",\"@id\":\"https:\\\/\\\/www.gittas-verkstad.com\\\/de\\\/aktuell\\\/sneak-start-in-die-sommersaison-2024-in-gittas-verkstad\\\/#breadcrumb\",\"itemListElement\":[{\"@type\":\"ListItem\",\"position\":1,\"name\":\"Startseite\",\"item\":\"https:\\\/\\\/www.gittas-verkstad.com\\\/de\\\/\"},{\"@type\":\"ListItem\",\"position\":2,\"name\":\"Sneak-Start in die Sommersaison 2024 in Gittas Verkstad\"}]},{\"@type\":\"WebSite\",\"@id\":\"https:\\\/\\\/www.gittas-verkstad.com\\\/de\\\/#website\",\"url\":\"https:\\\/\\\/www.gittas-verkstad.com\\\/de\\\/\",\"name\":\"Gittas verkstad\",\"description\":\"Gitta betreibt in Lennartsfors eine Werkstatt f\u00fcr Weben, Kunst und Design. Ihre Produkte verkauft sie in ihrer Gallerie auf Gjut\u00e5s am Dalslands Kanal.\",\"publisher\":{\"@id\":\"https:\\\/\\\/www.gittas-verkstad.com\\\/de\\\/#organization\"},\"potentialAction\":[{\"@type\":\"SearchAction\",\"target\":{\"@type\":\"EntryPoint\",\"urlTemplate\":\"https:\\\/\\\/www.gittas-verkstad.com\\\/de\\\/?s={search_term_string}\"},\"query-input\":{\"@type\":\"PropertyValueSpecification\",\"valueRequired\":true,\"valueName\":\"search_term_string\"}}],\"inLanguage\":\"de\"},{\"@type\":\"Organization\",\"@id\":\"https:\\\/\\\/www.gittas-verkstad.com\\\/de\\\/#organization\",\"name\":\"Gittas verkstad\",\"url\":\"https:\\\/\\\/www.gittas-verkstad.com\\\/de\\\/\",\"logo\":{\"@type\":\"ImageObject\",\"inLanguage\":\"de\",\"@id\":\"https:\\\/\\\/www.gittas-verkstad.com\\\/de\\\/#\\\/schema\\\/logo\\\/image\\\/\",\"url\":\"https:\\\/\\\/www.gittas-verkstad.com\\\/de\\\/wp-content\\\/uploads\\\/sites\\\/8\\\/2018\\\/04\\\/Gittas-verkstad-logo.jpg\",\"contentUrl\":\"https:\\\/\\\/www.gittas-verkstad.com\\\/de\\\/wp-content\\\/uploads\\\/sites\\\/8\\\/2018\\\/04\\\/Gittas-verkstad-logo.jpg\",\"width\":617,\"height\":146,\"caption\":\"Gittas verkstad\"},\"image\":{\"@id\":\"https:\\\/\\\/www.gittas-verkstad.com\\\/de\\\/#\\\/schema\\\/logo\\\/image\\\/\"},\"sameAs\":[\"https:\\\/\\\/www.facebook.com\\\/gittasverkstad\\\/\"]},{\"@type\":\"Person\",\"@id\":\"https:\\\/\\\/www.gittas-verkstad.com\\\/de\\\/#\\\/schema\\\/person\\\/66efc41949b9b5d43667d40db8dfcc57\",\"name\":\"gitta\",\"url\":\"https:\\\/\\\/www.gittas-verkstad.com\\\/de\\\/author\\\/gitta\\\/\"}]}<\/script>\n<!-- \/ Yoast SEO plugin. -->","yoast_head_json":{"title":"Sneak-Start in die Sommersaison 2024 in Gittas Verkstad","description":"Sneak-Start in die Sommersaison 2024 in Gittas VerkstadSneak-Start der Sommersaison 2024 in Gittas Verkstad","robots":{"index":"index","follow":"follow","max-snippet":"max-snippet:-1","max-image-preview":"max-image-preview:large","max-video-preview":"max-video-preview:-1"},"canonical":"https:\/\/www.gittas-verkstad.com\/de\/aktuell\/sneak-start-in-die-sommersaison-2024-in-gittas-verkstad\/","og_locale":"de_DE","og_type":"article","og_title":"Sneak-Start in die Sommersaison 2024 in Gittas Verkstad","og_description":"Sneak-Start in die Sommersaison 2024 in Gittas VerkstadSneak-Start der Sommersaison 2024 in Gittas Verkstad","og_url":"https:\/\/www.gittas-verkstad.com\/de\/aktuell\/sneak-start-in-die-sommersaison-2024-in-gittas-verkstad\/","og_site_name":"Gittas verkstad Weben, Kunst, Design \/ de \/ Lennartsfors","article_publisher":"https:\/\/www.facebook.com\/gittasverkstad\/","article_published_time":"2024-05-27T17:01:30+00:00","article_modified_time":"2025-01-08T17:23:29+00:00","og_image":[{"width":1680,"height":400,"url":"https:\/\/www.gittas-verkstad.com\/de\/wp-content\/uploads\/sites\/8\/2024\/05\/Sneak-start-Sommersaison-2024-Gittas-verkstad.jpg","type":"image\/jpeg"}],"author":"gitta","twitter_card":"summary_large_image","twitter_misc":{"Verfasst von":"gitta","Gesch\u00e4tzte Lesezeit":"1\u00a0Minute"},"schema":{"@context":"https:\/\/schema.org","@graph":[{"@type":"Article","@id":"https:\/\/www.gittas-verkstad.com\/de\/aktuell\/sneak-start-in-die-sommersaison-2024-in-gittas-verkstad\/#article","isPartOf":{"@id":"https:\/\/www.gittas-verkstad.com\/de\/aktuell\/sneak-start-in-die-sommersaison-2024-in-gittas-verkstad\/"},"author":{"name":"gitta","@id":"https:\/\/www.gittas-verkstad.com\/de\/#\/schema\/person\/66efc41949b9b5d43667d40db8dfcc57"},"headline":"Sneak-Start in die Sommersaison 2024 in Gittas Verkstad","datePublished":"2024-05-27T17:01:30+00:00","dateModified":"2025-01-08T17:23:29+00:00","mainEntityOfPage":{"@id":"https:\/\/www.gittas-verkstad.com\/de\/aktuell\/sneak-start-in-die-sommersaison-2024-in-gittas-verkstad\/"},"wordCount":73,"publisher":{"@id":"https:\/\/www.gittas-verkstad.com\/de\/#organization"},"image":{"@id":"https:\/\/www.gittas-verkstad.com\/de\/aktuell\/sneak-start-in-die-sommersaison-2024-in-gittas-verkstad\/#primaryimage"},"thumbnailUrl":"https:\/\/www.gittas-verkstad.com\/de\/wp-content\/uploads\/sites\/8\/2024\/05\/Sneak-start-Sommersaison-2024-Gittas-verkstad.jpg","keywords":["\u00c5rj\u00e4ng","\u00c5rj\u00e4ngs Kommune","Ausstellung 2024","Dalslands Kanal","Gittas verkstad","Gjut\u00e5s","Handgewebte Schals","Lennartsfors","Schweden","Schwedensouvenirs","Sommerausstellung 2024","V\u00e4rmland","Werkstattbesuch"],"articleSection":["Aktuell"],"inLanguage":"de"},{"@type":"WebPage","@id":"https:\/\/www.gittas-verkstad.com\/de\/aktuell\/sneak-start-in-die-sommersaison-2024-in-gittas-verkstad\/","url":"https:\/\/www.gittas-verkstad.com\/de\/aktuell\/sneak-start-in-die-sommersaison-2024-in-gittas-verkstad\/","name":"Sneak-Start in die Sommersaison 2024 in Gittas Verkstad","isPartOf":{"@id":"https:\/\/www.gittas-verkstad.com\/de\/#website"},"primaryImageOfPage":{"@id":"https:\/\/www.gittas-verkstad.com\/de\/aktuell\/sneak-start-in-die-sommersaison-2024-in-gittas-verkstad\/#primaryimage"},"image":{"@id":"https:\/\/www.gittas-verkstad.com\/de\/aktuell\/sneak-start-in-die-sommersaison-2024-in-gittas-verkstad\/#primaryimage"},"thumbnailUrl":"https:\/\/www.gittas-verkstad.com\/de\/wp-content\/uploads\/sites\/8\/2024\/05\/Sneak-start-Sommersaison-2024-Gittas-verkstad.jpg","datePublished":"2024-05-27T17:01:30+00:00","dateModified":"2025-01-08T17:23:29+00:00","description":"Sneak-Start in die Sommersaison 2024 in Gittas VerkstadSneak-Start der Sommersaison 2024 in Gittas Verkstad","breadcrumb":{"@id":"https:\/\/www.gittas-verkstad.com\/de\/aktuell\/sneak-start-in-die-sommersaison-2024-in-gittas-verkstad\/#breadcrumb"},"inLanguage":"de","potentialAction":[{"@type":"ReadAction","target":["https:\/\/www.gittas-verkstad.com\/de\/aktuell\/sneak-start-in-die-sommersaison-2024-in-gittas-verkstad\/"]}]},{"@type":"ImageObject","inLanguage":"de","@id":"https:\/\/www.gittas-verkstad.com\/de\/aktuell\/sneak-start-in-die-sommersaison-2024-in-gittas-verkstad\/#primaryimage","url":"https:\/\/www.gittas-verkstad.com\/de\/wp-content\/uploads\/sites\/8\/2024\/05\/Sneak-start-Sommersaison-2024-Gittas-verkstad.jpg","contentUrl":"https:\/\/www.gittas-verkstad.com\/de\/wp-content\/uploads\/sites\/8\/2024\/05\/Sneak-start-Sommersaison-2024-Gittas-verkstad.jpg","width":1680,"height":400,"caption":"Sneak-start-Sommersaison-2024-Gittas-verkstad"},{"@type":"BreadcrumbList","@id":"https:\/\/www.gittas-verkstad.com\/de\/aktuell\/sneak-start-in-die-sommersaison-2024-in-gittas-verkstad\/#breadcrumb","itemListElement":[{"@type":"ListItem","position":1,"name":"Startseite","item":"https:\/\/www.gittas-verkstad.com\/de\/"},{"@type":"ListItem","position":2,"name":"Sneak-Start in die Sommersaison 2024 in Gittas Verkstad"}]},{"@type":"WebSite","@id":"https:\/\/www.gittas-verkstad.com\/de\/#website","url":"https:\/\/www.gittas-verkstad.com\/de\/","name":"Gittas verkstad","description":"Gitta betreibt in Lennartsfors eine Werkstatt f\u00fcr Weben, Kunst und Design. Ihre Produkte verkauft sie in ihrer Gallerie auf Gjut\u00e5s am Dalslands Kanal.","publisher":{"@id":"https:\/\/www.gittas-verkstad.com\/de\/#organization"},"potentialAction":[{"@type":"SearchAction","target":{"@type":"EntryPoint","urlTemplate":"https:\/\/www.gittas-verkstad.com\/de\/?s={search_term_string}"},"query-input":{"@type":"PropertyValueSpecification","valueRequired":true,"valueName":"search_term_string"}}],"inLanguage":"de"},{"@type":"Organization","@id":"https:\/\/www.gittas-verkstad.com\/de\/#organization","name":"Gittas verkstad","url":"https:\/\/www.gittas-verkstad.com\/de\/","logo":{"@type":"ImageObject","inLanguage":"de","@id":"https:\/\/www.gittas-verkstad.com\/de\/#\/schema\/logo\/image\/","url":"https:\/\/www.gittas-verkstad.com\/de\/wp-content\/uploads\/sites\/8\/2018\/04\/Gittas-verkstad-logo.jpg","contentUrl":"https:\/\/www.gittas-verkstad.com\/de\/wp-content\/uploads\/sites\/8\/2018\/04\/Gittas-verkstad-logo.jpg","width":617,"height":146,"caption":"Gittas verkstad"},"image":{"@id":"https:\/\/www.gittas-verkstad.com\/de\/#\/schema\/logo\/image\/"},"sameAs":["https:\/\/www.facebook.com\/gittasverkstad\/"]},{"@type":"Person","@id":"https:\/\/www.gittas-verkstad.com\/de\/#\/schema\/person\/66efc41949b9b5d43667d40db8dfcc57","name":"gitta","url":"https:\/\/www.gittas-verkstad.com\/de\/author\/gitta\/"}]}},"_links":{"self":[{"href":"https:\/\/www.gittas-verkstad.com\/de\/wp-json\/wp\/v2\/posts\/2464","targetHints":{"allow":["GET"]}}],"collection":[{"href":"https:\/\/www.gittas-verkstad.com\/de\/wp-json\/wp\/v2\/posts"}],"about":[{"href":"https:\/\/www.gittas-verkstad.com\/de\/wp-json\/wp\/v2\/types\/post"}],"author":[{"embeddable":true,"href":"https:\/\/www.gittas-verkstad.com\/de\/wp-json\/wp\/v2\/users\/1"}],"replies":[{"embeddable":true,"href":"https:\/\/www.gittas-verkstad.com\/de\/wp-json\/wp\/v2\/comments?post=2464"}],"version-history":[{"count":3,"href":"https:\/\/www.gittas-verkstad.com\/de\/wp-json\/wp\/v2\/posts\/2464\/revisions"}],"predecessor-version":[{"id":2469,"href":"https:\/\/www.gittas-verkstad.com\/de\/wp-json\/wp\/v2\/posts\/2464\/revisions\/2469"}],"wp:featuredmedia":[{"embeddable":true,"href":"https:\/\/www.gittas-verkstad.com\/de\/wp-json\/wp\/v2\/media\/2551"}],"wp:attachment":[{"href":"https:\/\/www.gittas-verkstad.com\/de\/wp-json\/wp\/v2\/media?parent=2464"}],"wp:term":[{"taxonomy":"category","embeddable":true,"href":"https:\/\/www.gittas-verkstad.com\/de\/wp-json\/wp\/v2\/categories?post=2464"},{"taxonomy":"post_tag","embeddable":true,"href":"https:\/\/www.gittas-verkstad.com\/de\/wp-json\/wp\/v2\/tags?post=2464"}],"curies":[{"name":"wp","href":"https:\/\/api.w.org\/{rel}","templated":true}]}}