{"id":2159,"date":"2023-01-28T17:32:26","date_gmt":"2023-01-28T16:32:26","guid":{"rendered":"https:\/\/www.gittas-verkstad.com\/de\/?p=2159"},"modified":"2023-02-15T18:09:47","modified_gmt":"2023-02-15T17:09:47","slug":"erster-wintermarkt-auf-der-trabrennbahn-von-arjaeng","status":"publish","type":"post","link":"https:\/\/www.gittas-verkstad.com\/de\/aktuell\/erster-wintermarkt-auf-der-trabrennbahn-von-arjaeng\/","title":{"rendered":"Erster Wintermarkt auf der Trabrennbahn von \u00c5rj\u00e4ng"},"content":{"rendered":"\n<p>Der erste Wintermarkt auf der Trabrennbahn von \u00c5rj\u00e4ng findet am 4. Februar von 11:00 &#8211; 15:00 Uhr in Verbindung mit dem beliebten Wintertrabrennen statt. <\/p>\n\n\n\n<p>F\u00fcnf Aussteller werden ihre St\u00e4nde in der beheizten Spielhalle aufbauen. Neben Gittas Verkstad nehmen die Boutique &#8222;Lavendel&#8220; mit ausgesuchter Kleidung, Inger Ahs mit Schmuck, Nillas Keramik und Lyckebo Caf\u00e9 mit selbstgebackenem Kuchen teil.<\/p>\n\n\n\n<p>Gittas Verkstad bietet selbstgen\u00e4hte Ponchos, Loopschals in vielen Farben und Designs, handgewebte Schals, Ketten, Ohrringe und vieles mehr.<\/p>\n\n\n\n<p>Der Eintritt zur Trabrennbahn ist kostenlos und Sie sind herzlich eingeladen, unseren Wintermarkt zu besuchen.<\/p>\n\n\n\n<figure class=\"wp-block-gallery has-nested-images columns-default is-cropped wp-block-gallery-1 is-layout-flex wp-block-gallery-is-layout-flex\">\n<figure class=\"wp-block-image size-large\"><img loading=\"lazy\" decoding=\"async\" width=\"1024\" height=\"471\" data-id=\"2170\" src=\"https:\/\/www.gittas-verkstad.com\/de\/wp-content\/uploads\/sites\/8\/2023\/02\/Gittas-Verkstad-auf-dem-Wintermarkt-in-Arjang-1024x471.jpg\" alt=\"\" class=\"wp-image-2170\" srcset=\"https:\/\/www.gittas-verkstad.com\/de\/wp-content\/uploads\/sites\/8\/2023\/02\/Gittas-Verkstad-auf-dem-Wintermarkt-in-Arjang-1024x471.jpg 1024w, https:\/\/www.gittas-verkstad.com\/de\/wp-content\/uploads\/sites\/8\/2023\/02\/Gittas-Verkstad-auf-dem-Wintermarkt-in-Arjang-300x138.jpg 300w, https:\/\/www.gittas-verkstad.com\/de\/wp-content\/uploads\/sites\/8\/2023\/02\/Gittas-Verkstad-auf-dem-Wintermarkt-in-Arjang-768x354.jpg 768w, https:\/\/www.gittas-verkstad.com\/de\/wp-content\/uploads\/sites\/8\/2023\/02\/Gittas-Verkstad-auf-dem-Wintermarkt-in-Arjang-1536x707.jpg 1536w, https:\/\/www.gittas-verkstad.com\/de\/wp-content\/uploads\/sites\/8\/2023\/02\/Gittas-Verkstad-auf-dem-Wintermarkt-in-Arjang.jpg 1668w\" sizes=\"auto, (max-width: 1024px) 100vw, 1024px\" \/><figcaption class=\"wp-element-caption\">Gittas Verkstad auf dem Wintermarkt auf \u00c5rj\u00e4ngs Trabrennbahn<\/figcaption><\/figure>\n<\/figure>\n","protected":false},"excerpt":{"rendered":"<p>Der erste Wintermarkt auf der Trabrennbahn von \u00c5rj\u00e4ng findet am 4. Februar von 11:00 &#8211; 15:00 Uhr in Verbindung mit dem beliebten Wintertrabrennen statt. F\u00fcnf Aussteller werden ihre St\u00e4nde in der beheizten Spielhalle aufbauen. Neben Gittas Verkstad nehmen die Boutique <a class=\"more-link\" href=\"https:\/\/www.gittas-verkstad.com\/de\/aktuell\/erster-wintermarkt-auf-der-trabrennbahn-von-arjaeng\/\">weiterlesen&#8230;<\/a><\/p>\n","protected":false},"author":1,"featured_media":2176,"comment_status":"closed","ping_status":"closed","sticky":false,"template":"","format":"standard","meta":{"footnotes":""},"categories":[2],"tags":[39,80,372,8,11,374,375],"class_list":["post-2159","post","type-post","status-publish","format-standard","has-post-thumbnail","hentry","category-aktuell","tag-arjaeng","tag-arjaengs-kommune","tag-arjaengs-trabrennbahn","tag-gittas-verkstad","tag-handgewebte-schals","tag-wintermarkt","tag-wintertrabrennen"],"yoast_head":"<!-- This site is optimized with the Yoast SEO plugin v27.5 - https:\/\/yoast.com\/product\/yoast-seo-wordpress\/ -->\n<title>Erster Wintermarkt auf der Trabrennbahn von \u00c5rj\u00e4ng<\/title>\n<meta name=\"description\" content=\"Erster Wintermarkt auf der Trabrennbahn von \u00c5rj\u00e4ngDer erste Wintermarkt auf der Trabrennbahn von \u00c5rj\u00e4ng findet am 4. Februar\" \/>\n<meta name=\"robots\" content=\"index, follow, max-snippet:-1, max-image-preview:large, max-video-preview:-1\" \/>\n<link rel=\"canonical\" href=\"https:\/\/www.gittas-verkstad.com\/de\/aktuell\/erster-wintermarkt-auf-der-trabrennbahn-von-arjaeng\/\" \/>\n<meta property=\"og:locale\" content=\"de_DE\" \/>\n<meta property=\"og:type\" content=\"article\" \/>\n<meta property=\"og:title\" content=\"Erster Wintermarkt auf der Trabrennbahn von \u00c5rj\u00e4ng\" \/>\n<meta property=\"og:description\" content=\"Erster Wintermarkt auf der Trabrennbahn von \u00c5rj\u00e4ngDer erste Wintermarkt auf der Trabrennbahn von \u00c5rj\u00e4ng findet am 4. Februar\" \/>\n<meta property=\"og:url\" content=\"https:\/\/www.gittas-verkstad.com\/de\/aktuell\/erster-wintermarkt-auf-der-trabrennbahn-von-arjaeng\/\" \/>\n<meta property=\"og:site_name\" content=\"Gittas verkstad Weben, Kunst, Design \/ de \/ Lennartsfors\" \/>\n<meta property=\"article:publisher\" content=\"https:\/\/www.facebook.com\/gittasverkstad\/\" \/>\n<meta property=\"article:published_time\" content=\"2023-01-28T16:32:26+00:00\" \/>\n<meta property=\"article:modified_time\" content=\"2023-02-15T17:09:47+00:00\" \/>\n<meta property=\"og:image\" content=\"https:\/\/www.gittas-verkstad.com\/de\/wp-content\/uploads\/sites\/8\/2023\/01\/Wintermarkt-auf-der-Trabrennbahn-Arjang-Gittas-Verkstad.jpg\" \/>\n\t<meta property=\"og:image:width\" content=\"1680\" \/>\n\t<meta property=\"og:image:height\" content=\"400\" \/>\n\t<meta property=\"og:image:type\" content=\"image\/jpeg\" \/>\n<meta name=\"author\" content=\"gitta\" \/>\n<meta name=\"twitter:card\" content=\"summary_large_image\" \/>\n<meta name=\"twitter:label1\" content=\"Verfasst von\" \/>\n\t<meta name=\"twitter:data1\" content=\"gitta\" \/>\n\t<meta name=\"twitter:label2\" content=\"Gesch\u00e4tzte Lesezeit\" \/>\n\t<meta name=\"twitter:data2\" content=\"1\u00a0Minute\" \/>\n<script type=\"application\/ld+json\" class=\"yoast-schema-graph\">{\"@context\":\"https:\\\/\\\/schema.org\",\"@graph\":[{\"@type\":\"Article\",\"@id\":\"https:\\\/\\\/www.gittas-verkstad.com\\\/de\\\/aktuell\\\/erster-wintermarkt-auf-der-trabrennbahn-von-arjaeng\\\/#article\",\"isPartOf\":{\"@id\":\"https:\\\/\\\/www.gittas-verkstad.com\\\/de\\\/aktuell\\\/erster-wintermarkt-auf-der-trabrennbahn-von-arjaeng\\\/\"},\"author\":{\"name\":\"gitta\",\"@id\":\"https:\\\/\\\/www.gittas-verkstad.com\\\/de\\\/#\\\/schema\\\/person\\\/66efc41949b9b5d43667d40db8dfcc57\"},\"headline\":\"Erster Wintermarkt auf der Trabrennbahn von \u00c5rj\u00e4ng\",\"datePublished\":\"2023-01-28T16:32:26+00:00\",\"dateModified\":\"2023-02-15T17:09:47+00:00\",\"mainEntityOfPage\":{\"@id\":\"https:\\\/\\\/www.gittas-verkstad.com\\\/de\\\/aktuell\\\/erster-wintermarkt-auf-der-trabrennbahn-von-arjaeng\\\/\"},\"wordCount\":108,\"publisher\":{\"@id\":\"https:\\\/\\\/www.gittas-verkstad.com\\\/de\\\/#organization\"},\"image\":{\"@id\":\"https:\\\/\\\/www.gittas-verkstad.com\\\/de\\\/aktuell\\\/erster-wintermarkt-auf-der-trabrennbahn-von-arjaeng\\\/#primaryimage\"},\"thumbnailUrl\":\"https:\\\/\\\/www.gittas-verkstad.com\\\/de\\\/wp-content\\\/uploads\\\/sites\\\/8\\\/2023\\\/01\\\/Wintermarkt-auf-der-Trabrennbahn-Arjang-Gittas-Verkstad.jpg\",\"keywords\":[\"\u00c5rj\u00e4ng\",\"\u00c5rj\u00e4ngs Kommune\",\"\u00e5rj\u00e4ngs Trabrennbahn\",\"Gittas verkstad\",\"Handgewebte Schals\",\"Wintermarkt\",\"Wintertrabrennen\"],\"articleSection\":[\"Aktuell\"],\"inLanguage\":\"de\"},{\"@type\":\"WebPage\",\"@id\":\"https:\\\/\\\/www.gittas-verkstad.com\\\/de\\\/aktuell\\\/erster-wintermarkt-auf-der-trabrennbahn-von-arjaeng\\\/\",\"url\":\"https:\\\/\\\/www.gittas-verkstad.com\\\/de\\\/aktuell\\\/erster-wintermarkt-auf-der-trabrennbahn-von-arjaeng\\\/\",\"name\":\"Erster Wintermarkt auf der Trabrennbahn von \u00c5rj\u00e4ng\",\"isPartOf\":{\"@id\":\"https:\\\/\\\/www.gittas-verkstad.com\\\/de\\\/#website\"},\"primaryImageOfPage\":{\"@id\":\"https:\\\/\\\/www.gittas-verkstad.com\\\/de\\\/aktuell\\\/erster-wintermarkt-auf-der-trabrennbahn-von-arjaeng\\\/#primaryimage\"},\"image\":{\"@id\":\"https:\\\/\\\/www.gittas-verkstad.com\\\/de\\\/aktuell\\\/erster-wintermarkt-auf-der-trabrennbahn-von-arjaeng\\\/#primaryimage\"},\"thumbnailUrl\":\"https:\\\/\\\/www.gittas-verkstad.com\\\/de\\\/wp-content\\\/uploads\\\/sites\\\/8\\\/2023\\\/01\\\/Wintermarkt-auf-der-Trabrennbahn-Arjang-Gittas-Verkstad.jpg\",\"datePublished\":\"2023-01-28T16:32:26+00:00\",\"dateModified\":\"2023-02-15T17:09:47+00:00\",\"description\":\"Erster Wintermarkt auf der Trabrennbahn von \u00c5rj\u00e4ngDer erste Wintermarkt auf der Trabrennbahn von \u00c5rj\u00e4ng findet am 4. Februar\",\"breadcrumb\":{\"@id\":\"https:\\\/\\\/www.gittas-verkstad.com\\\/de\\\/aktuell\\\/erster-wintermarkt-auf-der-trabrennbahn-von-arjaeng\\\/#breadcrumb\"},\"inLanguage\":\"de\",\"potentialAction\":[{\"@type\":\"ReadAction\",\"target\":[\"https:\\\/\\\/www.gittas-verkstad.com\\\/de\\\/aktuell\\\/erster-wintermarkt-auf-der-trabrennbahn-von-arjaeng\\\/\"]}]},{\"@type\":\"ImageObject\",\"inLanguage\":\"de\",\"@id\":\"https:\\\/\\\/www.gittas-verkstad.com\\\/de\\\/aktuell\\\/erster-wintermarkt-auf-der-trabrennbahn-von-arjaeng\\\/#primaryimage\",\"url\":\"https:\\\/\\\/www.gittas-verkstad.com\\\/de\\\/wp-content\\\/uploads\\\/sites\\\/8\\\/2023\\\/01\\\/Wintermarkt-auf-der-Trabrennbahn-Arjang-Gittas-Verkstad.jpg\",\"contentUrl\":\"https:\\\/\\\/www.gittas-verkstad.com\\\/de\\\/wp-content\\\/uploads\\\/sites\\\/8\\\/2023\\\/01\\\/Wintermarkt-auf-der-Trabrennbahn-Arjang-Gittas-Verkstad.jpg\",\"width\":1680,\"height\":400,\"caption\":\"Wintermarkt-auf-der-Trabrennbahn-Arjang-Gittas-Verkstad\"},{\"@type\":\"BreadcrumbList\",\"@id\":\"https:\\\/\\\/www.gittas-verkstad.com\\\/de\\\/aktuell\\\/erster-wintermarkt-auf-der-trabrennbahn-von-arjaeng\\\/#breadcrumb\",\"itemListElement\":[{\"@type\":\"ListItem\",\"position\":1,\"name\":\"Startseite\",\"item\":\"https:\\\/\\\/www.gittas-verkstad.com\\\/de\\\/\"},{\"@type\":\"ListItem\",\"position\":2,\"name\":\"Erster Wintermarkt auf der Trabrennbahn von \u00c5rj\u00e4ng\"}]},{\"@type\":\"WebSite\",\"@id\":\"https:\\\/\\\/www.gittas-verkstad.com\\\/de\\\/#website\",\"url\":\"https:\\\/\\\/www.gittas-verkstad.com\\\/de\\\/\",\"name\":\"Gittas verkstad\",\"description\":\"Gitta betreibt in Lennartsfors eine Werkstatt f\u00fcr Weben, Kunst und Design. Ihre Produkte verkauft sie in ihrer Gallerie auf Gjut\u00e5s am Dalslands Kanal.\",\"publisher\":{\"@id\":\"https:\\\/\\\/www.gittas-verkstad.com\\\/de\\\/#organization\"},\"potentialAction\":[{\"@type\":\"SearchAction\",\"target\":{\"@type\":\"EntryPoint\",\"urlTemplate\":\"https:\\\/\\\/www.gittas-verkstad.com\\\/de\\\/?s={search_term_string}\"},\"query-input\":{\"@type\":\"PropertyValueSpecification\",\"valueRequired\":true,\"valueName\":\"search_term_string\"}}],\"inLanguage\":\"de\"},{\"@type\":\"Organization\",\"@id\":\"https:\\\/\\\/www.gittas-verkstad.com\\\/de\\\/#organization\",\"name\":\"Gittas verkstad\",\"url\":\"https:\\\/\\\/www.gittas-verkstad.com\\\/de\\\/\",\"logo\":{\"@type\":\"ImageObject\",\"inLanguage\":\"de\",\"@id\":\"https:\\\/\\\/www.gittas-verkstad.com\\\/de\\\/#\\\/schema\\\/logo\\\/image\\\/\",\"url\":\"https:\\\/\\\/www.gittas-verkstad.com\\\/de\\\/wp-content\\\/uploads\\\/sites\\\/8\\\/2018\\\/04\\\/Gittas-verkstad-logo.jpg\",\"contentUrl\":\"https:\\\/\\\/www.gittas-verkstad.com\\\/de\\\/wp-content\\\/uploads\\\/sites\\\/8\\\/2018\\\/04\\\/Gittas-verkstad-logo.jpg\",\"width\":617,\"height\":146,\"caption\":\"Gittas verkstad\"},\"image\":{\"@id\":\"https:\\\/\\\/www.gittas-verkstad.com\\\/de\\\/#\\\/schema\\\/logo\\\/image\\\/\"},\"sameAs\":[\"https:\\\/\\\/www.facebook.com\\\/gittasverkstad\\\/\"]},{\"@type\":\"Person\",\"@id\":\"https:\\\/\\\/www.gittas-verkstad.com\\\/de\\\/#\\\/schema\\\/person\\\/66efc41949b9b5d43667d40db8dfcc57\",\"name\":\"gitta\",\"url\":\"https:\\\/\\\/www.gittas-verkstad.com\\\/de\\\/author\\\/gitta\\\/\"}]}<\/script>\n<!-- \/ Yoast SEO plugin. -->","yoast_head_json":{"title":"Erster Wintermarkt auf der Trabrennbahn von \u00c5rj\u00e4ng","description":"Erster Wintermarkt auf der Trabrennbahn von \u00c5rj\u00e4ngDer erste Wintermarkt auf der Trabrennbahn von \u00c5rj\u00e4ng findet am 4. Februar","robots":{"index":"index","follow":"follow","max-snippet":"max-snippet:-1","max-image-preview":"max-image-preview:large","max-video-preview":"max-video-preview:-1"},"canonical":"https:\/\/www.gittas-verkstad.com\/de\/aktuell\/erster-wintermarkt-auf-der-trabrennbahn-von-arjaeng\/","og_locale":"de_DE","og_type":"article","og_title":"Erster Wintermarkt auf der Trabrennbahn von \u00c5rj\u00e4ng","og_description":"Erster Wintermarkt auf der Trabrennbahn von \u00c5rj\u00e4ngDer erste Wintermarkt auf der Trabrennbahn von \u00c5rj\u00e4ng findet am 4. Februar","og_url":"https:\/\/www.gittas-verkstad.com\/de\/aktuell\/erster-wintermarkt-auf-der-trabrennbahn-von-arjaeng\/","og_site_name":"Gittas verkstad Weben, Kunst, Design \/ de \/ Lennartsfors","article_publisher":"https:\/\/www.facebook.com\/gittasverkstad\/","article_published_time":"2023-01-28T16:32:26+00:00","article_modified_time":"2023-02-15T17:09:47+00:00","og_image":[{"width":1680,"height":400,"url":"https:\/\/www.gittas-verkstad.com\/de\/wp-content\/uploads\/sites\/8\/2023\/01\/Wintermarkt-auf-der-Trabrennbahn-Arjang-Gittas-Verkstad.jpg","type":"image\/jpeg"}],"author":"gitta","twitter_card":"summary_large_image","twitter_misc":{"Verfasst von":"gitta","Gesch\u00e4tzte Lesezeit":"1\u00a0Minute"},"schema":{"@context":"https:\/\/schema.org","@graph":[{"@type":"Article","@id":"https:\/\/www.gittas-verkstad.com\/de\/aktuell\/erster-wintermarkt-auf-der-trabrennbahn-von-arjaeng\/#article","isPartOf":{"@id":"https:\/\/www.gittas-verkstad.com\/de\/aktuell\/erster-wintermarkt-auf-der-trabrennbahn-von-arjaeng\/"},"author":{"name":"gitta","@id":"https:\/\/www.gittas-verkstad.com\/de\/#\/schema\/person\/66efc41949b9b5d43667d40db8dfcc57"},"headline":"Erster Wintermarkt auf der Trabrennbahn von \u00c5rj\u00e4ng","datePublished":"2023-01-28T16:32:26+00:00","dateModified":"2023-02-15T17:09:47+00:00","mainEntityOfPage":{"@id":"https:\/\/www.gittas-verkstad.com\/de\/aktuell\/erster-wintermarkt-auf-der-trabrennbahn-von-arjaeng\/"},"wordCount":108,"publisher":{"@id":"https:\/\/www.gittas-verkstad.com\/de\/#organization"},"image":{"@id":"https:\/\/www.gittas-verkstad.com\/de\/aktuell\/erster-wintermarkt-auf-der-trabrennbahn-von-arjaeng\/#primaryimage"},"thumbnailUrl":"https:\/\/www.gittas-verkstad.com\/de\/wp-content\/uploads\/sites\/8\/2023\/01\/Wintermarkt-auf-der-Trabrennbahn-Arjang-Gittas-Verkstad.jpg","keywords":["\u00c5rj\u00e4ng","\u00c5rj\u00e4ngs Kommune","\u00e5rj\u00e4ngs Trabrennbahn","Gittas verkstad","Handgewebte Schals","Wintermarkt","Wintertrabrennen"],"articleSection":["Aktuell"],"inLanguage":"de"},{"@type":"WebPage","@id":"https:\/\/www.gittas-verkstad.com\/de\/aktuell\/erster-wintermarkt-auf-der-trabrennbahn-von-arjaeng\/","url":"https:\/\/www.gittas-verkstad.com\/de\/aktuell\/erster-wintermarkt-auf-der-trabrennbahn-von-arjaeng\/","name":"Erster Wintermarkt auf der Trabrennbahn von \u00c5rj\u00e4ng","isPartOf":{"@id":"https:\/\/www.gittas-verkstad.com\/de\/#website"},"primaryImageOfPage":{"@id":"https:\/\/www.gittas-verkstad.com\/de\/aktuell\/erster-wintermarkt-auf-der-trabrennbahn-von-arjaeng\/#primaryimage"},"image":{"@id":"https:\/\/www.gittas-verkstad.com\/de\/aktuell\/erster-wintermarkt-auf-der-trabrennbahn-von-arjaeng\/#primaryimage"},"thumbnailUrl":"https:\/\/www.gittas-verkstad.com\/de\/wp-content\/uploads\/sites\/8\/2023\/01\/Wintermarkt-auf-der-Trabrennbahn-Arjang-Gittas-Verkstad.jpg","datePublished":"2023-01-28T16:32:26+00:00","dateModified":"2023-02-15T17:09:47+00:00","description":"Erster Wintermarkt auf der Trabrennbahn von \u00c5rj\u00e4ngDer erste Wintermarkt auf der Trabrennbahn von \u00c5rj\u00e4ng findet am 4. Februar","breadcrumb":{"@id":"https:\/\/www.gittas-verkstad.com\/de\/aktuell\/erster-wintermarkt-auf-der-trabrennbahn-von-arjaeng\/#breadcrumb"},"inLanguage":"de","potentialAction":[{"@type":"ReadAction","target":["https:\/\/www.gittas-verkstad.com\/de\/aktuell\/erster-wintermarkt-auf-der-trabrennbahn-von-arjaeng\/"]}]},{"@type":"ImageObject","inLanguage":"de","@id":"https:\/\/www.gittas-verkstad.com\/de\/aktuell\/erster-wintermarkt-auf-der-trabrennbahn-von-arjaeng\/#primaryimage","url":"https:\/\/www.gittas-verkstad.com\/de\/wp-content\/uploads\/sites\/8\/2023\/01\/Wintermarkt-auf-der-Trabrennbahn-Arjang-Gittas-Verkstad.jpg","contentUrl":"https:\/\/www.gittas-verkstad.com\/de\/wp-content\/uploads\/sites\/8\/2023\/01\/Wintermarkt-auf-der-Trabrennbahn-Arjang-Gittas-Verkstad.jpg","width":1680,"height":400,"caption":"Wintermarkt-auf-der-Trabrennbahn-Arjang-Gittas-Verkstad"},{"@type":"BreadcrumbList","@id":"https:\/\/www.gittas-verkstad.com\/de\/aktuell\/erster-wintermarkt-auf-der-trabrennbahn-von-arjaeng\/#breadcrumb","itemListElement":[{"@type":"ListItem","position":1,"name":"Startseite","item":"https:\/\/www.gittas-verkstad.com\/de\/"},{"@type":"ListItem","position":2,"name":"Erster Wintermarkt auf der Trabrennbahn von \u00c5rj\u00e4ng"}]},{"@type":"WebSite","@id":"https:\/\/www.gittas-verkstad.com\/de\/#website","url":"https:\/\/www.gittas-verkstad.com\/de\/","name":"Gittas verkstad","description":"Gitta betreibt in Lennartsfors eine Werkstatt f\u00fcr Weben, Kunst und Design. Ihre Produkte verkauft sie in ihrer Gallerie auf Gjut\u00e5s am Dalslands Kanal.","publisher":{"@id":"https:\/\/www.gittas-verkstad.com\/de\/#organization"},"potentialAction":[{"@type":"SearchAction","target":{"@type":"EntryPoint","urlTemplate":"https:\/\/www.gittas-verkstad.com\/de\/?s={search_term_string}"},"query-input":{"@type":"PropertyValueSpecification","valueRequired":true,"valueName":"search_term_string"}}],"inLanguage":"de"},{"@type":"Organization","@id":"https:\/\/www.gittas-verkstad.com\/de\/#organization","name":"Gittas verkstad","url":"https:\/\/www.gittas-verkstad.com\/de\/","logo":{"@type":"ImageObject","inLanguage":"de","@id":"https:\/\/www.gittas-verkstad.com\/de\/#\/schema\/logo\/image\/","url":"https:\/\/www.gittas-verkstad.com\/de\/wp-content\/uploads\/sites\/8\/2018\/04\/Gittas-verkstad-logo.jpg","contentUrl":"https:\/\/www.gittas-verkstad.com\/de\/wp-content\/uploads\/sites\/8\/2018\/04\/Gittas-verkstad-logo.jpg","width":617,"height":146,"caption":"Gittas verkstad"},"image":{"@id":"https:\/\/www.gittas-verkstad.com\/de\/#\/schema\/logo\/image\/"},"sameAs":["https:\/\/www.facebook.com\/gittasverkstad\/"]},{"@type":"Person","@id":"https:\/\/www.gittas-verkstad.com\/de\/#\/schema\/person\/66efc41949b9b5d43667d40db8dfcc57","name":"gitta","url":"https:\/\/www.gittas-verkstad.com\/de\/author\/gitta\/"}]}},"_links":{"self":[{"href":"https:\/\/www.gittas-verkstad.com\/de\/wp-json\/wp\/v2\/posts\/2159","targetHints":{"allow":["GET"]}}],"collection":[{"href":"https:\/\/www.gittas-verkstad.com\/de\/wp-json\/wp\/v2\/posts"}],"about":[{"href":"https:\/\/www.gittas-verkstad.com\/de\/wp-json\/wp\/v2\/types\/post"}],"author":[{"embeddable":true,"href":"https:\/\/www.gittas-verkstad.com\/de\/wp-json\/wp\/v2\/users\/1"}],"replies":[{"embeddable":true,"href":"https:\/\/www.gittas-verkstad.com\/de\/wp-json\/wp\/v2\/comments?post=2159"}],"version-history":[{"count":4,"href":"https:\/\/www.gittas-verkstad.com\/de\/wp-json\/wp\/v2\/posts\/2159\/revisions"}],"predecessor-version":[{"id":2172,"href":"https:\/\/www.gittas-verkstad.com\/de\/wp-json\/wp\/v2\/posts\/2159\/revisions\/2172"}],"wp:featuredmedia":[{"embeddable":true,"href":"https:\/\/www.gittas-verkstad.com\/de\/wp-json\/wp\/v2\/media\/2176"}],"wp:attachment":[{"href":"https:\/\/www.gittas-verkstad.com\/de\/wp-json\/wp\/v2\/media?parent=2159"}],"wp:term":[{"taxonomy":"category","embeddable":true,"href":"https:\/\/www.gittas-verkstad.com\/de\/wp-json\/wp\/v2\/categories?post=2159"},{"taxonomy":"post_tag","embeddable":true,"href":"https:\/\/www.gittas-verkstad.com\/de\/wp-json\/wp\/v2\/tags?post=2159"}],"curies":[{"name":"wp","href":"https:\/\/api.w.org\/{rel}","templated":true}]}}