{"id":2062,"date":"2022-01-26T20:40:00","date_gmt":"2022-01-26T19:40:00","guid":{"rendered":"https:\/\/www.gittas-verkstad.com\/de\/?p=2062"},"modified":"2022-01-26T20:40:00","modified_gmt":"2022-01-26T19:40:00","slug":"erste-anmeldung-fuer-einen-pflanzenfaerbekurs","status":"publish","type":"post","link":"https:\/\/www.gittas-verkstad.com\/de\/aktuell\/erste-anmeldung-fuer-einen-pflanzenfaerbekurs\/","title":{"rendered":"Erste Anmeldung f\u00fcr einen Pflanzenf\u00e4rbekurs"},"content":{"rendered":"<p>Heute habe ich die erste Anmeldung f\u00fcr einen Pflanzenf\u00e4rbekurs in der n\u00e4chsten Sommersaison erhalten. Die Pflanzenf\u00e4rbe-Saison auf Gjut\u00e5s geht dieses Jahr vom 15. Juni bis 15. September.<\/p>\n<p>Wenn Sie daran interessiert sind, zu einem bestimmten Zeitpunkt an einem Kurs teilzunehmen, lassen Sie gerne schon jetzt von sich h\u00f6ren. Dann nehme ich Ihren gew\u00fcnschten Termin in den neuen Zeitplan auf.<\/p>\n<p>Die Termine f\u00fcr die Pflanzenf\u00e4rbekurse 2022 werde ich dann im April ver\u00f6ffentlichen.<\/p>\n","protected":false},"excerpt":{"rendered":"<p>Heute habe ich die erste Anmeldung f\u00fcr einen Pflanzenf\u00e4rbekurs in der n\u00e4chsten Sommersaison erhalten. Die Pflanzenf\u00e4rbe-Saison auf Gjut\u00e5s geht dieses Jahr vom 15. Juni bis 15. September. Wenn Sie daran interessiert sind, zu einem bestimmten Zeitpunkt an einem Kurs teilzunehmen, <a class=\"more-link\" href=\"https:\/\/www.gittas-verkstad.com\/de\/aktuell\/erste-anmeldung-fuer-einen-pflanzenfaerbekurs\/\">weiterlesen&#8230;<\/a><\/p>\n","protected":false},"author":1,"featured_media":2063,"comment_status":"closed","ping_status":"closed","sticky":false,"template":"","format":"standard","meta":{"footnotes":""},"categories":[2],"tags":[316,58,107,106],"class_list":["post-2062","post","type-post","status-publish","format-standard","has-post-thumbnail","hentry","category-aktuell","tag-faerben-mit-pflanzenfarben","tag-gjutas","tag-pflanzenfaerbekurs","tag-pflanzenfaerben"],"yoast_head":"<!-- This site is optimized with the Yoast SEO plugin v27.5 - https:\/\/yoast.com\/product\/yoast-seo-wordpress\/ -->\n<title>Heute habe ich die erste Anmeldung f\u00fcr einen Pflanzenf\u00e4rbekurs<\/title>\n<meta name=\"description\" content=\"Heute habe ich die erste Anmeldung f\u00fcr einen Pflanzenf\u00e4rbekurs in der n\u00e4chsten Sommersaison erhalten. Die Pflanzenf\u00e4rbe-Saison\" \/>\n<meta name=\"robots\" content=\"index, follow, max-snippet:-1, max-image-preview:large, max-video-preview:-1\" \/>\n<link rel=\"canonical\" href=\"https:\/\/www.gittas-verkstad.com\/de\/aktuell\/erste-anmeldung-fuer-einen-pflanzenfaerbekurs\/\" \/>\n<meta property=\"og:locale\" content=\"de_DE\" \/>\n<meta property=\"og:type\" content=\"article\" \/>\n<meta property=\"og:title\" content=\"Heute habe ich die erste Anmeldung f\u00fcr einen Pflanzenf\u00e4rbekurs\" \/>\n<meta property=\"og:description\" content=\"Heute habe ich die erste Anmeldung f\u00fcr einen Pflanzenf\u00e4rbekurs in der n\u00e4chsten Sommersaison erhalten. Die Pflanzenf\u00e4rbe-Saison\" \/>\n<meta property=\"og:url\" content=\"https:\/\/www.gittas-verkstad.com\/de\/aktuell\/erste-anmeldung-fuer-einen-pflanzenfaerbekurs\/\" \/>\n<meta property=\"og:site_name\" content=\"Gittas verkstad Weben, Kunst, Design \/ de \/ Lennartsfors\" \/>\n<meta property=\"article:publisher\" content=\"https:\/\/www.facebook.com\/gittasverkstad\/\" \/>\n<meta property=\"article:published_time\" content=\"2022-01-26T19:40:00+00:00\" \/>\n<meta property=\"og:image\" content=\"https:\/\/www.gittas-verkstad.com\/de\/wp-content\/uploads\/sites\/8\/2022\/01\/Pflanzenfaerben-Sommersaison-2022-Gittas-verkstad.jpg\" \/>\n\t<meta property=\"og:image:width\" content=\"1680\" \/>\n\t<meta property=\"og:image:height\" content=\"400\" \/>\n\t<meta property=\"og:image:type\" content=\"image\/jpeg\" \/>\n<meta name=\"author\" content=\"gitta\" \/>\n<meta name=\"twitter:card\" content=\"summary_large_image\" \/>\n<meta name=\"twitter:label1\" content=\"Verfasst von\" \/>\n\t<meta name=\"twitter:data1\" content=\"gitta\" \/>\n<script type=\"application\/ld+json\" class=\"yoast-schema-graph\">{\"@context\":\"https:\\\/\\\/schema.org\",\"@graph\":[{\"@type\":\"Article\",\"@id\":\"https:\\\/\\\/www.gittas-verkstad.com\\\/de\\\/aktuell\\\/erste-anmeldung-fuer-einen-pflanzenfaerbekurs\\\/#article\",\"isPartOf\":{\"@id\":\"https:\\\/\\\/www.gittas-verkstad.com\\\/de\\\/aktuell\\\/erste-anmeldung-fuer-einen-pflanzenfaerbekurs\\\/\"},\"author\":{\"name\":\"gitta\",\"@id\":\"https:\\\/\\\/www.gittas-verkstad.com\\\/de\\\/#\\\/schema\\\/person\\\/66efc41949b9b5d43667d40db8dfcc57\"},\"headline\":\"Erste Anmeldung f\u00fcr einen Pflanzenf\u00e4rbekurs\",\"datePublished\":\"2022-01-26T19:40:00+00:00\",\"mainEntityOfPage\":{\"@id\":\"https:\\\/\\\/www.gittas-verkstad.com\\\/de\\\/aktuell\\\/erste-anmeldung-fuer-einen-pflanzenfaerbekurs\\\/\"},\"wordCount\":85,\"publisher\":{\"@id\":\"https:\\\/\\\/www.gittas-verkstad.com\\\/de\\\/#organization\"},\"image\":{\"@id\":\"https:\\\/\\\/www.gittas-verkstad.com\\\/de\\\/aktuell\\\/erste-anmeldung-fuer-einen-pflanzenfaerbekurs\\\/#primaryimage\"},\"thumbnailUrl\":\"https:\\\/\\\/www.gittas-verkstad.com\\\/de\\\/wp-content\\\/uploads\\\/sites\\\/8\\\/2022\\\/01\\\/Pflanzenfaerben-Sommersaison-2022-Gittas-verkstad.jpg\",\"keywords\":[\"F\u00e4rben mit Pflanzenfarben\",\"Gjut\u00e5s\",\"Pflanzenf\u00e4rbekurs\",\"Pflanzenf\u00e4rben\"],\"articleSection\":[\"Aktuell\"],\"inLanguage\":\"de\"},{\"@type\":\"WebPage\",\"@id\":\"https:\\\/\\\/www.gittas-verkstad.com\\\/de\\\/aktuell\\\/erste-anmeldung-fuer-einen-pflanzenfaerbekurs\\\/\",\"url\":\"https:\\\/\\\/www.gittas-verkstad.com\\\/de\\\/aktuell\\\/erste-anmeldung-fuer-einen-pflanzenfaerbekurs\\\/\",\"name\":\"Heute habe ich die erste Anmeldung f\u00fcr einen Pflanzenf\u00e4rbekurs\",\"isPartOf\":{\"@id\":\"https:\\\/\\\/www.gittas-verkstad.com\\\/de\\\/#website\"},\"primaryImageOfPage\":{\"@id\":\"https:\\\/\\\/www.gittas-verkstad.com\\\/de\\\/aktuell\\\/erste-anmeldung-fuer-einen-pflanzenfaerbekurs\\\/#primaryimage\"},\"image\":{\"@id\":\"https:\\\/\\\/www.gittas-verkstad.com\\\/de\\\/aktuell\\\/erste-anmeldung-fuer-einen-pflanzenfaerbekurs\\\/#primaryimage\"},\"thumbnailUrl\":\"https:\\\/\\\/www.gittas-verkstad.com\\\/de\\\/wp-content\\\/uploads\\\/sites\\\/8\\\/2022\\\/01\\\/Pflanzenfaerben-Sommersaison-2022-Gittas-verkstad.jpg\",\"datePublished\":\"2022-01-26T19:40:00+00:00\",\"description\":\"Heute habe ich die erste Anmeldung f\u00fcr einen Pflanzenf\u00e4rbekurs in der n\u00e4chsten Sommersaison erhalten. Die Pflanzenf\u00e4rbe-Saison\",\"breadcrumb\":{\"@id\":\"https:\\\/\\\/www.gittas-verkstad.com\\\/de\\\/aktuell\\\/erste-anmeldung-fuer-einen-pflanzenfaerbekurs\\\/#breadcrumb\"},\"inLanguage\":\"de\",\"potentialAction\":[{\"@type\":\"ReadAction\",\"target\":[\"https:\\\/\\\/www.gittas-verkstad.com\\\/de\\\/aktuell\\\/erste-anmeldung-fuer-einen-pflanzenfaerbekurs\\\/\"]}]},{\"@type\":\"ImageObject\",\"inLanguage\":\"de\",\"@id\":\"https:\\\/\\\/www.gittas-verkstad.com\\\/de\\\/aktuell\\\/erste-anmeldung-fuer-einen-pflanzenfaerbekurs\\\/#primaryimage\",\"url\":\"https:\\\/\\\/www.gittas-verkstad.com\\\/de\\\/wp-content\\\/uploads\\\/sites\\\/8\\\/2022\\\/01\\\/Pflanzenfaerben-Sommersaison-2022-Gittas-verkstad.jpg\",\"contentUrl\":\"https:\\\/\\\/www.gittas-verkstad.com\\\/de\\\/wp-content\\\/uploads\\\/sites\\\/8\\\/2022\\\/01\\\/Pflanzenfaerben-Sommersaison-2022-Gittas-verkstad.jpg\",\"width\":1680,\"height\":400,\"caption\":\"Pflanzenfaerben-Sommersaison-2022-Gittas-verkstad\"},{\"@type\":\"BreadcrumbList\",\"@id\":\"https:\\\/\\\/www.gittas-verkstad.com\\\/de\\\/aktuell\\\/erste-anmeldung-fuer-einen-pflanzenfaerbekurs\\\/#breadcrumb\",\"itemListElement\":[{\"@type\":\"ListItem\",\"position\":1,\"name\":\"Startseite\",\"item\":\"https:\\\/\\\/www.gittas-verkstad.com\\\/de\\\/\"},{\"@type\":\"ListItem\",\"position\":2,\"name\":\"Erste Anmeldung f\u00fcr einen Pflanzenf\u00e4rbekurs\"}]},{\"@type\":\"WebSite\",\"@id\":\"https:\\\/\\\/www.gittas-verkstad.com\\\/de\\\/#website\",\"url\":\"https:\\\/\\\/www.gittas-verkstad.com\\\/de\\\/\",\"name\":\"Gittas verkstad\",\"description\":\"Gitta betreibt in Lennartsfors eine Werkstatt f\u00fcr Weben, Kunst und Design. Ihre Produkte verkauft sie in ihrer Gallerie auf Gjut\u00e5s am Dalslands Kanal.\",\"publisher\":{\"@id\":\"https:\\\/\\\/www.gittas-verkstad.com\\\/de\\\/#organization\"},\"potentialAction\":[{\"@type\":\"SearchAction\",\"target\":{\"@type\":\"EntryPoint\",\"urlTemplate\":\"https:\\\/\\\/www.gittas-verkstad.com\\\/de\\\/?s={search_term_string}\"},\"query-input\":{\"@type\":\"PropertyValueSpecification\",\"valueRequired\":true,\"valueName\":\"search_term_string\"}}],\"inLanguage\":\"de\"},{\"@type\":\"Organization\",\"@id\":\"https:\\\/\\\/www.gittas-verkstad.com\\\/de\\\/#organization\",\"name\":\"Gittas verkstad\",\"url\":\"https:\\\/\\\/www.gittas-verkstad.com\\\/de\\\/\",\"logo\":{\"@type\":\"ImageObject\",\"inLanguage\":\"de\",\"@id\":\"https:\\\/\\\/www.gittas-verkstad.com\\\/de\\\/#\\\/schema\\\/logo\\\/image\\\/\",\"url\":\"https:\\\/\\\/www.gittas-verkstad.com\\\/de\\\/wp-content\\\/uploads\\\/sites\\\/8\\\/2018\\\/04\\\/Gittas-verkstad-logo.jpg\",\"contentUrl\":\"https:\\\/\\\/www.gittas-verkstad.com\\\/de\\\/wp-content\\\/uploads\\\/sites\\\/8\\\/2018\\\/04\\\/Gittas-verkstad-logo.jpg\",\"width\":617,\"height\":146,\"caption\":\"Gittas verkstad\"},\"image\":{\"@id\":\"https:\\\/\\\/www.gittas-verkstad.com\\\/de\\\/#\\\/schema\\\/logo\\\/image\\\/\"},\"sameAs\":[\"https:\\\/\\\/www.facebook.com\\\/gittasverkstad\\\/\"]},{\"@type\":\"Person\",\"@id\":\"https:\\\/\\\/www.gittas-verkstad.com\\\/de\\\/#\\\/schema\\\/person\\\/66efc41949b9b5d43667d40db8dfcc57\",\"name\":\"gitta\",\"url\":\"https:\\\/\\\/www.gittas-verkstad.com\\\/de\\\/author\\\/gitta\\\/\"}]}<\/script>\n<!-- \/ Yoast SEO plugin. -->","yoast_head_json":{"title":"Heute habe ich die erste Anmeldung f\u00fcr einen Pflanzenf\u00e4rbekurs","description":"Heute habe ich die erste Anmeldung f\u00fcr einen Pflanzenf\u00e4rbekurs in der n\u00e4chsten Sommersaison erhalten. Die Pflanzenf\u00e4rbe-Saison","robots":{"index":"index","follow":"follow","max-snippet":"max-snippet:-1","max-image-preview":"max-image-preview:large","max-video-preview":"max-video-preview:-1"},"canonical":"https:\/\/www.gittas-verkstad.com\/de\/aktuell\/erste-anmeldung-fuer-einen-pflanzenfaerbekurs\/","og_locale":"de_DE","og_type":"article","og_title":"Heute habe ich die erste Anmeldung f\u00fcr einen Pflanzenf\u00e4rbekurs","og_description":"Heute habe ich die erste Anmeldung f\u00fcr einen Pflanzenf\u00e4rbekurs in der n\u00e4chsten Sommersaison erhalten. Die Pflanzenf\u00e4rbe-Saison","og_url":"https:\/\/www.gittas-verkstad.com\/de\/aktuell\/erste-anmeldung-fuer-einen-pflanzenfaerbekurs\/","og_site_name":"Gittas verkstad Weben, Kunst, Design \/ de \/ Lennartsfors","article_publisher":"https:\/\/www.facebook.com\/gittasverkstad\/","article_published_time":"2022-01-26T19:40:00+00:00","og_image":[{"width":1680,"height":400,"url":"https:\/\/www.gittas-verkstad.com\/de\/wp-content\/uploads\/sites\/8\/2022\/01\/Pflanzenfaerben-Sommersaison-2022-Gittas-verkstad.jpg","type":"image\/jpeg"}],"author":"gitta","twitter_card":"summary_large_image","twitter_misc":{"Verfasst von":"gitta"},"schema":{"@context":"https:\/\/schema.org","@graph":[{"@type":"Article","@id":"https:\/\/www.gittas-verkstad.com\/de\/aktuell\/erste-anmeldung-fuer-einen-pflanzenfaerbekurs\/#article","isPartOf":{"@id":"https:\/\/www.gittas-verkstad.com\/de\/aktuell\/erste-anmeldung-fuer-einen-pflanzenfaerbekurs\/"},"author":{"name":"gitta","@id":"https:\/\/www.gittas-verkstad.com\/de\/#\/schema\/person\/66efc41949b9b5d43667d40db8dfcc57"},"headline":"Erste Anmeldung f\u00fcr einen Pflanzenf\u00e4rbekurs","datePublished":"2022-01-26T19:40:00+00:00","mainEntityOfPage":{"@id":"https:\/\/www.gittas-verkstad.com\/de\/aktuell\/erste-anmeldung-fuer-einen-pflanzenfaerbekurs\/"},"wordCount":85,"publisher":{"@id":"https:\/\/www.gittas-verkstad.com\/de\/#organization"},"image":{"@id":"https:\/\/www.gittas-verkstad.com\/de\/aktuell\/erste-anmeldung-fuer-einen-pflanzenfaerbekurs\/#primaryimage"},"thumbnailUrl":"https:\/\/www.gittas-verkstad.com\/de\/wp-content\/uploads\/sites\/8\/2022\/01\/Pflanzenfaerben-Sommersaison-2022-Gittas-verkstad.jpg","keywords":["F\u00e4rben mit Pflanzenfarben","Gjut\u00e5s","Pflanzenf\u00e4rbekurs","Pflanzenf\u00e4rben"],"articleSection":["Aktuell"],"inLanguage":"de"},{"@type":"WebPage","@id":"https:\/\/www.gittas-verkstad.com\/de\/aktuell\/erste-anmeldung-fuer-einen-pflanzenfaerbekurs\/","url":"https:\/\/www.gittas-verkstad.com\/de\/aktuell\/erste-anmeldung-fuer-einen-pflanzenfaerbekurs\/","name":"Heute habe ich die erste Anmeldung f\u00fcr einen Pflanzenf\u00e4rbekurs","isPartOf":{"@id":"https:\/\/www.gittas-verkstad.com\/de\/#website"},"primaryImageOfPage":{"@id":"https:\/\/www.gittas-verkstad.com\/de\/aktuell\/erste-anmeldung-fuer-einen-pflanzenfaerbekurs\/#primaryimage"},"image":{"@id":"https:\/\/www.gittas-verkstad.com\/de\/aktuell\/erste-anmeldung-fuer-einen-pflanzenfaerbekurs\/#primaryimage"},"thumbnailUrl":"https:\/\/www.gittas-verkstad.com\/de\/wp-content\/uploads\/sites\/8\/2022\/01\/Pflanzenfaerben-Sommersaison-2022-Gittas-verkstad.jpg","datePublished":"2022-01-26T19:40:00+00:00","description":"Heute habe ich die erste Anmeldung f\u00fcr einen Pflanzenf\u00e4rbekurs in der n\u00e4chsten Sommersaison erhalten. Die Pflanzenf\u00e4rbe-Saison","breadcrumb":{"@id":"https:\/\/www.gittas-verkstad.com\/de\/aktuell\/erste-anmeldung-fuer-einen-pflanzenfaerbekurs\/#breadcrumb"},"inLanguage":"de","potentialAction":[{"@type":"ReadAction","target":["https:\/\/www.gittas-verkstad.com\/de\/aktuell\/erste-anmeldung-fuer-einen-pflanzenfaerbekurs\/"]}]},{"@type":"ImageObject","inLanguage":"de","@id":"https:\/\/www.gittas-verkstad.com\/de\/aktuell\/erste-anmeldung-fuer-einen-pflanzenfaerbekurs\/#primaryimage","url":"https:\/\/www.gittas-verkstad.com\/de\/wp-content\/uploads\/sites\/8\/2022\/01\/Pflanzenfaerben-Sommersaison-2022-Gittas-verkstad.jpg","contentUrl":"https:\/\/www.gittas-verkstad.com\/de\/wp-content\/uploads\/sites\/8\/2022\/01\/Pflanzenfaerben-Sommersaison-2022-Gittas-verkstad.jpg","width":1680,"height":400,"caption":"Pflanzenfaerben-Sommersaison-2022-Gittas-verkstad"},{"@type":"BreadcrumbList","@id":"https:\/\/www.gittas-verkstad.com\/de\/aktuell\/erste-anmeldung-fuer-einen-pflanzenfaerbekurs\/#breadcrumb","itemListElement":[{"@type":"ListItem","position":1,"name":"Startseite","item":"https:\/\/www.gittas-verkstad.com\/de\/"},{"@type":"ListItem","position":2,"name":"Erste Anmeldung f\u00fcr einen Pflanzenf\u00e4rbekurs"}]},{"@type":"WebSite","@id":"https:\/\/www.gittas-verkstad.com\/de\/#website","url":"https:\/\/www.gittas-verkstad.com\/de\/","name":"Gittas verkstad","description":"Gitta betreibt in Lennartsfors eine Werkstatt f\u00fcr Weben, Kunst und Design. Ihre Produkte verkauft sie in ihrer Gallerie auf Gjut\u00e5s am Dalslands Kanal.","publisher":{"@id":"https:\/\/www.gittas-verkstad.com\/de\/#organization"},"potentialAction":[{"@type":"SearchAction","target":{"@type":"EntryPoint","urlTemplate":"https:\/\/www.gittas-verkstad.com\/de\/?s={search_term_string}"},"query-input":{"@type":"PropertyValueSpecification","valueRequired":true,"valueName":"search_term_string"}}],"inLanguage":"de"},{"@type":"Organization","@id":"https:\/\/www.gittas-verkstad.com\/de\/#organization","name":"Gittas verkstad","url":"https:\/\/www.gittas-verkstad.com\/de\/","logo":{"@type":"ImageObject","inLanguage":"de","@id":"https:\/\/www.gittas-verkstad.com\/de\/#\/schema\/logo\/image\/","url":"https:\/\/www.gittas-verkstad.com\/de\/wp-content\/uploads\/sites\/8\/2018\/04\/Gittas-verkstad-logo.jpg","contentUrl":"https:\/\/www.gittas-verkstad.com\/de\/wp-content\/uploads\/sites\/8\/2018\/04\/Gittas-verkstad-logo.jpg","width":617,"height":146,"caption":"Gittas verkstad"},"image":{"@id":"https:\/\/www.gittas-verkstad.com\/de\/#\/schema\/logo\/image\/"},"sameAs":["https:\/\/www.facebook.com\/gittasverkstad\/"]},{"@type":"Person","@id":"https:\/\/www.gittas-verkstad.com\/de\/#\/schema\/person\/66efc41949b9b5d43667d40db8dfcc57","name":"gitta","url":"https:\/\/www.gittas-verkstad.com\/de\/author\/gitta\/"}]}},"_links":{"self":[{"href":"https:\/\/www.gittas-verkstad.com\/de\/wp-json\/wp\/v2\/posts\/2062","targetHints":{"allow":["GET"]}}],"collection":[{"href":"https:\/\/www.gittas-verkstad.com\/de\/wp-json\/wp\/v2\/posts"}],"about":[{"href":"https:\/\/www.gittas-verkstad.com\/de\/wp-json\/wp\/v2\/types\/post"}],"author":[{"embeddable":true,"href":"https:\/\/www.gittas-verkstad.com\/de\/wp-json\/wp\/v2\/users\/1"}],"replies":[{"embeddable":true,"href":"https:\/\/www.gittas-verkstad.com\/de\/wp-json\/wp\/v2\/comments?post=2062"}],"version-history":[{"count":1,"href":"https:\/\/www.gittas-verkstad.com\/de\/wp-json\/wp\/v2\/posts\/2062\/revisions"}],"predecessor-version":[{"id":2064,"href":"https:\/\/www.gittas-verkstad.com\/de\/wp-json\/wp\/v2\/posts\/2062\/revisions\/2064"}],"wp:featuredmedia":[{"embeddable":true,"href":"https:\/\/www.gittas-verkstad.com\/de\/wp-json\/wp\/v2\/media\/2063"}],"wp:attachment":[{"href":"https:\/\/www.gittas-verkstad.com\/de\/wp-json\/wp\/v2\/media?parent=2062"}],"wp:term":[{"taxonomy":"category","embeddable":true,"href":"https:\/\/www.gittas-verkstad.com\/de\/wp-json\/wp\/v2\/categories?post=2062"},{"taxonomy":"post_tag","embeddable":true,"href":"https:\/\/www.gittas-verkstad.com\/de\/wp-json\/wp\/v2\/tags?post=2062"}],"curies":[{"name":"wp","href":"https:\/\/api.w.org\/{rel}","templated":true}]}}