{"id":2006,"date":"2021-09-01T17:41:18","date_gmt":"2021-09-01T15:41:18","guid":{"rendered":"https:\/\/www.gittas-verkstad.com\/de\/?p=2006"},"modified":"2021-09-12T21:09:19","modified_gmt":"2021-09-12T19:09:19","slug":"die-sommersaison-2021-ist-vorueber","status":"publish","type":"post","link":"https:\/\/www.gittas-verkstad.com\/de\/aktuell\/die-sommersaison-2021-ist-vorueber\/","title":{"rendered":"Die Sommersaison 2021 ist vor\u00fcber"},"content":{"rendered":"<p>Die Sommersaison 2021 mit festen \u00d6ffnungszeiten ist vor\u00fcber und ich bedanke mich bei allen, die Gittas Verkstad in diesem Sommer besucht haben.<\/p>\n<p>Nun haben wir jetzt ge\u00f6ffnet, wenn wir zu Hause sind und es uns zeitlich passt.<br \/>\nWenn Sie vorbeikommen m\u00f6chten, ist es am besten, Sie rufen uns vorher unter 0046-73 838 56 82 an.<\/p>\n<p>Ich freue mich auf Ihren Besuch und w\u00fcnsche Ihnen weiterhin einen sch\u00f6nen Sp\u00e4tsommer und einen farbenfrohen Herbst<\/p>\n","protected":false},"excerpt":{"rendered":"<p>Die Sommersaison 2021 mit festen \u00d6ffnungszeiten ist vor\u00fcber und ich bedanke mich bei allen, die Gittas Verkstad in diesem Sommer besucht haben. Nun haben wir jetzt ge\u00f6ffnet, wenn wir zu Hause sind und es uns zeitlich passt. Wenn Sie vorbeikommen <a class=\"more-link\" href=\"https:\/\/www.gittas-verkstad.com\/de\/aktuell\/die-sommersaison-2021-ist-vorueber\/\">weiterlesen&#8230;<\/a><\/p>\n","protected":false},"author":1,"featured_media":2007,"comment_status":"closed","ping_status":"closed","sticky":false,"template":"","format":"standard","meta":{"footnotes":""},"categories":[2],"tags":[8,344,273,343],"class_list":["post-2006","post","type-post","status-publish","format-standard","has-post-thumbnail","hentry","category-aktuell","tag-gittas-verkstad","tag-herbst","tag-sommersaison","tag-sommersaison-2021"],"yoast_head":"<!-- This site is optimized with the Yoast SEO plugin v27.5 - https:\/\/yoast.com\/product\/yoast-seo-wordpress\/ -->\n<title>Die Sommersaison 2021 ist vor\u00fcber<\/title>\n<meta name=\"description\" content=\"Die Sommersaison 2021 mit festen \u00d6ffnungszeiten ist vor\u00fcber und ich bedanke mich bei allen, die Gittas Verkstad\" \/>\n<meta name=\"robots\" content=\"index, follow, max-snippet:-1, max-image-preview:large, max-video-preview:-1\" \/>\n<link rel=\"canonical\" href=\"https:\/\/www.gittas-verkstad.com\/de\/aktuell\/die-sommersaison-2021-ist-vorueber\/\" \/>\n<meta property=\"og:locale\" content=\"de_DE\" \/>\n<meta property=\"og:type\" content=\"article\" \/>\n<meta property=\"og:title\" content=\"Die Sommersaison 2021 ist vor\u00fcber\" \/>\n<meta property=\"og:description\" content=\"Die Sommersaison 2021 mit festen \u00d6ffnungszeiten ist vor\u00fcber und ich bedanke mich bei allen, die Gittas Verkstad\" \/>\n<meta property=\"og:url\" content=\"https:\/\/www.gittas-verkstad.com\/de\/aktuell\/die-sommersaison-2021-ist-vorueber\/\" \/>\n<meta property=\"og:site_name\" content=\"Gittas verkstad Weben, Kunst, Design \/ de \/ Lennartsfors\" \/>\n<meta property=\"article:publisher\" content=\"https:\/\/www.facebook.com\/gittasverkstad\/\" \/>\n<meta property=\"article:published_time\" content=\"2021-09-01T15:41:18+00:00\" \/>\n<meta property=\"article:modified_time\" content=\"2021-09-12T19:09:19+00:00\" \/>\n<meta property=\"og:image\" content=\"https:\/\/www.gittas-verkstad.com\/de\/wp-content\/uploads\/sites\/8\/2021\/09\/Die-Sommersaison-2021-ist-vorueber-Gittas-verkstad.jpg\" \/>\n\t<meta property=\"og:image:width\" content=\"1680\" \/>\n\t<meta property=\"og:image:height\" content=\"399\" \/>\n\t<meta property=\"og:image:type\" content=\"image\/jpeg\" \/>\n<meta name=\"author\" content=\"gitta\" \/>\n<meta name=\"twitter:card\" content=\"summary_large_image\" \/>\n<meta name=\"twitter:label1\" content=\"Verfasst von\" \/>\n\t<meta name=\"twitter:data1\" content=\"gitta\" \/>\n<script type=\"application\/ld+json\" class=\"yoast-schema-graph\">{\"@context\":\"https:\\\/\\\/schema.org\",\"@graph\":[{\"@type\":\"Article\",\"@id\":\"https:\\\/\\\/www.gittas-verkstad.com\\\/de\\\/aktuell\\\/die-sommersaison-2021-ist-vorueber\\\/#article\",\"isPartOf\":{\"@id\":\"https:\\\/\\\/www.gittas-verkstad.com\\\/de\\\/aktuell\\\/die-sommersaison-2021-ist-vorueber\\\/\"},\"author\":{\"name\":\"gitta\",\"@id\":\"https:\\\/\\\/www.gittas-verkstad.com\\\/de\\\/#\\\/schema\\\/person\\\/66efc41949b9b5d43667d40db8dfcc57\"},\"headline\":\"Die Sommersaison 2021 ist vor\u00fcber\",\"datePublished\":\"2021-09-01T15:41:18+00:00\",\"dateModified\":\"2021-09-12T19:09:19+00:00\",\"mainEntityOfPage\":{\"@id\":\"https:\\\/\\\/www.gittas-verkstad.com\\\/de\\\/aktuell\\\/die-sommersaison-2021-ist-vorueber\\\/\"},\"wordCount\":79,\"publisher\":{\"@id\":\"https:\\\/\\\/www.gittas-verkstad.com\\\/de\\\/#organization\"},\"image\":{\"@id\":\"https:\\\/\\\/www.gittas-verkstad.com\\\/de\\\/aktuell\\\/die-sommersaison-2021-ist-vorueber\\\/#primaryimage\"},\"thumbnailUrl\":\"https:\\\/\\\/www.gittas-verkstad.com\\\/de\\\/wp-content\\\/uploads\\\/sites\\\/8\\\/2021\\\/09\\\/Die-Sommersaison-2021-ist-vorueber-Gittas-verkstad.jpg\",\"keywords\":[\"Gittas verkstad\",\"Herbst\",\"Sommersaison\",\"Sommersaison 2021\"],\"articleSection\":[\"Aktuell\"],\"inLanguage\":\"de\"},{\"@type\":\"WebPage\",\"@id\":\"https:\\\/\\\/www.gittas-verkstad.com\\\/de\\\/aktuell\\\/die-sommersaison-2021-ist-vorueber\\\/\",\"url\":\"https:\\\/\\\/www.gittas-verkstad.com\\\/de\\\/aktuell\\\/die-sommersaison-2021-ist-vorueber\\\/\",\"name\":\"Die Sommersaison 2021 ist vor\u00fcber\",\"isPartOf\":{\"@id\":\"https:\\\/\\\/www.gittas-verkstad.com\\\/de\\\/#website\"},\"primaryImageOfPage\":{\"@id\":\"https:\\\/\\\/www.gittas-verkstad.com\\\/de\\\/aktuell\\\/die-sommersaison-2021-ist-vorueber\\\/#primaryimage\"},\"image\":{\"@id\":\"https:\\\/\\\/www.gittas-verkstad.com\\\/de\\\/aktuell\\\/die-sommersaison-2021-ist-vorueber\\\/#primaryimage\"},\"thumbnailUrl\":\"https:\\\/\\\/www.gittas-verkstad.com\\\/de\\\/wp-content\\\/uploads\\\/sites\\\/8\\\/2021\\\/09\\\/Die-Sommersaison-2021-ist-vorueber-Gittas-verkstad.jpg\",\"datePublished\":\"2021-09-01T15:41:18+00:00\",\"dateModified\":\"2021-09-12T19:09:19+00:00\",\"description\":\"Die Sommersaison 2021 mit festen \u00d6ffnungszeiten ist vor\u00fcber und ich bedanke mich bei allen, die Gittas Verkstad\",\"breadcrumb\":{\"@id\":\"https:\\\/\\\/www.gittas-verkstad.com\\\/de\\\/aktuell\\\/die-sommersaison-2021-ist-vorueber\\\/#breadcrumb\"},\"inLanguage\":\"de\",\"potentialAction\":[{\"@type\":\"ReadAction\",\"target\":[\"https:\\\/\\\/www.gittas-verkstad.com\\\/de\\\/aktuell\\\/die-sommersaison-2021-ist-vorueber\\\/\"]}]},{\"@type\":\"ImageObject\",\"inLanguage\":\"de\",\"@id\":\"https:\\\/\\\/www.gittas-verkstad.com\\\/de\\\/aktuell\\\/die-sommersaison-2021-ist-vorueber\\\/#primaryimage\",\"url\":\"https:\\\/\\\/www.gittas-verkstad.com\\\/de\\\/wp-content\\\/uploads\\\/sites\\\/8\\\/2021\\\/09\\\/Die-Sommersaison-2021-ist-vorueber-Gittas-verkstad.jpg\",\"contentUrl\":\"https:\\\/\\\/www.gittas-verkstad.com\\\/de\\\/wp-content\\\/uploads\\\/sites\\\/8\\\/2021\\\/09\\\/Die-Sommersaison-2021-ist-vorueber-Gittas-verkstad.jpg\",\"width\":1680,\"height\":399,\"caption\":\"Die-Sommersaison-2021-ist-vorueber-Gittas-verkstad\"},{\"@type\":\"BreadcrumbList\",\"@id\":\"https:\\\/\\\/www.gittas-verkstad.com\\\/de\\\/aktuell\\\/die-sommersaison-2021-ist-vorueber\\\/#breadcrumb\",\"itemListElement\":[{\"@type\":\"ListItem\",\"position\":1,\"name\":\"Startseite\",\"item\":\"https:\\\/\\\/www.gittas-verkstad.com\\\/de\\\/\"},{\"@type\":\"ListItem\",\"position\":2,\"name\":\"Die Sommersaison 2021 ist vor\u00fcber\"}]},{\"@type\":\"WebSite\",\"@id\":\"https:\\\/\\\/www.gittas-verkstad.com\\\/de\\\/#website\",\"url\":\"https:\\\/\\\/www.gittas-verkstad.com\\\/de\\\/\",\"name\":\"Gittas verkstad\",\"description\":\"Gitta betreibt in Lennartsfors eine Werkstatt f\u00fcr Weben, Kunst und Design. Ihre Produkte verkauft sie in ihrer Gallerie auf Gjut\u00e5s am Dalslands Kanal.\",\"publisher\":{\"@id\":\"https:\\\/\\\/www.gittas-verkstad.com\\\/de\\\/#organization\"},\"potentialAction\":[{\"@type\":\"SearchAction\",\"target\":{\"@type\":\"EntryPoint\",\"urlTemplate\":\"https:\\\/\\\/www.gittas-verkstad.com\\\/de\\\/?s={search_term_string}\"},\"query-input\":{\"@type\":\"PropertyValueSpecification\",\"valueRequired\":true,\"valueName\":\"search_term_string\"}}],\"inLanguage\":\"de\"},{\"@type\":\"Organization\",\"@id\":\"https:\\\/\\\/www.gittas-verkstad.com\\\/de\\\/#organization\",\"name\":\"Gittas verkstad\",\"url\":\"https:\\\/\\\/www.gittas-verkstad.com\\\/de\\\/\",\"logo\":{\"@type\":\"ImageObject\",\"inLanguage\":\"de\",\"@id\":\"https:\\\/\\\/www.gittas-verkstad.com\\\/de\\\/#\\\/schema\\\/logo\\\/image\\\/\",\"url\":\"https:\\\/\\\/www.gittas-verkstad.com\\\/de\\\/wp-content\\\/uploads\\\/sites\\\/8\\\/2018\\\/04\\\/Gittas-verkstad-logo.jpg\",\"contentUrl\":\"https:\\\/\\\/www.gittas-verkstad.com\\\/de\\\/wp-content\\\/uploads\\\/sites\\\/8\\\/2018\\\/04\\\/Gittas-verkstad-logo.jpg\",\"width\":617,\"height\":146,\"caption\":\"Gittas verkstad\"},\"image\":{\"@id\":\"https:\\\/\\\/www.gittas-verkstad.com\\\/de\\\/#\\\/schema\\\/logo\\\/image\\\/\"},\"sameAs\":[\"https:\\\/\\\/www.facebook.com\\\/gittasverkstad\\\/\"]},{\"@type\":\"Person\",\"@id\":\"https:\\\/\\\/www.gittas-verkstad.com\\\/de\\\/#\\\/schema\\\/person\\\/66efc41949b9b5d43667d40db8dfcc57\",\"name\":\"gitta\",\"url\":\"https:\\\/\\\/www.gittas-verkstad.com\\\/de\\\/author\\\/gitta\\\/\"}]}<\/script>\n<!-- \/ Yoast SEO plugin. -->","yoast_head_json":{"title":"Die Sommersaison 2021 ist vor\u00fcber","description":"Die Sommersaison 2021 mit festen \u00d6ffnungszeiten ist vor\u00fcber und ich bedanke mich bei allen, die Gittas Verkstad","robots":{"index":"index","follow":"follow","max-snippet":"max-snippet:-1","max-image-preview":"max-image-preview:large","max-video-preview":"max-video-preview:-1"},"canonical":"https:\/\/www.gittas-verkstad.com\/de\/aktuell\/die-sommersaison-2021-ist-vorueber\/","og_locale":"de_DE","og_type":"article","og_title":"Die Sommersaison 2021 ist vor\u00fcber","og_description":"Die Sommersaison 2021 mit festen \u00d6ffnungszeiten ist vor\u00fcber und ich bedanke mich bei allen, die Gittas Verkstad","og_url":"https:\/\/www.gittas-verkstad.com\/de\/aktuell\/die-sommersaison-2021-ist-vorueber\/","og_site_name":"Gittas verkstad Weben, Kunst, Design \/ de \/ Lennartsfors","article_publisher":"https:\/\/www.facebook.com\/gittasverkstad\/","article_published_time":"2021-09-01T15:41:18+00:00","article_modified_time":"2021-09-12T19:09:19+00:00","og_image":[{"width":1680,"height":399,"url":"https:\/\/www.gittas-verkstad.com\/de\/wp-content\/uploads\/sites\/8\/2021\/09\/Die-Sommersaison-2021-ist-vorueber-Gittas-verkstad.jpg","type":"image\/jpeg"}],"author":"gitta","twitter_card":"summary_large_image","twitter_misc":{"Verfasst von":"gitta"},"schema":{"@context":"https:\/\/schema.org","@graph":[{"@type":"Article","@id":"https:\/\/www.gittas-verkstad.com\/de\/aktuell\/die-sommersaison-2021-ist-vorueber\/#article","isPartOf":{"@id":"https:\/\/www.gittas-verkstad.com\/de\/aktuell\/die-sommersaison-2021-ist-vorueber\/"},"author":{"name":"gitta","@id":"https:\/\/www.gittas-verkstad.com\/de\/#\/schema\/person\/66efc41949b9b5d43667d40db8dfcc57"},"headline":"Die Sommersaison 2021 ist vor\u00fcber","datePublished":"2021-09-01T15:41:18+00:00","dateModified":"2021-09-12T19:09:19+00:00","mainEntityOfPage":{"@id":"https:\/\/www.gittas-verkstad.com\/de\/aktuell\/die-sommersaison-2021-ist-vorueber\/"},"wordCount":79,"publisher":{"@id":"https:\/\/www.gittas-verkstad.com\/de\/#organization"},"image":{"@id":"https:\/\/www.gittas-verkstad.com\/de\/aktuell\/die-sommersaison-2021-ist-vorueber\/#primaryimage"},"thumbnailUrl":"https:\/\/www.gittas-verkstad.com\/de\/wp-content\/uploads\/sites\/8\/2021\/09\/Die-Sommersaison-2021-ist-vorueber-Gittas-verkstad.jpg","keywords":["Gittas verkstad","Herbst","Sommersaison","Sommersaison 2021"],"articleSection":["Aktuell"],"inLanguage":"de"},{"@type":"WebPage","@id":"https:\/\/www.gittas-verkstad.com\/de\/aktuell\/die-sommersaison-2021-ist-vorueber\/","url":"https:\/\/www.gittas-verkstad.com\/de\/aktuell\/die-sommersaison-2021-ist-vorueber\/","name":"Die Sommersaison 2021 ist vor\u00fcber","isPartOf":{"@id":"https:\/\/www.gittas-verkstad.com\/de\/#website"},"primaryImageOfPage":{"@id":"https:\/\/www.gittas-verkstad.com\/de\/aktuell\/die-sommersaison-2021-ist-vorueber\/#primaryimage"},"image":{"@id":"https:\/\/www.gittas-verkstad.com\/de\/aktuell\/die-sommersaison-2021-ist-vorueber\/#primaryimage"},"thumbnailUrl":"https:\/\/www.gittas-verkstad.com\/de\/wp-content\/uploads\/sites\/8\/2021\/09\/Die-Sommersaison-2021-ist-vorueber-Gittas-verkstad.jpg","datePublished":"2021-09-01T15:41:18+00:00","dateModified":"2021-09-12T19:09:19+00:00","description":"Die Sommersaison 2021 mit festen \u00d6ffnungszeiten ist vor\u00fcber und ich bedanke mich bei allen, die Gittas Verkstad","breadcrumb":{"@id":"https:\/\/www.gittas-verkstad.com\/de\/aktuell\/die-sommersaison-2021-ist-vorueber\/#breadcrumb"},"inLanguage":"de","potentialAction":[{"@type":"ReadAction","target":["https:\/\/www.gittas-verkstad.com\/de\/aktuell\/die-sommersaison-2021-ist-vorueber\/"]}]},{"@type":"ImageObject","inLanguage":"de","@id":"https:\/\/www.gittas-verkstad.com\/de\/aktuell\/die-sommersaison-2021-ist-vorueber\/#primaryimage","url":"https:\/\/www.gittas-verkstad.com\/de\/wp-content\/uploads\/sites\/8\/2021\/09\/Die-Sommersaison-2021-ist-vorueber-Gittas-verkstad.jpg","contentUrl":"https:\/\/www.gittas-verkstad.com\/de\/wp-content\/uploads\/sites\/8\/2021\/09\/Die-Sommersaison-2021-ist-vorueber-Gittas-verkstad.jpg","width":1680,"height":399,"caption":"Die-Sommersaison-2021-ist-vorueber-Gittas-verkstad"},{"@type":"BreadcrumbList","@id":"https:\/\/www.gittas-verkstad.com\/de\/aktuell\/die-sommersaison-2021-ist-vorueber\/#breadcrumb","itemListElement":[{"@type":"ListItem","position":1,"name":"Startseite","item":"https:\/\/www.gittas-verkstad.com\/de\/"},{"@type":"ListItem","position":2,"name":"Die Sommersaison 2021 ist vor\u00fcber"}]},{"@type":"WebSite","@id":"https:\/\/www.gittas-verkstad.com\/de\/#website","url":"https:\/\/www.gittas-verkstad.com\/de\/","name":"Gittas verkstad","description":"Gitta betreibt in Lennartsfors eine Werkstatt f\u00fcr Weben, Kunst und Design. Ihre Produkte verkauft sie in ihrer Gallerie auf Gjut\u00e5s am Dalslands Kanal.","publisher":{"@id":"https:\/\/www.gittas-verkstad.com\/de\/#organization"},"potentialAction":[{"@type":"SearchAction","target":{"@type":"EntryPoint","urlTemplate":"https:\/\/www.gittas-verkstad.com\/de\/?s={search_term_string}"},"query-input":{"@type":"PropertyValueSpecification","valueRequired":true,"valueName":"search_term_string"}}],"inLanguage":"de"},{"@type":"Organization","@id":"https:\/\/www.gittas-verkstad.com\/de\/#organization","name":"Gittas verkstad","url":"https:\/\/www.gittas-verkstad.com\/de\/","logo":{"@type":"ImageObject","inLanguage":"de","@id":"https:\/\/www.gittas-verkstad.com\/de\/#\/schema\/logo\/image\/","url":"https:\/\/www.gittas-verkstad.com\/de\/wp-content\/uploads\/sites\/8\/2018\/04\/Gittas-verkstad-logo.jpg","contentUrl":"https:\/\/www.gittas-verkstad.com\/de\/wp-content\/uploads\/sites\/8\/2018\/04\/Gittas-verkstad-logo.jpg","width":617,"height":146,"caption":"Gittas verkstad"},"image":{"@id":"https:\/\/www.gittas-verkstad.com\/de\/#\/schema\/logo\/image\/"},"sameAs":["https:\/\/www.facebook.com\/gittasverkstad\/"]},{"@type":"Person","@id":"https:\/\/www.gittas-verkstad.com\/de\/#\/schema\/person\/66efc41949b9b5d43667d40db8dfcc57","name":"gitta","url":"https:\/\/www.gittas-verkstad.com\/de\/author\/gitta\/"}]}},"_links":{"self":[{"href":"https:\/\/www.gittas-verkstad.com\/de\/wp-json\/wp\/v2\/posts\/2006","targetHints":{"allow":["GET"]}}],"collection":[{"href":"https:\/\/www.gittas-verkstad.com\/de\/wp-json\/wp\/v2\/posts"}],"about":[{"href":"https:\/\/www.gittas-verkstad.com\/de\/wp-json\/wp\/v2\/types\/post"}],"author":[{"embeddable":true,"href":"https:\/\/www.gittas-verkstad.com\/de\/wp-json\/wp\/v2\/users\/1"}],"replies":[{"embeddable":true,"href":"https:\/\/www.gittas-verkstad.com\/de\/wp-json\/wp\/v2\/comments?post=2006"}],"version-history":[{"count":3,"href":"https:\/\/www.gittas-verkstad.com\/de\/wp-json\/wp\/v2\/posts\/2006\/revisions"}],"predecessor-version":[{"id":2022,"href":"https:\/\/www.gittas-verkstad.com\/de\/wp-json\/wp\/v2\/posts\/2006\/revisions\/2022"}],"wp:featuredmedia":[{"embeddable":true,"href":"https:\/\/www.gittas-verkstad.com\/de\/wp-json\/wp\/v2\/media\/2007"}],"wp:attachment":[{"href":"https:\/\/www.gittas-verkstad.com\/de\/wp-json\/wp\/v2\/media?parent=2006"}],"wp:term":[{"taxonomy":"category","embeddable":true,"href":"https:\/\/www.gittas-verkstad.com\/de\/wp-json\/wp\/v2\/categories?post=2006"},{"taxonomy":"post_tag","embeddable":true,"href":"https:\/\/www.gittas-verkstad.com\/de\/wp-json\/wp\/v2\/tags?post=2006"}],"curies":[{"name":"wp","href":"https:\/\/api.w.org\/{rel}","templated":true}]}}