{"id":1820,"date":"2020-09-17T18:31:22","date_gmt":"2020-09-17T16:31:22","guid":{"rendered":"https:\/\/www.gittas-verkstad.com\/de\/?p=1820"},"modified":"2020-10-23T17:30:49","modified_gmt":"2020-10-23T15:30:49","slug":"die-sommersaison-2020-ist-vorueber","status":"publish","type":"post","link":"https:\/\/www.gittas-verkstad.com\/de\/aktuell\/die-sommersaison-2020-ist-vorueber\/","title":{"rendered":"Die Sommersaison 2020 ist vor\u00fcber"},"content":{"rendered":"<p>Die Sommersaison 2020 ist vor\u00fcber und ich danke allen, die Gittas Verkstad in diesem Sommer besucht haben.<\/p>\n<p>Auch wenn es nicht so viele Besucher waren wie im letzten Jahr, habe ich mich sehr \u00fcber den Zuspruch gefreut. So mancher hat ein Geschenk f\u00fcr einen runden Geburtstag oder seinen Lieblingsschal gefunden. Einige Bestellungen sind eingegangen, die ich versende, sobald das St\u00fcck fertig ist.<\/p>\n<p>Im Herbst ist wieder viel Zeit, um am Webstuhl zu sitzen. Unter anderem laufen die Vorbereitungen f\u00fcr eine Weihnachtsausstellung, an der ich\u00a0 zusammen mit anderen Kunsthandwerkern in der Kunsthalle in \u00c5m\u00e5l teilnehmen werde. N\u00e4here Informationen dazu folgen.<\/p>\n<p>Ich w\u00fcnsche Ihnen noch sch\u00f6ne Herbsttage und lassen Sie gerne von sich h\u00f6ren, wenn Sie Gittas Verkstad besuchen oder etwas bei mir bestellen m\u00f6chten.<\/p>\n<p>&nbsp;<\/p>\n","protected":false},"excerpt":{"rendered":"<p>Die Sommersaison 2020 ist vor\u00fcber und ich danke allen, die Gittas Verkstad in diesem Sommer besucht haben. Auch wenn es nicht so viele Besucher waren wie im letzten Jahr, habe ich mich sehr \u00fcber den Zuspruch gefreut. So mancher hat <a class=\"more-link\" href=\"https:\/\/www.gittas-verkstad.com\/de\/aktuell\/die-sommersaison-2020-ist-vorueber\/\">weiterlesen&#8230;<\/a><\/p>\n","protected":false},"author":1,"featured_media":1822,"comment_status":"closed","ping_status":"closed","sticky":false,"template":"","format":"standard","meta":{"footnotes":""},"categories":[2],"tags":[313,289,8,52,108,273],"class_list":["post-1820","post","type-post","status-publish","format-standard","has-post-thumbnail","hentry","category-aktuell","tag-bestellung","tag-geschenk","tag-gittas-verkstad","tag-schal","tag-sommer","tag-sommersaison"],"yoast_head":"<!-- This site is optimized with the Yoast SEO plugin v27.5 - https:\/\/yoast.com\/product\/yoast-seo-wordpress\/ -->\n<title>Die Sommersaison 2020 ist vor\u00fcber und ich danke allen<\/title>\n<meta name=\"description\" content=\"Die Sommersaison 2020 ist vor\u00fcber und ich danke allen, die Gittas Verkstad in diesem Sommer besucht haben.\" \/>\n<meta name=\"robots\" content=\"index, follow, max-snippet:-1, max-image-preview:large, max-video-preview:-1\" \/>\n<link rel=\"canonical\" href=\"https:\/\/www.gittas-verkstad.com\/de\/aktuell\/die-sommersaison-2020-ist-vorueber\/\" \/>\n<meta property=\"og:locale\" content=\"de_DE\" \/>\n<meta property=\"og:type\" content=\"article\" \/>\n<meta property=\"og:title\" content=\"Die Sommersaison 2020 ist vor\u00fcber und ich danke allen\" \/>\n<meta property=\"og:description\" content=\"Die Sommersaison 2020 ist vor\u00fcber und ich danke allen, die Gittas Verkstad in diesem Sommer besucht haben.\" \/>\n<meta property=\"og:url\" content=\"https:\/\/www.gittas-verkstad.com\/de\/aktuell\/die-sommersaison-2020-ist-vorueber\/\" \/>\n<meta property=\"og:site_name\" content=\"Gittas verkstad Weben, Kunst, Design \/ de \/ Lennartsfors\" \/>\n<meta property=\"article:publisher\" content=\"https:\/\/www.facebook.com\/gittasverkstad\/\" \/>\n<meta property=\"article:published_time\" content=\"2020-09-17T16:31:22+00:00\" \/>\n<meta property=\"article:modified_time\" content=\"2020-10-23T15:30:49+00:00\" \/>\n<meta property=\"og:image\" content=\"https:\/\/www.gittas-verkstad.com\/de\/wp-content\/uploads\/sites\/8\/2020\/10\/Die-Sommersaison-2020-ist-vorueber-Gittas-Verkstad.jpg\" \/>\n\t<meta property=\"og:image:width\" content=\"1680\" \/>\n\t<meta property=\"og:image:height\" content=\"401\" \/>\n\t<meta property=\"og:image:type\" content=\"image\/jpeg\" \/>\n<meta name=\"author\" content=\"gitta\" \/>\n<meta name=\"twitter:card\" content=\"summary_large_image\" \/>\n<meta name=\"twitter:label1\" content=\"Verfasst von\" \/>\n\t<meta name=\"twitter:data1\" content=\"gitta\" \/>\n\t<meta name=\"twitter:label2\" content=\"Gesch\u00e4tzte Lesezeit\" \/>\n\t<meta name=\"twitter:data2\" content=\"1\u00a0Minute\" \/>\n<script type=\"application\/ld+json\" class=\"yoast-schema-graph\">{\"@context\":\"https:\\\/\\\/schema.org\",\"@graph\":[{\"@type\":\"Article\",\"@id\":\"https:\\\/\\\/www.gittas-verkstad.com\\\/de\\\/aktuell\\\/die-sommersaison-2020-ist-vorueber\\\/#article\",\"isPartOf\":{\"@id\":\"https:\\\/\\\/www.gittas-verkstad.com\\\/de\\\/aktuell\\\/die-sommersaison-2020-ist-vorueber\\\/\"},\"author\":{\"name\":\"gitta\",\"@id\":\"https:\\\/\\\/www.gittas-verkstad.com\\\/de\\\/#\\\/schema\\\/person\\\/66efc41949b9b5d43667d40db8dfcc57\"},\"headline\":\"Die Sommersaison 2020 ist vor\u00fcber\",\"datePublished\":\"2020-09-17T16:31:22+00:00\",\"dateModified\":\"2020-10-23T15:30:49+00:00\",\"mainEntityOfPage\":{\"@id\":\"https:\\\/\\\/www.gittas-verkstad.com\\\/de\\\/aktuell\\\/die-sommersaison-2020-ist-vorueber\\\/\"},\"wordCount\":138,\"publisher\":{\"@id\":\"https:\\\/\\\/www.gittas-verkstad.com\\\/de\\\/#organization\"},\"image\":{\"@id\":\"https:\\\/\\\/www.gittas-verkstad.com\\\/de\\\/aktuell\\\/die-sommersaison-2020-ist-vorueber\\\/#primaryimage\"},\"thumbnailUrl\":\"https:\\\/\\\/www.gittas-verkstad.com\\\/de\\\/wp-content\\\/uploads\\\/sites\\\/8\\\/2020\\\/10\\\/Die-Sommersaison-2020-ist-vorueber-Gittas-Verkstad.jpg\",\"keywords\":[\"Bestellung\",\"Geschenk\",\"Gittas verkstad\",\"Schal\",\"Sommer\",\"Sommersaison\"],\"articleSection\":[\"Aktuell\"],\"inLanguage\":\"de\"},{\"@type\":\"WebPage\",\"@id\":\"https:\\\/\\\/www.gittas-verkstad.com\\\/de\\\/aktuell\\\/die-sommersaison-2020-ist-vorueber\\\/\",\"url\":\"https:\\\/\\\/www.gittas-verkstad.com\\\/de\\\/aktuell\\\/die-sommersaison-2020-ist-vorueber\\\/\",\"name\":\"Die Sommersaison 2020 ist vor\u00fcber und ich danke allen\",\"isPartOf\":{\"@id\":\"https:\\\/\\\/www.gittas-verkstad.com\\\/de\\\/#website\"},\"primaryImageOfPage\":{\"@id\":\"https:\\\/\\\/www.gittas-verkstad.com\\\/de\\\/aktuell\\\/die-sommersaison-2020-ist-vorueber\\\/#primaryimage\"},\"image\":{\"@id\":\"https:\\\/\\\/www.gittas-verkstad.com\\\/de\\\/aktuell\\\/die-sommersaison-2020-ist-vorueber\\\/#primaryimage\"},\"thumbnailUrl\":\"https:\\\/\\\/www.gittas-verkstad.com\\\/de\\\/wp-content\\\/uploads\\\/sites\\\/8\\\/2020\\\/10\\\/Die-Sommersaison-2020-ist-vorueber-Gittas-Verkstad.jpg\",\"datePublished\":\"2020-09-17T16:31:22+00:00\",\"dateModified\":\"2020-10-23T15:30:49+00:00\",\"description\":\"Die Sommersaison 2020 ist vor\u00fcber und ich danke allen, die Gittas Verkstad in diesem Sommer besucht haben.\",\"breadcrumb\":{\"@id\":\"https:\\\/\\\/www.gittas-verkstad.com\\\/de\\\/aktuell\\\/die-sommersaison-2020-ist-vorueber\\\/#breadcrumb\"},\"inLanguage\":\"de\",\"potentialAction\":[{\"@type\":\"ReadAction\",\"target\":[\"https:\\\/\\\/www.gittas-verkstad.com\\\/de\\\/aktuell\\\/die-sommersaison-2020-ist-vorueber\\\/\"]}]},{\"@type\":\"ImageObject\",\"inLanguage\":\"de\",\"@id\":\"https:\\\/\\\/www.gittas-verkstad.com\\\/de\\\/aktuell\\\/die-sommersaison-2020-ist-vorueber\\\/#primaryimage\",\"url\":\"https:\\\/\\\/www.gittas-verkstad.com\\\/de\\\/wp-content\\\/uploads\\\/sites\\\/8\\\/2020\\\/10\\\/Die-Sommersaison-2020-ist-vorueber-Gittas-Verkstad.jpg\",\"contentUrl\":\"https:\\\/\\\/www.gittas-verkstad.com\\\/de\\\/wp-content\\\/uploads\\\/sites\\\/8\\\/2020\\\/10\\\/Die-Sommersaison-2020-ist-vorueber-Gittas-Verkstad.jpg\",\"width\":1680,\"height\":401,\"caption\":\"Die-Sommersaison-2020-ist-vorueber-Gittas-Verkstad\"},{\"@type\":\"BreadcrumbList\",\"@id\":\"https:\\\/\\\/www.gittas-verkstad.com\\\/de\\\/aktuell\\\/die-sommersaison-2020-ist-vorueber\\\/#breadcrumb\",\"itemListElement\":[{\"@type\":\"ListItem\",\"position\":1,\"name\":\"Startseite\",\"item\":\"https:\\\/\\\/www.gittas-verkstad.com\\\/de\\\/\"},{\"@type\":\"ListItem\",\"position\":2,\"name\":\"Die Sommersaison 2020 ist vor\u00fcber\"}]},{\"@type\":\"WebSite\",\"@id\":\"https:\\\/\\\/www.gittas-verkstad.com\\\/de\\\/#website\",\"url\":\"https:\\\/\\\/www.gittas-verkstad.com\\\/de\\\/\",\"name\":\"Gittas verkstad\",\"description\":\"Gitta betreibt in Lennartsfors eine Werkstatt f\u00fcr Weben, Kunst und Design. Ihre Produkte verkauft sie in ihrer Gallerie auf Gjut\u00e5s am Dalslands Kanal.\",\"publisher\":{\"@id\":\"https:\\\/\\\/www.gittas-verkstad.com\\\/de\\\/#organization\"},\"potentialAction\":[{\"@type\":\"SearchAction\",\"target\":{\"@type\":\"EntryPoint\",\"urlTemplate\":\"https:\\\/\\\/www.gittas-verkstad.com\\\/de\\\/?s={search_term_string}\"},\"query-input\":{\"@type\":\"PropertyValueSpecification\",\"valueRequired\":true,\"valueName\":\"search_term_string\"}}],\"inLanguage\":\"de\"},{\"@type\":\"Organization\",\"@id\":\"https:\\\/\\\/www.gittas-verkstad.com\\\/de\\\/#organization\",\"name\":\"Gittas verkstad\",\"url\":\"https:\\\/\\\/www.gittas-verkstad.com\\\/de\\\/\",\"logo\":{\"@type\":\"ImageObject\",\"inLanguage\":\"de\",\"@id\":\"https:\\\/\\\/www.gittas-verkstad.com\\\/de\\\/#\\\/schema\\\/logo\\\/image\\\/\",\"url\":\"https:\\\/\\\/www.gittas-verkstad.com\\\/de\\\/wp-content\\\/uploads\\\/sites\\\/8\\\/2018\\\/04\\\/Gittas-verkstad-logo.jpg\",\"contentUrl\":\"https:\\\/\\\/www.gittas-verkstad.com\\\/de\\\/wp-content\\\/uploads\\\/sites\\\/8\\\/2018\\\/04\\\/Gittas-verkstad-logo.jpg\",\"width\":617,\"height\":146,\"caption\":\"Gittas verkstad\"},\"image\":{\"@id\":\"https:\\\/\\\/www.gittas-verkstad.com\\\/de\\\/#\\\/schema\\\/logo\\\/image\\\/\"},\"sameAs\":[\"https:\\\/\\\/www.facebook.com\\\/gittasverkstad\\\/\"]},{\"@type\":\"Person\",\"@id\":\"https:\\\/\\\/www.gittas-verkstad.com\\\/de\\\/#\\\/schema\\\/person\\\/66efc41949b9b5d43667d40db8dfcc57\",\"name\":\"gitta\",\"url\":\"https:\\\/\\\/www.gittas-verkstad.com\\\/de\\\/author\\\/gitta\\\/\"}]}<\/script>\n<!-- \/ Yoast SEO plugin. -->","yoast_head_json":{"title":"Die Sommersaison 2020 ist vor\u00fcber und ich danke allen","description":"Die Sommersaison 2020 ist vor\u00fcber und ich danke allen, die Gittas Verkstad in diesem Sommer besucht haben.","robots":{"index":"index","follow":"follow","max-snippet":"max-snippet:-1","max-image-preview":"max-image-preview:large","max-video-preview":"max-video-preview:-1"},"canonical":"https:\/\/www.gittas-verkstad.com\/de\/aktuell\/die-sommersaison-2020-ist-vorueber\/","og_locale":"de_DE","og_type":"article","og_title":"Die Sommersaison 2020 ist vor\u00fcber und ich danke allen","og_description":"Die Sommersaison 2020 ist vor\u00fcber und ich danke allen, die Gittas Verkstad in diesem Sommer besucht haben.","og_url":"https:\/\/www.gittas-verkstad.com\/de\/aktuell\/die-sommersaison-2020-ist-vorueber\/","og_site_name":"Gittas verkstad Weben, Kunst, Design \/ de \/ Lennartsfors","article_publisher":"https:\/\/www.facebook.com\/gittasverkstad\/","article_published_time":"2020-09-17T16:31:22+00:00","article_modified_time":"2020-10-23T15:30:49+00:00","og_image":[{"width":1680,"height":401,"url":"https:\/\/www.gittas-verkstad.com\/de\/wp-content\/uploads\/sites\/8\/2020\/10\/Die-Sommersaison-2020-ist-vorueber-Gittas-Verkstad.jpg","type":"image\/jpeg"}],"author":"gitta","twitter_card":"summary_large_image","twitter_misc":{"Verfasst von":"gitta","Gesch\u00e4tzte Lesezeit":"1\u00a0Minute"},"schema":{"@context":"https:\/\/schema.org","@graph":[{"@type":"Article","@id":"https:\/\/www.gittas-verkstad.com\/de\/aktuell\/die-sommersaison-2020-ist-vorueber\/#article","isPartOf":{"@id":"https:\/\/www.gittas-verkstad.com\/de\/aktuell\/die-sommersaison-2020-ist-vorueber\/"},"author":{"name":"gitta","@id":"https:\/\/www.gittas-verkstad.com\/de\/#\/schema\/person\/66efc41949b9b5d43667d40db8dfcc57"},"headline":"Die Sommersaison 2020 ist vor\u00fcber","datePublished":"2020-09-17T16:31:22+00:00","dateModified":"2020-10-23T15:30:49+00:00","mainEntityOfPage":{"@id":"https:\/\/www.gittas-verkstad.com\/de\/aktuell\/die-sommersaison-2020-ist-vorueber\/"},"wordCount":138,"publisher":{"@id":"https:\/\/www.gittas-verkstad.com\/de\/#organization"},"image":{"@id":"https:\/\/www.gittas-verkstad.com\/de\/aktuell\/die-sommersaison-2020-ist-vorueber\/#primaryimage"},"thumbnailUrl":"https:\/\/www.gittas-verkstad.com\/de\/wp-content\/uploads\/sites\/8\/2020\/10\/Die-Sommersaison-2020-ist-vorueber-Gittas-Verkstad.jpg","keywords":["Bestellung","Geschenk","Gittas verkstad","Schal","Sommer","Sommersaison"],"articleSection":["Aktuell"],"inLanguage":"de"},{"@type":"WebPage","@id":"https:\/\/www.gittas-verkstad.com\/de\/aktuell\/die-sommersaison-2020-ist-vorueber\/","url":"https:\/\/www.gittas-verkstad.com\/de\/aktuell\/die-sommersaison-2020-ist-vorueber\/","name":"Die Sommersaison 2020 ist vor\u00fcber und ich danke allen","isPartOf":{"@id":"https:\/\/www.gittas-verkstad.com\/de\/#website"},"primaryImageOfPage":{"@id":"https:\/\/www.gittas-verkstad.com\/de\/aktuell\/die-sommersaison-2020-ist-vorueber\/#primaryimage"},"image":{"@id":"https:\/\/www.gittas-verkstad.com\/de\/aktuell\/die-sommersaison-2020-ist-vorueber\/#primaryimage"},"thumbnailUrl":"https:\/\/www.gittas-verkstad.com\/de\/wp-content\/uploads\/sites\/8\/2020\/10\/Die-Sommersaison-2020-ist-vorueber-Gittas-Verkstad.jpg","datePublished":"2020-09-17T16:31:22+00:00","dateModified":"2020-10-23T15:30:49+00:00","description":"Die Sommersaison 2020 ist vor\u00fcber und ich danke allen, die Gittas Verkstad in diesem Sommer besucht haben.","breadcrumb":{"@id":"https:\/\/www.gittas-verkstad.com\/de\/aktuell\/die-sommersaison-2020-ist-vorueber\/#breadcrumb"},"inLanguage":"de","potentialAction":[{"@type":"ReadAction","target":["https:\/\/www.gittas-verkstad.com\/de\/aktuell\/die-sommersaison-2020-ist-vorueber\/"]}]},{"@type":"ImageObject","inLanguage":"de","@id":"https:\/\/www.gittas-verkstad.com\/de\/aktuell\/die-sommersaison-2020-ist-vorueber\/#primaryimage","url":"https:\/\/www.gittas-verkstad.com\/de\/wp-content\/uploads\/sites\/8\/2020\/10\/Die-Sommersaison-2020-ist-vorueber-Gittas-Verkstad.jpg","contentUrl":"https:\/\/www.gittas-verkstad.com\/de\/wp-content\/uploads\/sites\/8\/2020\/10\/Die-Sommersaison-2020-ist-vorueber-Gittas-Verkstad.jpg","width":1680,"height":401,"caption":"Die-Sommersaison-2020-ist-vorueber-Gittas-Verkstad"},{"@type":"BreadcrumbList","@id":"https:\/\/www.gittas-verkstad.com\/de\/aktuell\/die-sommersaison-2020-ist-vorueber\/#breadcrumb","itemListElement":[{"@type":"ListItem","position":1,"name":"Startseite","item":"https:\/\/www.gittas-verkstad.com\/de\/"},{"@type":"ListItem","position":2,"name":"Die Sommersaison 2020 ist vor\u00fcber"}]},{"@type":"WebSite","@id":"https:\/\/www.gittas-verkstad.com\/de\/#website","url":"https:\/\/www.gittas-verkstad.com\/de\/","name":"Gittas verkstad","description":"Gitta betreibt in Lennartsfors eine Werkstatt f\u00fcr Weben, Kunst und Design. Ihre Produkte verkauft sie in ihrer Gallerie auf Gjut\u00e5s am Dalslands Kanal.","publisher":{"@id":"https:\/\/www.gittas-verkstad.com\/de\/#organization"},"potentialAction":[{"@type":"SearchAction","target":{"@type":"EntryPoint","urlTemplate":"https:\/\/www.gittas-verkstad.com\/de\/?s={search_term_string}"},"query-input":{"@type":"PropertyValueSpecification","valueRequired":true,"valueName":"search_term_string"}}],"inLanguage":"de"},{"@type":"Organization","@id":"https:\/\/www.gittas-verkstad.com\/de\/#organization","name":"Gittas verkstad","url":"https:\/\/www.gittas-verkstad.com\/de\/","logo":{"@type":"ImageObject","inLanguage":"de","@id":"https:\/\/www.gittas-verkstad.com\/de\/#\/schema\/logo\/image\/","url":"https:\/\/www.gittas-verkstad.com\/de\/wp-content\/uploads\/sites\/8\/2018\/04\/Gittas-verkstad-logo.jpg","contentUrl":"https:\/\/www.gittas-verkstad.com\/de\/wp-content\/uploads\/sites\/8\/2018\/04\/Gittas-verkstad-logo.jpg","width":617,"height":146,"caption":"Gittas verkstad"},"image":{"@id":"https:\/\/www.gittas-verkstad.com\/de\/#\/schema\/logo\/image\/"},"sameAs":["https:\/\/www.facebook.com\/gittasverkstad\/"]},{"@type":"Person","@id":"https:\/\/www.gittas-verkstad.com\/de\/#\/schema\/person\/66efc41949b9b5d43667d40db8dfcc57","name":"gitta","url":"https:\/\/www.gittas-verkstad.com\/de\/author\/gitta\/"}]}},"_links":{"self":[{"href":"https:\/\/www.gittas-verkstad.com\/de\/wp-json\/wp\/v2\/posts\/1820","targetHints":{"allow":["GET"]}}],"collection":[{"href":"https:\/\/www.gittas-verkstad.com\/de\/wp-json\/wp\/v2\/posts"}],"about":[{"href":"https:\/\/www.gittas-verkstad.com\/de\/wp-json\/wp\/v2\/types\/post"}],"author":[{"embeddable":true,"href":"https:\/\/www.gittas-verkstad.com\/de\/wp-json\/wp\/v2\/users\/1"}],"replies":[{"embeddable":true,"href":"https:\/\/www.gittas-verkstad.com\/de\/wp-json\/wp\/v2\/comments?post=1820"}],"version-history":[{"count":3,"href":"https:\/\/www.gittas-verkstad.com\/de\/wp-json\/wp\/v2\/posts\/1820\/revisions"}],"predecessor-version":[{"id":1825,"href":"https:\/\/www.gittas-verkstad.com\/de\/wp-json\/wp\/v2\/posts\/1820\/revisions\/1825"}],"wp:featuredmedia":[{"embeddable":true,"href":"https:\/\/www.gittas-verkstad.com\/de\/wp-json\/wp\/v2\/media\/1822"}],"wp:attachment":[{"href":"https:\/\/www.gittas-verkstad.com\/de\/wp-json\/wp\/v2\/media?parent=1820"}],"wp:term":[{"taxonomy":"category","embeddable":true,"href":"https:\/\/www.gittas-verkstad.com\/de\/wp-json\/wp\/v2\/categories?post=1820"},{"taxonomy":"post_tag","embeddable":true,"href":"https:\/\/www.gittas-verkstad.com\/de\/wp-json\/wp\/v2\/tags?post=1820"}],"curies":[{"name":"wp","href":"https:\/\/api.w.org\/{rel}","templated":true}]}}