{"id":1741,"date":"2020-07-05T21:22:38","date_gmt":"2020-07-05T19:22:38","guid":{"rendered":"http:\/\/www.gittas-verkstad.com\/de\/?p=1741"},"modified":"2020-09-03T17:32:55","modified_gmt":"2020-09-03T15:32:55","slug":"ein-blick-in-die-sommerausstellung-von-gittas-verkstad-2020","status":"publish","type":"post","link":"https:\/\/www.gittas-verkstad.com\/de\/aktuell\/ein-blick-in-die-sommerausstellung-von-gittas-verkstad-2020\/","title":{"rendered":"Gittas Verkstads Sommerausstellung 2020"},"content":{"rendered":"<p>Werfen Sie gerne einen Blick in die Sommerausstellung von Gittas Verkstatt. Der kleine Videofilm erm\u00f6glicht Ihnen dieses.<\/p>\n<h1>Sommerausstellung 2020<\/h1>\n<p>Meine Sommerausstellung 2020 hat verschiedene Farb-und Themenbereiche. Ein Bereich ist die Farbe Orange, die ich neu f\u00fcr mich entdeckt habe. Ein weiterer Bereich ist die Farbe Blau, die f\u00fcr mich\u00a0 zu den wichtigen Farben des Nordens geh\u00f6rt.<\/p>\n<p>Als Motiv f\u00fcr meine Bilder spielen dieses Jahr Birken eine gro\u00dfe Rolle. Die schwarz-wei\u00dfe Zeichnung der St\u00e4mme und die besondere Form der Baumkrone sprechen mich sehr an.<\/p>\n<p>Die Gestaltungen in schwarz-wei\u00df ziehen sich weiter bei meiner Textilinstallation. Ein lockeres wei\u00dfes Gewebe, das ich mit Messingdraht hergestellt habe, h\u00e4ngt vor schwarzem, gealtertem Holz. Dazu das Bild der jungen Frau, die auf eine Messingform und ein Herz blickt.<\/p>\n<p>Und so finden sich auch Herzen immer wieder in meinen Gestaltungen. Sogar die schwarzen und wei\u00dfen Holzelche aus Gittas Verkstad tragen ja ein rotes Herz um den Hals.<\/p>\n<h1>Besuchen Sie gerne Gittas Verkstads Sommerausstellung<\/h1>\n<p>Ich hoffe, dieser kleine Einblick macht ihnen Freude. Kommen Sie gerne in Gittas Verkstad, um sich meine Sommerausstellung pers\u00f6nlich anzusehen.<\/p>\n<p><a href=\"http:\/\/iframe%20width=560%20height=315%20src=https:\/\/www.youtube-nocookie.com\/embed\/iCDqccL05VA?controls=0%20frameborder=0%20allow=accelerometer;%20autoplay;%20encrypted-media;%20gyroscope;%20picture-in-picture%20allowfullscreen\/iframe\">http:\/\/<iframe loading=\"lazy\" src=\"https:\/\/www.youtube-nocookie.com\/embed\/iCDqccL05VA?controls=0\" width=\"560\" height=\"315\" frameborder=\"0\" allowfullscreen=\"allowfullscreen\"><\/iframe><\/a><\/p>\n<p>&nbsp;<\/p>\n<p>&nbsp;<\/p>\n","protected":false},"excerpt":{"rendered":"<p>Werfen Sie gerne einen Blick in die Sommerausstellung von Gittas Verkstatt. Der kleine Videofilm erm\u00f6glicht Ihnen dieses. Sommerausstellung 2020 Meine Sommerausstellung 2020 hat verschiedene Farb-und Themenbereiche. Ein Bereich ist die Farbe Orange, die ich neu f\u00fcr mich entdeckt habe. Ein <a class=\"more-link\" href=\"https:\/\/www.gittas-verkstad.com\/de\/aktuell\/ein-blick-in-die-sommerausstellung-von-gittas-verkstad-2020\/\">weiterlesen&#8230;<\/a><\/p>\n","protected":false},"author":1,"featured_media":1743,"comment_status":"closed","ping_status":"closed","sticky":false,"template":"","format":"standard","meta":{"footnotes":""},"categories":[2],"tags":[8,311,312],"class_list":["post-1741","post","type-post","status-publish","format-standard","has-post-thumbnail","hentry","category-aktuell","tag-gittas-verkstad","tag-sommerausstellung","tag-sommerausstellung-2020"],"yoast_head":"<!-- This site is optimized with the Yoast SEO plugin v27.5 - https:\/\/yoast.com\/product\/yoast-seo-wordpress\/ -->\n<title>Ein Blick in die Sommerausstellung von Gittas Verkstad 2020<\/title>\n<meta name=\"description\" content=\"Ein Blick in die Sommerausstellung von Gittas Verkstad 2020. Werfen Sie gerne einen Blick in die Sommerausstellung von Gittas Verkstatt.\" \/>\n<meta name=\"robots\" content=\"index, follow, max-snippet:-1, max-image-preview:large, max-video-preview:-1\" \/>\n<link rel=\"canonical\" href=\"https:\/\/www.gittas-verkstad.com\/de\/aktuell\/ein-blick-in-die-sommerausstellung-von-gittas-verkstad-2020\/\" \/>\n<meta property=\"og:locale\" content=\"de_DE\" \/>\n<meta property=\"og:type\" content=\"article\" \/>\n<meta property=\"og:title\" content=\"Ein Blick in die Sommerausstellung von Gittas Verkstad 2020\" \/>\n<meta property=\"og:description\" content=\"Ein Blick in die Sommerausstellung von Gittas Verkstad 2020. Werfen Sie gerne einen Blick in die Sommerausstellung von Gittas Verkstatt.\" \/>\n<meta property=\"og:url\" content=\"https:\/\/www.gittas-verkstad.com\/de\/aktuell\/ein-blick-in-die-sommerausstellung-von-gittas-verkstad-2020\/\" \/>\n<meta property=\"og:site_name\" content=\"Gittas verkstad Weben, Kunst, Design \/ de \/ Lennartsfors\" \/>\n<meta property=\"article:publisher\" content=\"https:\/\/www.facebook.com\/gittasverkstad\/\" \/>\n<meta property=\"article:published_time\" content=\"2020-07-05T19:22:38+00:00\" \/>\n<meta property=\"article:modified_time\" content=\"2020-09-03T15:32:55+00:00\" \/>\n<meta property=\"og:image\" content=\"https:\/\/www.gittas-verkstad.com\/de\/wp-content\/uploads\/sites\/8\/2020\/07\/sommer-ausstellung-2020-gittas-verkstad.jpg\" \/>\n\t<meta property=\"og:image:width\" content=\"1673\" \/>\n\t<meta property=\"og:image:height\" content=\"400\" \/>\n\t<meta property=\"og:image:type\" content=\"image\/jpeg\" \/>\n<meta name=\"author\" content=\"gitta\" \/>\n<meta name=\"twitter:card\" content=\"summary_large_image\" \/>\n<meta name=\"twitter:label1\" content=\"Verfasst von\" \/>\n\t<meta name=\"twitter:data1\" content=\"gitta\" \/>\n\t<meta name=\"twitter:label2\" content=\"Gesch\u00e4tzte Lesezeit\" \/>\n\t<meta name=\"twitter:data2\" content=\"1\u00a0Minute\" \/>\n<script type=\"application\/ld+json\" class=\"yoast-schema-graph\">{\"@context\":\"https:\\\/\\\/schema.org\",\"@graph\":[{\"@type\":\"Article\",\"@id\":\"https:\\\/\\\/www.gittas-verkstad.com\\\/de\\\/aktuell\\\/ein-blick-in-die-sommerausstellung-von-gittas-verkstad-2020\\\/#article\",\"isPartOf\":{\"@id\":\"https:\\\/\\\/www.gittas-verkstad.com\\\/de\\\/aktuell\\\/ein-blick-in-die-sommerausstellung-von-gittas-verkstad-2020\\\/\"},\"author\":{\"name\":\"gitta\",\"@id\":\"https:\\\/\\\/www.gittas-verkstad.com\\\/de\\\/#\\\/schema\\\/person\\\/66efc41949b9b5d43667d40db8dfcc57\"},\"headline\":\"Gittas Verkstads Sommerausstellung 2020\",\"datePublished\":\"2020-07-05T19:22:38+00:00\",\"dateModified\":\"2020-09-03T15:32:55+00:00\",\"mainEntityOfPage\":{\"@id\":\"https:\\\/\\\/www.gittas-verkstad.com\\\/de\\\/aktuell\\\/ein-blick-in-die-sommerausstellung-von-gittas-verkstad-2020\\\/\"},\"wordCount\":192,\"publisher\":{\"@id\":\"https:\\\/\\\/www.gittas-verkstad.com\\\/de\\\/#organization\"},\"image\":{\"@id\":\"https:\\\/\\\/www.gittas-verkstad.com\\\/de\\\/aktuell\\\/ein-blick-in-die-sommerausstellung-von-gittas-verkstad-2020\\\/#primaryimage\"},\"thumbnailUrl\":\"https:\\\/\\\/www.gittas-verkstad.com\\\/de\\\/wp-content\\\/uploads\\\/sites\\\/8\\\/2020\\\/07\\\/sommer-ausstellung-2020-gittas-verkstad.jpg\",\"keywords\":[\"Gittas verkstad\",\"Sommerausstellung\",\"Sommerausstellung 2020\"],\"articleSection\":[\"Aktuell\"],\"inLanguage\":\"de\"},{\"@type\":\"WebPage\",\"@id\":\"https:\\\/\\\/www.gittas-verkstad.com\\\/de\\\/aktuell\\\/ein-blick-in-die-sommerausstellung-von-gittas-verkstad-2020\\\/\",\"url\":\"https:\\\/\\\/www.gittas-verkstad.com\\\/de\\\/aktuell\\\/ein-blick-in-die-sommerausstellung-von-gittas-verkstad-2020\\\/\",\"name\":\"Ein Blick in die Sommerausstellung von Gittas Verkstad 2020\",\"isPartOf\":{\"@id\":\"https:\\\/\\\/www.gittas-verkstad.com\\\/de\\\/#website\"},\"primaryImageOfPage\":{\"@id\":\"https:\\\/\\\/www.gittas-verkstad.com\\\/de\\\/aktuell\\\/ein-blick-in-die-sommerausstellung-von-gittas-verkstad-2020\\\/#primaryimage\"},\"image\":{\"@id\":\"https:\\\/\\\/www.gittas-verkstad.com\\\/de\\\/aktuell\\\/ein-blick-in-die-sommerausstellung-von-gittas-verkstad-2020\\\/#primaryimage\"},\"thumbnailUrl\":\"https:\\\/\\\/www.gittas-verkstad.com\\\/de\\\/wp-content\\\/uploads\\\/sites\\\/8\\\/2020\\\/07\\\/sommer-ausstellung-2020-gittas-verkstad.jpg\",\"datePublished\":\"2020-07-05T19:22:38+00:00\",\"dateModified\":\"2020-09-03T15:32:55+00:00\",\"description\":\"Ein Blick in die Sommerausstellung von Gittas Verkstad 2020. Werfen Sie gerne einen Blick in die Sommerausstellung von Gittas Verkstatt.\",\"breadcrumb\":{\"@id\":\"https:\\\/\\\/www.gittas-verkstad.com\\\/de\\\/aktuell\\\/ein-blick-in-die-sommerausstellung-von-gittas-verkstad-2020\\\/#breadcrumb\"},\"inLanguage\":\"de\",\"potentialAction\":[{\"@type\":\"ReadAction\",\"target\":[\"https:\\\/\\\/www.gittas-verkstad.com\\\/de\\\/aktuell\\\/ein-blick-in-die-sommerausstellung-von-gittas-verkstad-2020\\\/\"]}]},{\"@type\":\"ImageObject\",\"inLanguage\":\"de\",\"@id\":\"https:\\\/\\\/www.gittas-verkstad.com\\\/de\\\/aktuell\\\/ein-blick-in-die-sommerausstellung-von-gittas-verkstad-2020\\\/#primaryimage\",\"url\":\"https:\\\/\\\/www.gittas-verkstad.com\\\/de\\\/wp-content\\\/uploads\\\/sites\\\/8\\\/2020\\\/07\\\/sommer-ausstellung-2020-gittas-verkstad.jpg\",\"contentUrl\":\"https:\\\/\\\/www.gittas-verkstad.com\\\/de\\\/wp-content\\\/uploads\\\/sites\\\/8\\\/2020\\\/07\\\/sommer-ausstellung-2020-gittas-verkstad.jpg\",\"width\":1673,\"height\":400,\"caption\":\"sommer-ausstellung-2020-gittas-verkstad\"},{\"@type\":\"BreadcrumbList\",\"@id\":\"https:\\\/\\\/www.gittas-verkstad.com\\\/de\\\/aktuell\\\/ein-blick-in-die-sommerausstellung-von-gittas-verkstad-2020\\\/#breadcrumb\",\"itemListElement\":[{\"@type\":\"ListItem\",\"position\":1,\"name\":\"Startseite\",\"item\":\"https:\\\/\\\/www.gittas-verkstad.com\\\/de\\\/\"},{\"@type\":\"ListItem\",\"position\":2,\"name\":\"Gittas Verkstads Sommerausstellung 2020\"}]},{\"@type\":\"WebSite\",\"@id\":\"https:\\\/\\\/www.gittas-verkstad.com\\\/de\\\/#website\",\"url\":\"https:\\\/\\\/www.gittas-verkstad.com\\\/de\\\/\",\"name\":\"Gittas verkstad\",\"description\":\"Gitta betreibt in Lennartsfors eine Werkstatt f\u00fcr Weben, Kunst und Design. Ihre Produkte verkauft sie in ihrer Gallerie auf Gjut\u00e5s am Dalslands Kanal.\",\"publisher\":{\"@id\":\"https:\\\/\\\/www.gittas-verkstad.com\\\/de\\\/#organization\"},\"potentialAction\":[{\"@type\":\"SearchAction\",\"target\":{\"@type\":\"EntryPoint\",\"urlTemplate\":\"https:\\\/\\\/www.gittas-verkstad.com\\\/de\\\/?s={search_term_string}\"},\"query-input\":{\"@type\":\"PropertyValueSpecification\",\"valueRequired\":true,\"valueName\":\"search_term_string\"}}],\"inLanguage\":\"de\"},{\"@type\":\"Organization\",\"@id\":\"https:\\\/\\\/www.gittas-verkstad.com\\\/de\\\/#organization\",\"name\":\"Gittas verkstad\",\"url\":\"https:\\\/\\\/www.gittas-verkstad.com\\\/de\\\/\",\"logo\":{\"@type\":\"ImageObject\",\"inLanguage\":\"de\",\"@id\":\"https:\\\/\\\/www.gittas-verkstad.com\\\/de\\\/#\\\/schema\\\/logo\\\/image\\\/\",\"url\":\"https:\\\/\\\/www.gittas-verkstad.com\\\/de\\\/wp-content\\\/uploads\\\/sites\\\/8\\\/2018\\\/04\\\/Gittas-verkstad-logo.jpg\",\"contentUrl\":\"https:\\\/\\\/www.gittas-verkstad.com\\\/de\\\/wp-content\\\/uploads\\\/sites\\\/8\\\/2018\\\/04\\\/Gittas-verkstad-logo.jpg\",\"width\":617,\"height\":146,\"caption\":\"Gittas verkstad\"},\"image\":{\"@id\":\"https:\\\/\\\/www.gittas-verkstad.com\\\/de\\\/#\\\/schema\\\/logo\\\/image\\\/\"},\"sameAs\":[\"https:\\\/\\\/www.facebook.com\\\/gittasverkstad\\\/\"]},{\"@type\":\"Person\",\"@id\":\"https:\\\/\\\/www.gittas-verkstad.com\\\/de\\\/#\\\/schema\\\/person\\\/66efc41949b9b5d43667d40db8dfcc57\",\"name\":\"gitta\",\"url\":\"https:\\\/\\\/www.gittas-verkstad.com\\\/de\\\/author\\\/gitta\\\/\"}]}<\/script>\n<!-- \/ Yoast SEO plugin. -->","yoast_head_json":{"title":"Ein Blick in die Sommerausstellung von Gittas Verkstad 2020","description":"Ein Blick in die Sommerausstellung von Gittas Verkstad 2020. Werfen Sie gerne einen Blick in die Sommerausstellung von Gittas Verkstatt.","robots":{"index":"index","follow":"follow","max-snippet":"max-snippet:-1","max-image-preview":"max-image-preview:large","max-video-preview":"max-video-preview:-1"},"canonical":"https:\/\/www.gittas-verkstad.com\/de\/aktuell\/ein-blick-in-die-sommerausstellung-von-gittas-verkstad-2020\/","og_locale":"de_DE","og_type":"article","og_title":"Ein Blick in die Sommerausstellung von Gittas Verkstad 2020","og_description":"Ein Blick in die Sommerausstellung von Gittas Verkstad 2020. Werfen Sie gerne einen Blick in die Sommerausstellung von Gittas Verkstatt.","og_url":"https:\/\/www.gittas-verkstad.com\/de\/aktuell\/ein-blick-in-die-sommerausstellung-von-gittas-verkstad-2020\/","og_site_name":"Gittas verkstad Weben, Kunst, Design \/ de \/ Lennartsfors","article_publisher":"https:\/\/www.facebook.com\/gittasverkstad\/","article_published_time":"2020-07-05T19:22:38+00:00","article_modified_time":"2020-09-03T15:32:55+00:00","og_image":[{"width":1673,"height":400,"url":"https:\/\/www.gittas-verkstad.com\/de\/wp-content\/uploads\/sites\/8\/2020\/07\/sommer-ausstellung-2020-gittas-verkstad.jpg","type":"image\/jpeg"}],"author":"gitta","twitter_card":"summary_large_image","twitter_misc":{"Verfasst von":"gitta","Gesch\u00e4tzte Lesezeit":"1\u00a0Minute"},"schema":{"@context":"https:\/\/schema.org","@graph":[{"@type":"Article","@id":"https:\/\/www.gittas-verkstad.com\/de\/aktuell\/ein-blick-in-die-sommerausstellung-von-gittas-verkstad-2020\/#article","isPartOf":{"@id":"https:\/\/www.gittas-verkstad.com\/de\/aktuell\/ein-blick-in-die-sommerausstellung-von-gittas-verkstad-2020\/"},"author":{"name":"gitta","@id":"https:\/\/www.gittas-verkstad.com\/de\/#\/schema\/person\/66efc41949b9b5d43667d40db8dfcc57"},"headline":"Gittas Verkstads Sommerausstellung 2020","datePublished":"2020-07-05T19:22:38+00:00","dateModified":"2020-09-03T15:32:55+00:00","mainEntityOfPage":{"@id":"https:\/\/www.gittas-verkstad.com\/de\/aktuell\/ein-blick-in-die-sommerausstellung-von-gittas-verkstad-2020\/"},"wordCount":192,"publisher":{"@id":"https:\/\/www.gittas-verkstad.com\/de\/#organization"},"image":{"@id":"https:\/\/www.gittas-verkstad.com\/de\/aktuell\/ein-blick-in-die-sommerausstellung-von-gittas-verkstad-2020\/#primaryimage"},"thumbnailUrl":"https:\/\/www.gittas-verkstad.com\/de\/wp-content\/uploads\/sites\/8\/2020\/07\/sommer-ausstellung-2020-gittas-verkstad.jpg","keywords":["Gittas verkstad","Sommerausstellung","Sommerausstellung 2020"],"articleSection":["Aktuell"],"inLanguage":"de"},{"@type":"WebPage","@id":"https:\/\/www.gittas-verkstad.com\/de\/aktuell\/ein-blick-in-die-sommerausstellung-von-gittas-verkstad-2020\/","url":"https:\/\/www.gittas-verkstad.com\/de\/aktuell\/ein-blick-in-die-sommerausstellung-von-gittas-verkstad-2020\/","name":"Ein Blick in die Sommerausstellung von Gittas Verkstad 2020","isPartOf":{"@id":"https:\/\/www.gittas-verkstad.com\/de\/#website"},"primaryImageOfPage":{"@id":"https:\/\/www.gittas-verkstad.com\/de\/aktuell\/ein-blick-in-die-sommerausstellung-von-gittas-verkstad-2020\/#primaryimage"},"image":{"@id":"https:\/\/www.gittas-verkstad.com\/de\/aktuell\/ein-blick-in-die-sommerausstellung-von-gittas-verkstad-2020\/#primaryimage"},"thumbnailUrl":"https:\/\/www.gittas-verkstad.com\/de\/wp-content\/uploads\/sites\/8\/2020\/07\/sommer-ausstellung-2020-gittas-verkstad.jpg","datePublished":"2020-07-05T19:22:38+00:00","dateModified":"2020-09-03T15:32:55+00:00","description":"Ein Blick in die Sommerausstellung von Gittas Verkstad 2020. Werfen Sie gerne einen Blick in die Sommerausstellung von Gittas Verkstatt.","breadcrumb":{"@id":"https:\/\/www.gittas-verkstad.com\/de\/aktuell\/ein-blick-in-die-sommerausstellung-von-gittas-verkstad-2020\/#breadcrumb"},"inLanguage":"de","potentialAction":[{"@type":"ReadAction","target":["https:\/\/www.gittas-verkstad.com\/de\/aktuell\/ein-blick-in-die-sommerausstellung-von-gittas-verkstad-2020\/"]}]},{"@type":"ImageObject","inLanguage":"de","@id":"https:\/\/www.gittas-verkstad.com\/de\/aktuell\/ein-blick-in-die-sommerausstellung-von-gittas-verkstad-2020\/#primaryimage","url":"https:\/\/www.gittas-verkstad.com\/de\/wp-content\/uploads\/sites\/8\/2020\/07\/sommer-ausstellung-2020-gittas-verkstad.jpg","contentUrl":"https:\/\/www.gittas-verkstad.com\/de\/wp-content\/uploads\/sites\/8\/2020\/07\/sommer-ausstellung-2020-gittas-verkstad.jpg","width":1673,"height":400,"caption":"sommer-ausstellung-2020-gittas-verkstad"},{"@type":"BreadcrumbList","@id":"https:\/\/www.gittas-verkstad.com\/de\/aktuell\/ein-blick-in-die-sommerausstellung-von-gittas-verkstad-2020\/#breadcrumb","itemListElement":[{"@type":"ListItem","position":1,"name":"Startseite","item":"https:\/\/www.gittas-verkstad.com\/de\/"},{"@type":"ListItem","position":2,"name":"Gittas Verkstads Sommerausstellung 2020"}]},{"@type":"WebSite","@id":"https:\/\/www.gittas-verkstad.com\/de\/#website","url":"https:\/\/www.gittas-verkstad.com\/de\/","name":"Gittas verkstad","description":"Gitta betreibt in Lennartsfors eine Werkstatt f\u00fcr Weben, Kunst und Design. Ihre Produkte verkauft sie in ihrer Gallerie auf Gjut\u00e5s am Dalslands Kanal.","publisher":{"@id":"https:\/\/www.gittas-verkstad.com\/de\/#organization"},"potentialAction":[{"@type":"SearchAction","target":{"@type":"EntryPoint","urlTemplate":"https:\/\/www.gittas-verkstad.com\/de\/?s={search_term_string}"},"query-input":{"@type":"PropertyValueSpecification","valueRequired":true,"valueName":"search_term_string"}}],"inLanguage":"de"},{"@type":"Organization","@id":"https:\/\/www.gittas-verkstad.com\/de\/#organization","name":"Gittas verkstad","url":"https:\/\/www.gittas-verkstad.com\/de\/","logo":{"@type":"ImageObject","inLanguage":"de","@id":"https:\/\/www.gittas-verkstad.com\/de\/#\/schema\/logo\/image\/","url":"https:\/\/www.gittas-verkstad.com\/de\/wp-content\/uploads\/sites\/8\/2018\/04\/Gittas-verkstad-logo.jpg","contentUrl":"https:\/\/www.gittas-verkstad.com\/de\/wp-content\/uploads\/sites\/8\/2018\/04\/Gittas-verkstad-logo.jpg","width":617,"height":146,"caption":"Gittas verkstad"},"image":{"@id":"https:\/\/www.gittas-verkstad.com\/de\/#\/schema\/logo\/image\/"},"sameAs":["https:\/\/www.facebook.com\/gittasverkstad\/"]},{"@type":"Person","@id":"https:\/\/www.gittas-verkstad.com\/de\/#\/schema\/person\/66efc41949b9b5d43667d40db8dfcc57","name":"gitta","url":"https:\/\/www.gittas-verkstad.com\/de\/author\/gitta\/"}]}},"_links":{"self":[{"href":"https:\/\/www.gittas-verkstad.com\/de\/wp-json\/wp\/v2\/posts\/1741","targetHints":{"allow":["GET"]}}],"collection":[{"href":"https:\/\/www.gittas-verkstad.com\/de\/wp-json\/wp\/v2\/posts"}],"about":[{"href":"https:\/\/www.gittas-verkstad.com\/de\/wp-json\/wp\/v2\/types\/post"}],"author":[{"embeddable":true,"href":"https:\/\/www.gittas-verkstad.com\/de\/wp-json\/wp\/v2\/users\/1"}],"replies":[{"embeddable":true,"href":"https:\/\/www.gittas-verkstad.com\/de\/wp-json\/wp\/v2\/comments?post=1741"}],"version-history":[{"count":5,"href":"https:\/\/www.gittas-verkstad.com\/de\/wp-json\/wp\/v2\/posts\/1741\/revisions"}],"predecessor-version":[{"id":1813,"href":"https:\/\/www.gittas-verkstad.com\/de\/wp-json\/wp\/v2\/posts\/1741\/revisions\/1813"}],"wp:featuredmedia":[{"embeddable":true,"href":"https:\/\/www.gittas-verkstad.com\/de\/wp-json\/wp\/v2\/media\/1743"}],"wp:attachment":[{"href":"https:\/\/www.gittas-verkstad.com\/de\/wp-json\/wp\/v2\/media?parent=1741"}],"wp:term":[{"taxonomy":"category","embeddable":true,"href":"https:\/\/www.gittas-verkstad.com\/de\/wp-json\/wp\/v2\/categories?post=1741"},{"taxonomy":"post_tag","embeddable":true,"href":"https:\/\/www.gittas-verkstad.com\/de\/wp-json\/wp\/v2\/tags?post=1741"}],"curies":[{"name":"wp","href":"https:\/\/api.w.org\/{rel}","templated":true}]}}