{"id":1384,"date":"2019-09-14T20:03:20","date_gmt":"2019-09-14T18:03:20","guid":{"rendered":"http:\/\/www.gittas-verkstad.com\/de\/?p=1384"},"modified":"2019-11-05T20:07:36","modified_gmt":"2019-11-05T19:07:36","slug":"ausstellung-der-gruppe-art-672-im-halmens-hus-in-bengtsfors","status":"publish","type":"post","link":"https:\/\/www.gittas-verkstad.com\/de\/aktuell\/ausstellung-der-gruppe-art-672-im-halmens-hus-in-bengtsfors\/","title":{"rendered":"Ausstellung der Gruppe ART 672 im Halmens Hus in Bengtsfors im Herbst 2019"},"content":{"rendered":"<p lang=\"de-DE\">Die Ausstellung der Gruppe ART 672 im Halmens Hus in Bengtsfors ist vom 14. September bis zum 26. Oktober 2019 ge\u00f6ffnet. Gittas verkstad stellt gemeinsam mit f\u00fcnf anderen K\u00fcnstlerinnen aus \u00c5rj\u00e4ngs Kommune aus. Daher auch der Name ART 672, n\u00e4mlich die Anfangsziffern der Postleitzahl von \u00c5rj\u00e4ngs Kommune.<\/p>\n<p lang=\"de-DE\">Mit dabei sind Kerstin Wikeberg-Skog mit ihren gen\u00e4hten textilen Bildern. Lena Hautoniemi zeigt Bilder mit farbenfrohen Blumen vor dunklem Hintergrund. Else-Marie Gustaffson pr\u00e4sentiert in ihren Bildern eine neue Technik, die Cyanotopi.\u00a0 Dieses ist eine alte fotografische Technik. Mit Hilfe von lichtempfindlichem Papier bringt man eine Fotografie ganz ohne Kamera hervor. Ylva L. Andersson und Gerd Wahlstr\u00f6m sind mit Keramik dabei. Und Gittas verkstad pr\u00e4sentiert sich mit einem blau-grauen Wandteppich, einem Nordlicht Schal, einer Textilinstallation und zwei Bildern.<\/p>\n<p lang=\"de-DE\">Wir freuen uns, in den sch\u00f6nen R\u00e4umlichkeiten des Halmens Hus ausstellen zu d\u00fcrfen.<\/p>\n<p lang=\"de-DE\"><style>\r\n\/*===== general options =========*\/\r\na {\r\n    box-shadow: none !important;\r\n}\r\n\r\n.view *:not(i), .album_categories *, .album_back_button *, #album_disabled_layer {\r\n    font-family: sans-serif, Arial, Verdana, Sylfaen !important;\r\n}\r\n\r\n#album_disabled_layer {\r\n    display: none;\r\n    position: absolute;\r\n    width: 100%;\r\n    height: 100%;\r\n    text-align: center;\r\n    background-color: transparent;\r\n    z-index: 10;\r\n    padding-top: 20px;\r\n    color: #fff;\r\n}\r\n\r\n#album_list_container {\r\n    position: relative;\r\n}\r\n\r\n\/* ====================== album onhover styles ==========================*\/\r\n\r\n#album_list .view {\r\n    -webkit-box-sizing: border-box;\r\n    -moz-box-sizing: border-box;\r\n    -o-box-sizing: border-box;\r\n    display: none;\r\n\r\n}\r\n\r\n.view .mask,\r\n.view .content {\r\n    width: 100%;\r\n    height: 100%;\r\n    position: absolute;\r\n    overflow: hidden;\r\n    top: 0;\r\n    left: 0;\r\n}\r\n\r\n.view h2 {\r\n    text-transform: uppercase;\r\n    color: #fff;\r\n    text-align: center;\r\n    position: relative;\r\n    font-size: 17px;\r\n    font-family: Raleway, serif;\r\n    padding: 10px;\r\n    \/*background: rgba(0, 0, 0, 0.8);*\/\r\n    margin: 20px 0 0 0;\r\n\r\n}\r\n\r\n.album_back_button a, .view a {\r\n    text-decoration: none !important;\r\n}\r\n\r\n.view p {\r\n    font-family: Merriweather, serif;\r\n    font-style: italic;\r\n    font-size: 14px;\r\n    position: relative;\r\n    color: #fff;\r\n    padding: 0px 20px 0px;\r\n    text-align: center;\r\n\r\n}\r\n\r\n.view a.info {\r\n    display: inline-block;\r\n    text-decoration: none;\r\n    font-size: 13px;\r\n    padding: 2px 14px;\r\n    margin-bottom: 3px;\r\n    background: #000;\r\n    color: #fff;\r\n    font-family: Raleway, serif;\r\n    text-transform: uppercase;\r\n    box-shadow: 0 0 1px #000\r\n}\r\n\r\n.mask-text h2 {\r\n    font-size: 20px !important;\r\n}\r\n\r\n.view a.info:hover {\r\n    box-shadow: 0 0 5px #000\r\n}\r\n\r\n.view .mask-bg {\r\n    height: 100%;\r\n}\r\n\r\n.view .album_social {\r\n    color: #fff;\r\n    position: absolute;\r\n    bottom: 3px;\r\n    left: 3px;\r\n    border: 1px solid #ffffff;\r\n    -webkit-border-radius: 3px;\r\n    -moz-border-radius: 3px;\r\n    border-radius: 3px;\r\n    padding: 3px 5px;\r\n\r\n}\r\n\r\n.view .album_social:active, .view .album_social:focus, .view .album_social:hover {\r\n    color: #ffffff;\r\n    outline: none;\r\n}\r\n\r\n\/*1*\/\r\n\r\n.view .info {\r\n    margin-top: 5px;\r\n}\r\n\r\n.view-first .mask {\r\n    opacity: 0;\r\n    background-color: rgba(0, 0, 0, 0.7);\r\n    transition: all 0.4s ease-in-out;\r\n\r\n}\r\n\r\n.view-first h2 {\r\n    transform: translateY(-100px);\r\n    opacity: 0;\r\n    font-family: Raleway, serif;\r\n    transition: all 0.2s ease-in-out;\r\n}\r\n\r\n.view-first p {\r\n    transform: translateY(100px);\r\n    opacity: 0;\r\n    transition: all 0.2s linear;\r\n}\r\n\r\n.view-first a.info {\r\n    opacity: 0;\r\n    transition: all 0.2s ease-in-out;\r\n}\r\n\r\n\/* *\/\r\n\r\n.view-first:hover img {\r\n    \/*transform: scale(1.1);*\/\r\n}\r\n\r\n.view-first:hover .mask {\r\n    opacity: 1;\r\n}\r\n\r\n.view-first:hover h2,\r\n.view-first:hover p,\r\n.view-first:hover a.info {\r\n    opacity: 1;\r\n    transform: translateY(0px);\r\n}\r\n\r\n.view-first:hover p {\r\n    transition-delay: 0.1s;\r\n}\r\n\r\n.view-first:hover a.info {\r\n    transition-delay: 0.2s;\r\n}\r\n\r\n\/*2*\/\r\n.view-second img {\r\n    -webkit-filter: grayscale(0) blur(0);\r\n    filter: grayscale(0) blur(0);\r\n    -webkit-transition: .3s ease-in-out;\r\n    transition: .3s ease-in-out;\r\n}\r\n\r\n.view-second .mask {\r\n    background-color: rgba(226, 200, 127, 0.2);\r\n    transition: all 0.5s linear;\r\n    opacity: 0;\r\n}\r\n\r\n.view-second h2 {\r\n    background: transparent;\r\n    margin: 20px 40px 0px 40px;\r\n    transform: scale(0);\r\n    color: #333;\r\n    transition: all 0.5s linear;\r\n    opacity: 0;\r\n}\r\n\r\n.view-second p {\r\n    opacity: 0;\r\n    transform: scale(0);\r\n    transition: all 0.5s linear;\r\n}\r\n\r\n.view-second a.info {\r\n    opacity: 0;\r\n    transform: scale(0);\r\n    transition: all 0.5s linear;\r\n}\r\n\r\n.view-second:hover img {\r\n    -webkit-filter: grayscale(100%) blur(3px);\r\n    filter: grayscale(100%) blur(3px);\r\n}\r\n\r\n.view-second:hover .mask {\r\n    opacity: 1;\r\n}\r\n\r\n.view-second:hover h2,\r\n.view-second:hover p,\r\n.view-second:hover a.info {\r\n    transform: scale(1);\r\n    opacity: 1;\r\n}\r\n\r\n.view-second img {\r\n    -webkit-filter: grayscale(0) blur(0);\r\n    filter: grayscale(0) blur(0);\r\n    -webkit-transition: .3s ease-in-out;\r\n    transition: .3s ease-in-out;\r\n}\r\n\r\n.view-second:hover img {\r\n    -webkit-filter: grayscale(100%) blur(3px);\r\n    filter: grayscale(100%) blur(3px);\r\n}\r\n\r\n\/*3*\/\r\n\r\n.view-third img {\r\n    transform: scaleY(1);\r\n    transition: all .7s ease-in-out;\r\n}\r\n\r\n.view-third a.info {\r\n    opacity: 0;\r\n    transform: scale(0);\r\n    transition: all 0.5s linear;\r\n}\r\n\r\n.view-third:hover img {\r\n    -webkit-transform: scale(10);\r\n    transform: scale(10);\r\n    opacity: 0;\r\n}\r\n\r\n.view-third:hover .mask {\r\n    opacity: 1;\r\n}\r\n\r\n.view-third:hover h2,\r\n.view-third:hover p,\r\n.view-third:hover a.info {\r\n    transform: scale(1);\r\n    opacity: 1;\r\n}\r\n\r\n\/* ==== view 4 ===*\/\r\n\r\n.view-forth-wrapper {\r\n    overflow: hidden;\r\n    position: relative !important;\r\n    height: 100%;\r\n    \/* cursor: pointer;*\/\r\n}\r\n\r\n.view-forth img {\r\n    max-width: 100%;\r\n    position: relative;\r\n    top: 0;\r\n    -webkit-transition: all 600ms cubic-bezier(0.645, 0.045, 0.355, 1);\r\n    transition: all 600ms cubic-bezier(0.645, 0.045, 0.355, 1);\r\n}\r\n\r\n.view-forth .mask {\r\n    position: absolute;\r\n    width: 100%;\r\n    \/*    height: 70px;*\/\r\n    \/*    bottom: -70px;*\/\r\n    height: 50%;\r\n    bottom: -50%;\r\n    -webkit-transition: all 300ms cubic-bezier(0.645, 0.045, 0.355, 1);\r\n    transition: all 300ms cubic-bezier(0.645, 0.045, 0.355, 1);\r\n    top: inherit;\r\n}\r\n\r\n.view-forth:hover .mask {\r\n    bottom: 0;\r\n}\r\n\r\n.view-forth:hover img {\r\n    top: -30px;\r\n}\r\n\r\n\/*==  view 5 ==*\/\r\n\r\n.view-fifth .view-fifth-wrapper,\r\n.view-fifth .view-fifth-wrapper img {\r\n    display: block;\r\n    position: relative;\r\n}\r\n\r\n.view-fifth .view-fifth-wrapper {\r\n    overflow: hidden;\r\n    height: 100%;\r\n}\r\n\r\n.view-fifth .view-fifth-wrapper .mask {\r\n    display: none;\r\n    position: absolute;\r\n    background: #333;\r\n    background: rgba(75, 75, 75, 0.7);\r\n    width: 100%;\r\n    height: 100%;\r\n}\r\n\r\n\/* ====================== album category styles ==========================*\/\r\n\r\n#filters {\r\n    margin: 1% 0;\r\n    padding: 0;\r\n    list-style: none;\r\n    list-style-type: none !important;\r\n\r\n}\r\n\r\n#filters li {\r\n    float: left;\r\n    list-style-type: none !important;\r\n}\r\n\r\n#filters li:first-child span {\r\n    margin-left: 0px;\r\n}\r\n\r\n#filters li span {\r\n    display: block;\r\n    text-decoration: none;\r\n    cursor: pointer;\r\n}\r\n\r\n.album_categories {\r\n    list-style-type: none;\r\n    margin: 0;\r\n    padding: 0;\r\n    overflow: hidden;\r\n    padding-top: 5px;\r\n}\r\n\r\n\/*=========  sharing buttons  ============*\/\r\n\r\n.album_socials {\r\n    position: relative;\r\n    top: 3px;\r\n    width: 100px;\r\n    height: 28px;\r\n    margin: 0 auto;\r\n}\r\n\r\n.album_socials .rwd-share-buttons {\r\n    top: 0px !important;\r\n    width: 100% !important;\r\n    margin: 0px !important;\r\n}\r\n\r\n.album_socials a {\r\n    text-decoration: underline !important;\r\n}\r\n\r\n.gallery_images, .album_image_place {\r\n    margin-top: 15px;\r\n    margin-top: 15px;\r\n}\r\n\r\n#rwd-share-facebook:hover {\r\n    background-position: 0 -31px !important;\r\n}\r\n\r\n#rwd-share-twitter:hover {\r\n    background-position: -31px 32px !important;\r\n}\r\n\r\n#rwd-share-googleplus:hover {\r\n    background-position: -66px -31px !important;\r\n}\r\n\r\n.rwd-share-buttons li, .rwd-share-buttons li a {\r\n    width: 26px !important;\r\n    border: 0px !important;\r\n}\r\n\r\n.rwd-share-buttons {\r\n    top: 0 !important;\r\n}\r\n\r\n.img_link_btn {\r\n    position: absolute;\r\n    z-index: 99999;\r\n    bottom: 0;\r\n    left: 0;\r\n    right: 0;\r\n    width: 100%;\r\n    padding: 8px;\r\n}\r\n\r\n.rwd-title {\r\n    padding: 10px 0px !important;\r\n}\r\n\r\n@media only screen and (max-width: 475px) {\r\n    .rwd-share-buttons {\r\n        top: -25px !important;\r\n    }\r\n\r\n    .rwd-title-text {\r\n        line-height: 15px;\r\n    }\r\n}\r\n\r\n\/*=========  hover style ===========*\/\r\n\r\n#hover {\r\n    color: rgba(188, 175, 204, 0.9);\r\n}\r\n\r\nh2#testimonials {\r\n    color: #fffae3;\r\n}\r\n\r\ndiv#all {\r\n    width: 100%;\r\n    height: 100%;\r\n}\r\n\r\n.view img {\r\n    height: auto;\r\n}\r\n\r\n.view {\r\n    color: #fff;\r\n    margin: 0 10px 10px 0;\r\n    overflow: hidden;\r\n    position: relative;\r\n    text-align: center;\r\n    float: left;\r\n    cursor: default;\r\n    border: 1px solid #ccc;\r\n}\r\n\r\n.view-wrapper {\r\n    height: 100%;\r\n}\r\n\r\n.view img {\r\n    display: block;\r\n    position: relative;\r\n    transition: all 0.2s linear;\r\n    height: 100%;\r\n    width: auto;\r\n    max-width: 100%;\r\n    margin: 0 auto;\r\n}\r\n\r\n.mask-text h2 {\r\n    font-size: 20px !important;\r\n    margin-top: 20px !important;\r\n}\r\n\r\n\/* view 1 *\/\r\n\r\n.view-first .text-category, .view-first .mask-text h2, .view-first .mask-text p {\r\n    color: #fff;\r\n}\r\n\r\n\/*  view 2 *\/\r\n.view-second .text-category, .view-second .mask-text h2, .view-second p {\r\n    color: #333;\r\n}\r\n\r\n.view-second .mask-text h2 {\r\n    border-bottom: 1px solid #333;\r\n}\r\n\r\n\/* view 3*\/\r\n.view-third .mask {\r\n    background-color: #ccc;\r\n    transition: all 0.5s linear;\r\n    opacity: 0;\r\n    color: #333;\r\n}\r\n\r\n.view-third h2 {\r\n    border-bottom: 1px solid #333;\r\n    background: transparent;\r\n    margin: 20px 40px 0px 40px;\r\n    transform: scale(0);\r\n    color: #333;\r\n    transition: all 0.5s linear;\r\n    opacity: 0;\r\n}\r\n\r\n.view-third p {\r\n    color: #333;\r\n    opacity: 0;\r\n    transform: scale(0);\r\n    transition: all 0.5s linear;\r\n}\r\n\r\n.view-third .text-category {\r\n    color: #333;\r\n}\r\n\r\n\/* view 4 *\/\r\n\r\n.view-forth .mask-bg {\r\n    background: #333;\r\n    width: 100%;\r\n    height: 100%;\r\n    position: absolute;\r\n    top: 0;\r\n    left: 0;\r\n}\r\n\r\n.view-forth .mask-text {\r\n    color: #fff;\r\n    position: relative;\r\n    z-index: 500;\r\n    padding: 5px 8px;\r\n}\r\n\r\n.view-forth .mask-text h2 {\r\n    margin: 0px;\r\n    font-size: 13px;\r\n    padding: 2px;\r\n    color: #fff;\r\n}\r\n\r\n.view-forth .mask-text h2:hover {\r\n    cursor: pointer;\r\n}\r\n\r\n.view-forth .text-category {\r\n    display: block;\r\n    font-size: 15px;\r\n    color: #fff;\r\n}\r\n\r\n.view-forth p {\r\n    color: #fff;\r\n}\r\n\r\n\/* view 5 *\/\r\n.view-fifth .text-category, .view-fifth .text-category *, .view-fifth .mask-text h2, .view-fifth .mask-text p {\r\n    color: #fff;\r\n}\r\n\r\n<\/style>\r\n    <input type=\"hidden\" name=\"view_style\" value=\"view-first\">\r\n\r\n    <section id=\"huge_it_gallery_content_44\" class=\"gallery-img-content\"\r\n             data-gallery-id=\"44\"\r\n             data-content-per-page=\"5\"\r\n             data-rating-type=\"off\">\r\n        <div id=\"huge_it_gallery_container_44\"\r\n             data-show-center=\"off\"\r\n             class=\"huge_it_gallery_container super-list variable-sizes clearfix view-lightbox-gallery\">\r\n            <div id=\"huge_it_gallery_container_moving_44\"\r\n                 class=\"super-list variable-sizes clearfix\">\r\n                <input type=\"hidden\" class=\"pagenum\" value=\"1\"\/>\r\n                                <input type=\"hidden\" id=\"total\" value=\"1\"\/>\r\n                                    <div class=\"view view-first element element_44\" tabindex=\"0\"\r\n                         data-symbol=\"\" data-category=\"alkaline-earth\">\r\n                        <div class=\"view-first-wrapper view-wrapper\">\r\n                                                                                                                <a href=\"https:\/\/www.gittas-verkstad.com\/de\/wp-content\/uploads\/sites\/8\/2019\/11\/ART672-nr1.jpg\"\r\n                               title=\"\"><img decoding=\"async\"\r\n                                        alt=\"\"\r\n                                        id=\"wd-cl-img0\"\r\n                                        title=\"\"\r\n                                        src=\"https:\/\/www.gittas-verkstad.com\/de\/wp-content\/uploads\/sites\/8\/2019\/11\/ART672-nr1.jpg\"\/>\r\n                                                                                                        <div class=\"mask\">\r\n                                            <div class=\"mask-text\">\r\n                                                                                                <span class=\"text-category\"><\/span>\r\n                                            <\/div>\r\n                                            <div class=\"mask-bg\">\r\n                                            <\/div>\r\n                                        <\/div>\r\n                                    <\/a>\r\n                        <\/div>\r\n                        \r\n                    <\/div>\r\n                                        <div class=\"view view-first element element_44\" tabindex=\"0\"\r\n                         data-symbol=\"Bild-Junges-M\u00e4dchen-Gittas-verkstad\" data-category=\"alkaline-earth\">\r\n                        <div class=\"view-first-wrapper view-wrapper\">\r\n                                                                                                                <a href=\"https:\/\/www.gittas-verkstad.com\/de\/wp-content\/uploads\/sites\/8\/2019\/11\/Bild-Junges-M\u00e4dchen-Gittas-verkstad.jpg\"\r\n                               title=\"Bild-Junges-M\u00e4dchen-Gittas-verkstad\"><img decoding=\"async\"\r\n                                        alt=\"Bild-Junges-M\u00e4dchen-Gittas-verkstad\"\r\n                                        id=\"wd-cl-img1\"\r\n                                        title=\"Bild-Junges-M\u00e4dchen-Gittas-verkstad\"\r\n                                        src=\"https:\/\/www.gittas-verkstad.com\/de\/wp-content\/uploads\/sites\/8\/2019\/11\/Bild-Junges-M\u00e4dchen-Gittas-verkstad.jpg\"\/>\r\n                                                                                                        <div class=\"mask\">\r\n                                            <div class=\"mask-text\">\r\n                                                                                                    <h2 >\r\n                                                        Bild-Junges-M\u00e4dchen-Gittas-verkstad                                                    <\/h2>\r\n                                                                                                <span class=\"text-category\">Bild-Junges-M\u00e4dchen-Gittas-verkstad<\/span>\r\n                                            <\/div>\r\n                                            <div class=\"mask-bg\">\r\n                                            <\/div>\r\n                                        <\/div>\r\n                                    <\/a>\r\n                        <\/div>\r\n                        \r\n                    <\/div>\r\n                                        <div class=\"view view-first element element_44\" tabindex=\"0\"\r\n                         data-symbol=\"Bild-und-Textil-Installation-schwarz-wei\u00df-Gittas-verkstad\" data-category=\"alkaline-earth\">\r\n                        <div class=\"view-first-wrapper view-wrapper\">\r\n                                                                                                                <a href=\"https:\/\/www.gittas-verkstad.com\/de\/wp-content\/uploads\/sites\/8\/2019\/11\/Bild-und-Textil-Installation-schwarz-wei\u00df-Gittas-verkstad.jpg\"\r\n                               title=\"Bild-und-Textil-Installation-schwarz-wei\u00df-Gittas-verkstad\"><img decoding=\"async\"\r\n                                        alt=\"Bild-und-Textil-Installation-schwarz-wei\u00df-Gittas-verkstad\"\r\n                                        id=\"wd-cl-img2\"\r\n                                        title=\"Bild-und-Textil-Installation-schwarz-wei\u00df-Gittas-verkstad\"\r\n                                        src=\"https:\/\/www.gittas-verkstad.com\/de\/wp-content\/uploads\/sites\/8\/2019\/11\/Bild-und-Textil-Installation-schwarz-wei\u00df-Gittas-verkstad.jpg\"\/>\r\n                                                                                                        <div class=\"mask\">\r\n                                            <div class=\"mask-text\">\r\n                                                                                                    <h2 >\r\n                                                        Bild-und-Textil-Installation-schwarz-wei\u00df-Gittas-verkstad                                                    <\/h2>\r\n                                                                                                <span class=\"text-category\">Bild-und-Textil-Installation-schwarz-wei\u00df-Gittas-verkstad<\/span>\r\n                                            <\/div>\r\n                                            <div class=\"mask-bg\">\r\n                                            <\/div>\r\n                                        <\/div>\r\n                                    <\/a>\r\n                        <\/div>\r\n                        \r\n                    <\/div>\r\n                                        <div class=\"view view-first element element_44\" tabindex=\"0\"\r\n                         data-symbol=\"Nordlicht-Schal-und-Bild-Mond-\u00fcber-dem-See-Gittas-verkstad\" data-category=\"alkaline-earth\">\r\n                        <div class=\"view-first-wrapper view-wrapper\">\r\n                                                                                                                <a href=\"https:\/\/www.gittas-verkstad.com\/de\/wp-content\/uploads\/sites\/8\/2019\/11\/Nordlicht-Schal-und-Bild-Mond-\u00fcber-dem-See-Gittas-verkstad.jpg\"\r\n                               title=\"Nordlicht-Schal-und-Bild-Mond-\u00fcber-dem-See-Gittas-verkstad\"><img decoding=\"async\"\r\n                                        alt=\"Nordlicht-Schal-und-Bild-Mond-\u00fcber-dem-See-Gittas-verkstad\"\r\n                                        id=\"wd-cl-img3\"\r\n                                        title=\"Nordlicht-Schal-und-Bild-Mond-\u00fcber-dem-See-Gittas-verkstad\"\r\n                                        src=\"https:\/\/www.gittas-verkstad.com\/de\/wp-content\/uploads\/sites\/8\/2019\/11\/Nordlicht-Schal-und-Bild-Mond-\u00fcber-dem-See-Gittas-verkstad.jpg\"\/>\r\n                                                                                                        <div class=\"mask\">\r\n                                            <div class=\"mask-text\">\r\n                                                                                                    <h2 >\r\n                                                        Nordlicht-Schal-und-Bild-Mond-\u00fcber-dem-See-Gittas-verkstad                                                    <\/h2>\r\n                                                                                                <span class=\"text-category\">Nordlicht-Schal-und-Bild-Mond-\u00fcber-dem-See-Gittas-verkstad<\/span>\r\n                                            <\/div>\r\n                                            <div class=\"mask-bg\">\r\n                                            <\/div>\r\n                                        <\/div>\r\n                                    <\/a>\r\n                        <\/div>\r\n                        \r\n                    <\/div>\r\n                                        <div class=\"view view-first element element_44\" tabindex=\"0\"\r\n                         data-symbol=\"Wandteppich-Gittas-verkstad\" data-category=\"alkaline-earth\">\r\n                        <div class=\"view-first-wrapper view-wrapper\">\r\n                                                                                                                <a href=\"https:\/\/www.gittas-verkstad.com\/de\/wp-content\/uploads\/sites\/8\/2019\/11\/Wandteppich-Gittas-verkstad.jpg\"\r\n                               title=\"Wandteppich-Gittas-verkstad\"><img decoding=\"async\"\r\n                                        alt=\"Wandteppich-Gittas-verkstad\"\r\n                                        id=\"wd-cl-img4\"\r\n                                        title=\"Wandteppich-Gittas-verkstad\"\r\n                                        src=\"https:\/\/www.gittas-verkstad.com\/de\/wp-content\/uploads\/sites\/8\/2019\/11\/Wandteppich-Gittas-verkstad.jpg\"\/>\r\n                                                                                                        <div class=\"mask\">\r\n                                            <div class=\"mask-text\">\r\n                                                                                                    <h2 >\r\n                                                        Wandteppich-Gittas-verkstad                                                    <\/h2>\r\n                                                                                                <span class=\"text-category\">Wandteppich-Gittas-verkstad<\/span>\r\n                                            <\/div>\r\n                                            <div class=\"mask-bg\">\r\n                                            <\/div>\r\n                                        <\/div>\r\n                                    <\/a>\r\n                        <\/div>\r\n                        \r\n                    <\/div>\r\n                                <\/div>\r\n            <div class=\"clear\"><\/div>\r\n        <\/div>\r\n        \r\n\r\n    <\/section>\r\n\r\n<style>\r\n.gallery-img-content .clear {\r\n    clear: both;\r\n}\r\n.gallery-img-content a{\r\n    border-bottom: none;\r\n}\r\n.element_44 {\r\n    max-width:275px;\r\n    margin:0 2px 10px 0;\r\n    border:0px solid #eeeeee;\r\n    border-radius:3px;\r\n    outline:none;\r\n    overflow:hidden;\r\n}\r\n.element_44 .image-block_44 {\r\n    position:relative;\r\n    width: 100%;\r\n\twidth:275px;\r\n    max-width:275px;\r\n}\r\n.element_44 .image-block_44 a {display:block;}\r\n.element_44 .image-block_44 img {\r\n    width: 100%;\r\n    max-width:275px !important;\r\n    height:auto;\r\n    display:block;\r\n    border-radius: 0 !important;\r\n    box-shadow: 0 0 0 rgba(0, 0, 0, 0) !important;\r\n}\r\n.element_44 .image-block_44 img:hover {\r\n    cursor: -webkit-zoom-in; cursor: -moz-zoom-in;\r\n}\r\n.element_44 .image-block_44 .play-icon {\r\n    position:absolute;\r\n    top:0;\r\n    left:0;\r\n    width:100%;\r\n    height:100%;\r\n}\r\n\r\n.element_44:hover .title-block_44 {bottom:0;}\r\n.element_44 .title-block_44 a, .element_44 .title-block_44 a:link, .element_44 .title-block_44 a:visited, .element_44 .title-block_44 {\r\n    position:relative;\r\n    margin:0;\r\n    padding:0 1% 0 2%;\r\n    width:97%;\r\n    text-decoration:none !important;\r\n    text-overflow: ellipsis;\r\n    overflow: hidden;\r\n    white-space:nowrap;\r\n    z-index:20;\r\n    font-size: 16px;\r\n    color:#0074A2;\r\n    font-weight:normal;\r\n}\r\n.element_44 .image-block_44  .play-icon.youtube-icon {background:url(https:\/\/www.gittas-verkstad.com\/de\/wp-content\/plugins\/gallery-images\/assets\/images..\/admin_images\/play.youtube.png) center center no-repeat;}\r\n.element_44 .image-block_44  .play-icon.vimeo-icon {background:url(https:\/\/www.gittas-verkstad.com\/de\/wp-content\/plugins\/gallery-images\/assets\/images..\/admin_images\/play.vimeo.png) center center no-repeat;}\r\n.element_44 .title-block_44 {\r\n    position:absolute;\r\n    left:0;\r\n    width:100%;\r\n    padding-top:5px;\r\n    height: 36px;\r\n    bottom:-41px;\r\n    background: rgba(0,0,0,0.8)  !important;\r\n    -webkit-transition: bottom 0.3s ease-out 0.1s;\r\n    -moz-transition: bottom 0.3s ease-out 0.1s;\r\n    -o-transition: bottom 0.3s ease-out 0.1s;\r\n    transition: bottom 0.3s ease-out 0.1s;\r\n}\r\n.element_44 .title-block_44 a:hover, .element_44 .title-block_44 a:focus, .element_44 .title-block_44 a:active {\r\n    color:#2EA2CD;\r\n    text-decoration:none;\r\n}\r\n.load_more4 {\r\n    margin: 10px 0;\r\n    position:relative;\r\n    text-align:center;\r\n    width:100%;\r\n}\r\n.load_more_button4 {\r\n    border-radius: 10px;\r\n    display:inline-block;\r\n    padding:5px 15px;\r\n    font-size:16px !important;;\r\n    color:#FF0D0D !important;;\r\n    background:#5CADFF !important;\r\n    cursor:pointer;\r\n}\r\n.load_more_button4:hover{\r\n    color:#FF4040 !important;\r\n    background:#99C5FF !important;\r\n}\r\n.loading4 {\r\n    display:none;\r\n}\r\n.paginate4{\r\n    font-size:19px !important;\r\n    color:#FF2C2C !important;\r\n    text-align: center;\r\n    margin-top: 25px;\r\n}\r\n.paginate4 a{\r\n    border-bottom: none !important;\r\n}\r\n.icon-style4{\r\n    font-size: 21px !important;\r\n    color:#B82020 !important;\r\n}\r\n.clear{\r\n    clear:both;\r\n}\r\n@media screen and (max-width: 480px){\r\n    .element_44{\r\n        max-width:100% !important;\r\n    }\r\n}\r\n\r\n\r\n.view-wrapper img{\r\n    height:auto;\r\n}\r\n\r\n<\/style><\/p>\n<p lang=\"de-DE\">\n","protected":false},"excerpt":{"rendered":"<p>Die Ausstellung der Gruppe ART 672 im Halmens Hus in Bengtsfors ist vom 14. September bis zum 26. Oktober 2019 ge\u00f6ffnet. Gittas verkstad stellt gemeinsam mit f\u00fcnf anderen K\u00fcnstlerinnen aus \u00c5rj\u00e4ngs Kommune aus. Daher auch der Name ART 672, n\u00e4mlich <a class=\"more-link\" href=\"https:\/\/www.gittas-verkstad.com\/de\/aktuell\/ausstellung-der-gruppe-art-672-im-halmens-hus-in-bengtsfors\/\">weiterlesen&#8230;<\/a><\/p>\n","protected":false},"author":1,"featured_media":1387,"comment_status":"closed","ping_status":"closed","sticky":false,"template":"","format":"standard","meta":{"footnotes":""},"categories":[2],"tags":[39,80,282,5,8,10,283],"class_list":["post-1384","post","type-post","status-publish","format-standard","has-post-thumbnail","hentry","category-aktuell","tag-arjaeng","tag-arjaengs-kommune","tag-art672","tag-bengtsfors","tag-gittas-verkstad","tag-halmens-hus","tag-nordlicht-schal"],"yoast_head":"<!-- This site is optimized with the Yoast SEO plugin v27.5 - https:\/\/yoast.com\/product\/yoast-seo-wordpress\/ -->\n<title>Die Ausstellung der Gruppe ART 672 im Halmens Hus in Bengtsfors<\/title>\n<meta name=\"description\" content=\"Die Ausstellung der Gruppe ART 672 im Halmens Hus in Bengtsfors ist vom 14. September bis zum 26. Oktober ge\u00f6ffnet. Gittas verkstad stellt dort aus.\" \/>\n<meta name=\"robots\" content=\"index, follow, max-snippet:-1, max-image-preview:large, max-video-preview:-1\" \/>\n<link rel=\"canonical\" href=\"https:\/\/www.gittas-verkstad.com\/de\/aktuell\/ausstellung-der-gruppe-art-672-im-halmens-hus-in-bengtsfors\/\" \/>\n<meta property=\"og:locale\" content=\"de_DE\" \/>\n<meta property=\"og:type\" content=\"article\" \/>\n<meta property=\"og:title\" content=\"Die Ausstellung der Gruppe ART 672 im Halmens Hus in Bengtsfors\" \/>\n<meta property=\"og:description\" content=\"Die Ausstellung der Gruppe ART 672 im Halmens Hus in Bengtsfors ist vom 14. September bis zum 26. Oktober ge\u00f6ffnet. Gittas verkstad stellt dort aus.\" \/>\n<meta property=\"og:url\" content=\"https:\/\/www.gittas-verkstad.com\/de\/aktuell\/ausstellung-der-gruppe-art-672-im-halmens-hus-in-bengtsfors\/\" \/>\n<meta property=\"og:site_name\" content=\"Gittas verkstad Weben, Kunst, Design \/ de \/ Lennartsfors\" \/>\n<meta property=\"article:publisher\" content=\"https:\/\/www.facebook.com\/gittasverkstad\/\" \/>\n<meta property=\"article:published_time\" content=\"2019-09-14T18:03:20+00:00\" \/>\n<meta property=\"article:modified_time\" content=\"2019-11-05T19:07:36+00:00\" \/>\n<meta property=\"og:image\" content=\"https:\/\/www.gittas-verkstad.com\/de\/wp-content\/uploads\/sites\/8\/2019\/11\/Ausstellung-ART-672-Gittas-verkstad.jpg\" \/>\n\t<meta property=\"og:image:width\" content=\"1664\" \/>\n\t<meta property=\"og:image:height\" content=\"401\" \/>\n\t<meta property=\"og:image:type\" content=\"image\/jpeg\" \/>\n<meta name=\"author\" content=\"gitta\" \/>\n<meta name=\"twitter:card\" content=\"summary_large_image\" \/>\n<meta name=\"twitter:label1\" content=\"Verfasst von\" \/>\n\t<meta name=\"twitter:data1\" content=\"gitta\" \/>\n\t<meta name=\"twitter:label2\" content=\"Gesch\u00e4tzte Lesezeit\" \/>\n\t<meta name=\"twitter:data2\" content=\"1\u00a0Minute\" \/>\n<script type=\"application\/ld+json\" class=\"yoast-schema-graph\">{\"@context\":\"https:\\\/\\\/schema.org\",\"@graph\":[{\"@type\":\"Article\",\"@id\":\"https:\\\/\\\/www.gittas-verkstad.com\\\/de\\\/aktuell\\\/ausstellung-der-gruppe-art-672-im-halmens-hus-in-bengtsfors\\\/#article\",\"isPartOf\":{\"@id\":\"https:\\\/\\\/www.gittas-verkstad.com\\\/de\\\/aktuell\\\/ausstellung-der-gruppe-art-672-im-halmens-hus-in-bengtsfors\\\/\"},\"author\":{\"name\":\"gitta\",\"@id\":\"https:\\\/\\\/www.gittas-verkstad.com\\\/de\\\/#\\\/schema\\\/person\\\/66efc41949b9b5d43667d40db8dfcc57\"},\"headline\":\"Ausstellung der Gruppe ART 672 im Halmens Hus in Bengtsfors im Herbst 2019\",\"datePublished\":\"2019-09-14T18:03:20+00:00\",\"dateModified\":\"2019-11-05T19:07:36+00:00\",\"mainEntityOfPage\":{\"@id\":\"https:\\\/\\\/www.gittas-verkstad.com\\\/de\\\/aktuell\\\/ausstellung-der-gruppe-art-672-im-halmens-hus-in-bengtsfors\\\/\"},\"wordCount\":160,\"publisher\":{\"@id\":\"https:\\\/\\\/www.gittas-verkstad.com\\\/de\\\/#organization\"},\"image\":{\"@id\":\"https:\\\/\\\/www.gittas-verkstad.com\\\/de\\\/aktuell\\\/ausstellung-der-gruppe-art-672-im-halmens-hus-in-bengtsfors\\\/#primaryimage\"},\"thumbnailUrl\":\"https:\\\/\\\/www.gittas-verkstad.com\\\/de\\\/wp-content\\\/uploads\\\/sites\\\/8\\\/2019\\\/11\\\/Ausstellung-ART-672-Gittas-verkstad.jpg\",\"keywords\":[\"\u00c5rj\u00e4ng\",\"\u00c5rj\u00e4ngs Kommune\",\"ART672\",\"Bengtsfors\",\"Gittas verkstad\",\"Halmens Hus\",\"Nordlicht Schal\"],\"articleSection\":[\"Aktuell\"],\"inLanguage\":\"de\"},{\"@type\":\"WebPage\",\"@id\":\"https:\\\/\\\/www.gittas-verkstad.com\\\/de\\\/aktuell\\\/ausstellung-der-gruppe-art-672-im-halmens-hus-in-bengtsfors\\\/\",\"url\":\"https:\\\/\\\/www.gittas-verkstad.com\\\/de\\\/aktuell\\\/ausstellung-der-gruppe-art-672-im-halmens-hus-in-bengtsfors\\\/\",\"name\":\"Die Ausstellung der Gruppe ART 672 im Halmens Hus in Bengtsfors\",\"isPartOf\":{\"@id\":\"https:\\\/\\\/www.gittas-verkstad.com\\\/de\\\/#website\"},\"primaryImageOfPage\":{\"@id\":\"https:\\\/\\\/www.gittas-verkstad.com\\\/de\\\/aktuell\\\/ausstellung-der-gruppe-art-672-im-halmens-hus-in-bengtsfors\\\/#primaryimage\"},\"image\":{\"@id\":\"https:\\\/\\\/www.gittas-verkstad.com\\\/de\\\/aktuell\\\/ausstellung-der-gruppe-art-672-im-halmens-hus-in-bengtsfors\\\/#primaryimage\"},\"thumbnailUrl\":\"https:\\\/\\\/www.gittas-verkstad.com\\\/de\\\/wp-content\\\/uploads\\\/sites\\\/8\\\/2019\\\/11\\\/Ausstellung-ART-672-Gittas-verkstad.jpg\",\"datePublished\":\"2019-09-14T18:03:20+00:00\",\"dateModified\":\"2019-11-05T19:07:36+00:00\",\"description\":\"Die Ausstellung der Gruppe ART 672 im Halmens Hus in Bengtsfors ist vom 14. September bis zum 26. Oktober ge\u00f6ffnet. Gittas verkstad stellt dort aus.\",\"breadcrumb\":{\"@id\":\"https:\\\/\\\/www.gittas-verkstad.com\\\/de\\\/aktuell\\\/ausstellung-der-gruppe-art-672-im-halmens-hus-in-bengtsfors\\\/#breadcrumb\"},\"inLanguage\":\"de\",\"potentialAction\":[{\"@type\":\"ReadAction\",\"target\":[\"https:\\\/\\\/www.gittas-verkstad.com\\\/de\\\/aktuell\\\/ausstellung-der-gruppe-art-672-im-halmens-hus-in-bengtsfors\\\/\"]}]},{\"@type\":\"ImageObject\",\"inLanguage\":\"de\",\"@id\":\"https:\\\/\\\/www.gittas-verkstad.com\\\/de\\\/aktuell\\\/ausstellung-der-gruppe-art-672-im-halmens-hus-in-bengtsfors\\\/#primaryimage\",\"url\":\"https:\\\/\\\/www.gittas-verkstad.com\\\/de\\\/wp-content\\\/uploads\\\/sites\\\/8\\\/2019\\\/11\\\/Ausstellung-ART-672-Gittas-verkstad.jpg\",\"contentUrl\":\"https:\\\/\\\/www.gittas-verkstad.com\\\/de\\\/wp-content\\\/uploads\\\/sites\\\/8\\\/2019\\\/11\\\/Ausstellung-ART-672-Gittas-verkstad.jpg\",\"width\":1664,\"height\":401,\"caption\":\"Ausstellung-ART-672-Gittas-verkstad\"},{\"@type\":\"BreadcrumbList\",\"@id\":\"https:\\\/\\\/www.gittas-verkstad.com\\\/de\\\/aktuell\\\/ausstellung-der-gruppe-art-672-im-halmens-hus-in-bengtsfors\\\/#breadcrumb\",\"itemListElement\":[{\"@type\":\"ListItem\",\"position\":1,\"name\":\"Startseite\",\"item\":\"https:\\\/\\\/www.gittas-verkstad.com\\\/de\\\/\"},{\"@type\":\"ListItem\",\"position\":2,\"name\":\"Ausstellung der Gruppe ART 672 im Halmens Hus in Bengtsfors im Herbst 2019\"}]},{\"@type\":\"WebSite\",\"@id\":\"https:\\\/\\\/www.gittas-verkstad.com\\\/de\\\/#website\",\"url\":\"https:\\\/\\\/www.gittas-verkstad.com\\\/de\\\/\",\"name\":\"Gittas verkstad\",\"description\":\"Gitta betreibt in Lennartsfors eine Werkstatt f\u00fcr Weben, Kunst und Design. Ihre Produkte verkauft sie in ihrer Gallerie auf Gjut\u00e5s am Dalslands Kanal.\",\"publisher\":{\"@id\":\"https:\\\/\\\/www.gittas-verkstad.com\\\/de\\\/#organization\"},\"potentialAction\":[{\"@type\":\"SearchAction\",\"target\":{\"@type\":\"EntryPoint\",\"urlTemplate\":\"https:\\\/\\\/www.gittas-verkstad.com\\\/de\\\/?s={search_term_string}\"},\"query-input\":{\"@type\":\"PropertyValueSpecification\",\"valueRequired\":true,\"valueName\":\"search_term_string\"}}],\"inLanguage\":\"de\"},{\"@type\":\"Organization\",\"@id\":\"https:\\\/\\\/www.gittas-verkstad.com\\\/de\\\/#organization\",\"name\":\"Gittas verkstad\",\"url\":\"https:\\\/\\\/www.gittas-verkstad.com\\\/de\\\/\",\"logo\":{\"@type\":\"ImageObject\",\"inLanguage\":\"de\",\"@id\":\"https:\\\/\\\/www.gittas-verkstad.com\\\/de\\\/#\\\/schema\\\/logo\\\/image\\\/\",\"url\":\"https:\\\/\\\/www.gittas-verkstad.com\\\/de\\\/wp-content\\\/uploads\\\/sites\\\/8\\\/2018\\\/04\\\/Gittas-verkstad-logo.jpg\",\"contentUrl\":\"https:\\\/\\\/www.gittas-verkstad.com\\\/de\\\/wp-content\\\/uploads\\\/sites\\\/8\\\/2018\\\/04\\\/Gittas-verkstad-logo.jpg\",\"width\":617,\"height\":146,\"caption\":\"Gittas verkstad\"},\"image\":{\"@id\":\"https:\\\/\\\/www.gittas-verkstad.com\\\/de\\\/#\\\/schema\\\/logo\\\/image\\\/\"},\"sameAs\":[\"https:\\\/\\\/www.facebook.com\\\/gittasverkstad\\\/\"]},{\"@type\":\"Person\",\"@id\":\"https:\\\/\\\/www.gittas-verkstad.com\\\/de\\\/#\\\/schema\\\/person\\\/66efc41949b9b5d43667d40db8dfcc57\",\"name\":\"gitta\",\"url\":\"https:\\\/\\\/www.gittas-verkstad.com\\\/de\\\/author\\\/gitta\\\/\"}]}<\/script>\n<!-- \/ Yoast SEO plugin. -->","yoast_head_json":{"title":"Die Ausstellung der Gruppe ART 672 im Halmens Hus in Bengtsfors","description":"Die Ausstellung der Gruppe ART 672 im Halmens Hus in Bengtsfors ist vom 14. September bis zum 26. Oktober ge\u00f6ffnet. Gittas verkstad stellt dort aus.","robots":{"index":"index","follow":"follow","max-snippet":"max-snippet:-1","max-image-preview":"max-image-preview:large","max-video-preview":"max-video-preview:-1"},"canonical":"https:\/\/www.gittas-verkstad.com\/de\/aktuell\/ausstellung-der-gruppe-art-672-im-halmens-hus-in-bengtsfors\/","og_locale":"de_DE","og_type":"article","og_title":"Die Ausstellung der Gruppe ART 672 im Halmens Hus in Bengtsfors","og_description":"Die Ausstellung der Gruppe ART 672 im Halmens Hus in Bengtsfors ist vom 14. September bis zum 26. Oktober ge\u00f6ffnet. Gittas verkstad stellt dort aus.","og_url":"https:\/\/www.gittas-verkstad.com\/de\/aktuell\/ausstellung-der-gruppe-art-672-im-halmens-hus-in-bengtsfors\/","og_site_name":"Gittas verkstad Weben, Kunst, Design \/ de \/ Lennartsfors","article_publisher":"https:\/\/www.facebook.com\/gittasverkstad\/","article_published_time":"2019-09-14T18:03:20+00:00","article_modified_time":"2019-11-05T19:07:36+00:00","og_image":[{"width":1664,"height":401,"url":"https:\/\/www.gittas-verkstad.com\/de\/wp-content\/uploads\/sites\/8\/2019\/11\/Ausstellung-ART-672-Gittas-verkstad.jpg","type":"image\/jpeg"}],"author":"gitta","twitter_card":"summary_large_image","twitter_misc":{"Verfasst von":"gitta","Gesch\u00e4tzte Lesezeit":"1\u00a0Minute"},"schema":{"@context":"https:\/\/schema.org","@graph":[{"@type":"Article","@id":"https:\/\/www.gittas-verkstad.com\/de\/aktuell\/ausstellung-der-gruppe-art-672-im-halmens-hus-in-bengtsfors\/#article","isPartOf":{"@id":"https:\/\/www.gittas-verkstad.com\/de\/aktuell\/ausstellung-der-gruppe-art-672-im-halmens-hus-in-bengtsfors\/"},"author":{"name":"gitta","@id":"https:\/\/www.gittas-verkstad.com\/de\/#\/schema\/person\/66efc41949b9b5d43667d40db8dfcc57"},"headline":"Ausstellung der Gruppe ART 672 im Halmens Hus in Bengtsfors im Herbst 2019","datePublished":"2019-09-14T18:03:20+00:00","dateModified":"2019-11-05T19:07:36+00:00","mainEntityOfPage":{"@id":"https:\/\/www.gittas-verkstad.com\/de\/aktuell\/ausstellung-der-gruppe-art-672-im-halmens-hus-in-bengtsfors\/"},"wordCount":160,"publisher":{"@id":"https:\/\/www.gittas-verkstad.com\/de\/#organization"},"image":{"@id":"https:\/\/www.gittas-verkstad.com\/de\/aktuell\/ausstellung-der-gruppe-art-672-im-halmens-hus-in-bengtsfors\/#primaryimage"},"thumbnailUrl":"https:\/\/www.gittas-verkstad.com\/de\/wp-content\/uploads\/sites\/8\/2019\/11\/Ausstellung-ART-672-Gittas-verkstad.jpg","keywords":["\u00c5rj\u00e4ng","\u00c5rj\u00e4ngs Kommune","ART672","Bengtsfors","Gittas verkstad","Halmens Hus","Nordlicht Schal"],"articleSection":["Aktuell"],"inLanguage":"de"},{"@type":"WebPage","@id":"https:\/\/www.gittas-verkstad.com\/de\/aktuell\/ausstellung-der-gruppe-art-672-im-halmens-hus-in-bengtsfors\/","url":"https:\/\/www.gittas-verkstad.com\/de\/aktuell\/ausstellung-der-gruppe-art-672-im-halmens-hus-in-bengtsfors\/","name":"Die Ausstellung der Gruppe ART 672 im Halmens Hus in Bengtsfors","isPartOf":{"@id":"https:\/\/www.gittas-verkstad.com\/de\/#website"},"primaryImageOfPage":{"@id":"https:\/\/www.gittas-verkstad.com\/de\/aktuell\/ausstellung-der-gruppe-art-672-im-halmens-hus-in-bengtsfors\/#primaryimage"},"image":{"@id":"https:\/\/www.gittas-verkstad.com\/de\/aktuell\/ausstellung-der-gruppe-art-672-im-halmens-hus-in-bengtsfors\/#primaryimage"},"thumbnailUrl":"https:\/\/www.gittas-verkstad.com\/de\/wp-content\/uploads\/sites\/8\/2019\/11\/Ausstellung-ART-672-Gittas-verkstad.jpg","datePublished":"2019-09-14T18:03:20+00:00","dateModified":"2019-11-05T19:07:36+00:00","description":"Die Ausstellung der Gruppe ART 672 im Halmens Hus in Bengtsfors ist vom 14. September bis zum 26. Oktober ge\u00f6ffnet. Gittas verkstad stellt dort aus.","breadcrumb":{"@id":"https:\/\/www.gittas-verkstad.com\/de\/aktuell\/ausstellung-der-gruppe-art-672-im-halmens-hus-in-bengtsfors\/#breadcrumb"},"inLanguage":"de","potentialAction":[{"@type":"ReadAction","target":["https:\/\/www.gittas-verkstad.com\/de\/aktuell\/ausstellung-der-gruppe-art-672-im-halmens-hus-in-bengtsfors\/"]}]},{"@type":"ImageObject","inLanguage":"de","@id":"https:\/\/www.gittas-verkstad.com\/de\/aktuell\/ausstellung-der-gruppe-art-672-im-halmens-hus-in-bengtsfors\/#primaryimage","url":"https:\/\/www.gittas-verkstad.com\/de\/wp-content\/uploads\/sites\/8\/2019\/11\/Ausstellung-ART-672-Gittas-verkstad.jpg","contentUrl":"https:\/\/www.gittas-verkstad.com\/de\/wp-content\/uploads\/sites\/8\/2019\/11\/Ausstellung-ART-672-Gittas-verkstad.jpg","width":1664,"height":401,"caption":"Ausstellung-ART-672-Gittas-verkstad"},{"@type":"BreadcrumbList","@id":"https:\/\/www.gittas-verkstad.com\/de\/aktuell\/ausstellung-der-gruppe-art-672-im-halmens-hus-in-bengtsfors\/#breadcrumb","itemListElement":[{"@type":"ListItem","position":1,"name":"Startseite","item":"https:\/\/www.gittas-verkstad.com\/de\/"},{"@type":"ListItem","position":2,"name":"Ausstellung der Gruppe ART 672 im Halmens Hus in Bengtsfors im Herbst 2019"}]},{"@type":"WebSite","@id":"https:\/\/www.gittas-verkstad.com\/de\/#website","url":"https:\/\/www.gittas-verkstad.com\/de\/","name":"Gittas verkstad","description":"Gitta betreibt in Lennartsfors eine Werkstatt f\u00fcr Weben, Kunst und Design. Ihre Produkte verkauft sie in ihrer Gallerie auf Gjut\u00e5s am Dalslands Kanal.","publisher":{"@id":"https:\/\/www.gittas-verkstad.com\/de\/#organization"},"potentialAction":[{"@type":"SearchAction","target":{"@type":"EntryPoint","urlTemplate":"https:\/\/www.gittas-verkstad.com\/de\/?s={search_term_string}"},"query-input":{"@type":"PropertyValueSpecification","valueRequired":true,"valueName":"search_term_string"}}],"inLanguage":"de"},{"@type":"Organization","@id":"https:\/\/www.gittas-verkstad.com\/de\/#organization","name":"Gittas verkstad","url":"https:\/\/www.gittas-verkstad.com\/de\/","logo":{"@type":"ImageObject","inLanguage":"de","@id":"https:\/\/www.gittas-verkstad.com\/de\/#\/schema\/logo\/image\/","url":"https:\/\/www.gittas-verkstad.com\/de\/wp-content\/uploads\/sites\/8\/2018\/04\/Gittas-verkstad-logo.jpg","contentUrl":"https:\/\/www.gittas-verkstad.com\/de\/wp-content\/uploads\/sites\/8\/2018\/04\/Gittas-verkstad-logo.jpg","width":617,"height":146,"caption":"Gittas verkstad"},"image":{"@id":"https:\/\/www.gittas-verkstad.com\/de\/#\/schema\/logo\/image\/"},"sameAs":["https:\/\/www.facebook.com\/gittasverkstad\/"]},{"@type":"Person","@id":"https:\/\/www.gittas-verkstad.com\/de\/#\/schema\/person\/66efc41949b9b5d43667d40db8dfcc57","name":"gitta","url":"https:\/\/www.gittas-verkstad.com\/de\/author\/gitta\/"}]}},"_links":{"self":[{"href":"https:\/\/www.gittas-verkstad.com\/de\/wp-json\/wp\/v2\/posts\/1384","targetHints":{"allow":["GET"]}}],"collection":[{"href":"https:\/\/www.gittas-verkstad.com\/de\/wp-json\/wp\/v2\/posts"}],"about":[{"href":"https:\/\/www.gittas-verkstad.com\/de\/wp-json\/wp\/v2\/types\/post"}],"author":[{"embeddable":true,"href":"https:\/\/www.gittas-verkstad.com\/de\/wp-json\/wp\/v2\/users\/1"}],"replies":[{"embeddable":true,"href":"https:\/\/www.gittas-verkstad.com\/de\/wp-json\/wp\/v2\/comments?post=1384"}],"version-history":[{"count":5,"href":"https:\/\/www.gittas-verkstad.com\/de\/wp-json\/wp\/v2\/posts\/1384\/revisions"}],"predecessor-version":[{"id":1394,"href":"https:\/\/www.gittas-verkstad.com\/de\/wp-json\/wp\/v2\/posts\/1384\/revisions\/1394"}],"wp:featuredmedia":[{"embeddable":true,"href":"https:\/\/www.gittas-verkstad.com\/de\/wp-json\/wp\/v2\/media\/1387"}],"wp:attachment":[{"href":"https:\/\/www.gittas-verkstad.com\/de\/wp-json\/wp\/v2\/media?parent=1384"}],"wp:term":[{"taxonomy":"category","embeddable":true,"href":"https:\/\/www.gittas-verkstad.com\/de\/wp-json\/wp\/v2\/categories?post=1384"},{"taxonomy":"post_tag","embeddable":true,"href":"https:\/\/www.gittas-verkstad.com\/de\/wp-json\/wp\/v2\/tags?post=1384"}],"curies":[{"name":"wp","href":"https:\/\/api.w.org\/{rel}","templated":true}]}}