{"id":1300,"date":"2019-03-09T21:39:51","date_gmt":"2019-03-09T20:39:51","guid":{"rendered":"http:\/\/www.gittas-verkstad.com\/de\/?p=1300"},"modified":"2019-05-06T21:47:13","modified_gmt":"2019-05-06T19:47:13","slug":"die-winterpause-ist-vorbei","status":"publish","type":"post","link":"https:\/\/www.gittas-verkstad.com\/de\/aktuell\/die-winterpause-ist-vorbei\/","title":{"rendered":"Die Winterpause ist vorbei"},"content":{"rendered":"\n<p>Jetzt ist die Winterpause vorbei und die Vorbereitungen f\u00fcr die Kunstrunde \u00c5rj\u00e4ngs Kommun Ostern 2019 und den Ostermarkt in Lennartsfors laufen auf Hochtouren.<\/p>\n\n\n\n<p>Bei der Kunstrunde nehme ich an der gemeinsamen Ausstellung in der Kunstschule  Kyrkerud in \u00c5rj\u00e4ng teil. Ich werde neue dekorative Wandschals pr\u00e4sentieren. Eventuell werde ich auch Bilder in Temperatechnik zeigen.<\/p>\n\n\n\n<p>Auf dem Ostermarkt in Lennartsfors werde ich neue handgewebte Schals, und gen\u00e4hte Loopschals anbieten. Ponchos und M\u00fctzen d\u00fcrfen dabei auch nicht fehlen.  <\/p>\n\n\n\n<p>Mit neuem Schwung geht es ins Fr\u00fchjahr\nmit der Kunstrunde \u00c5rj\u00e4ng und dem Ostermarkt in Lennartfors.<\/p>\n","protected":false},"excerpt":{"rendered":"<p>Jetzt ist die Winterpause vorbei und die Vorbereitungen f\u00fcr die Kunstrunde \u00c5rj\u00e4ngs Kommun Ostern 2019 und den Ostermarkt in Lennartsfors laufen auf Hochtouren. Bei der Kunstrunde nehme ich an der gemeinsamen Ausstellung in der Kunstschule Kyrkerud in \u00c5rj\u00e4ng teil. Ich <a class=\"more-link\" href=\"https:\/\/www.gittas-verkstad.com\/de\/aktuell\/die-winterpause-ist-vorbei\/\">weiterlesen&#8230;<\/a><\/p>\n","protected":false},"author":1,"featured_media":1302,"comment_status":"closed","ping_status":"closed","sticky":false,"template":"","format":"standard","meta":{"footnotes":""},"categories":[2],"tags":[269,11,196,264,272,271,237,23],"class_list":["post-1300","post","type-post","status-publish","format-standard","has-post-thumbnail","hentry","category-aktuell","tag-genaehte-loopschals","tag-handgewebte-schals","tag-kunstrunde-arjaengs-kommun","tag-muetzen","tag-ostermarkt-in-lennartsfors","tag-ostern-2019","tag-osternmarkt","tag-ponchos"],"yoast_head":"<!-- This site is optimized with the Yoast SEO plugin v27.5 - https:\/\/yoast.com\/product\/yoast-seo-wordpress\/ -->\n<title>Die Winterpause vorbei und die Vorbereitungen f\u00fcr Ostern starten<\/title>\n<meta name=\"description\" content=\"Die Vorbereitungen f\u00fcr die Kunstrunde \u00c5rj\u00e4ngs Kommun Ostern 2019 und den Ostermarkt in Lennartsfors laufen auf Hochtouren.\" \/>\n<meta name=\"robots\" content=\"index, follow, max-snippet:-1, max-image-preview:large, max-video-preview:-1\" \/>\n<link rel=\"canonical\" href=\"https:\/\/www.gittas-verkstad.com\/de\/aktuell\/die-winterpause-ist-vorbei\/\" \/>\n<meta property=\"og:locale\" content=\"de_DE\" \/>\n<meta property=\"og:type\" content=\"article\" \/>\n<meta property=\"og:title\" content=\"Die Winterpause vorbei und die Vorbereitungen f\u00fcr Ostern starten\" \/>\n<meta property=\"og:description\" content=\"Die Vorbereitungen f\u00fcr die Kunstrunde \u00c5rj\u00e4ngs Kommun Ostern 2019 und den Ostermarkt in Lennartsfors laufen auf Hochtouren.\" \/>\n<meta property=\"og:url\" content=\"https:\/\/www.gittas-verkstad.com\/de\/aktuell\/die-winterpause-ist-vorbei\/\" \/>\n<meta property=\"og:site_name\" content=\"Gittas verkstad Weben, Kunst, Design \/ de \/ Lennartsfors\" \/>\n<meta property=\"article:publisher\" content=\"https:\/\/www.facebook.com\/gittasverkstad\/\" \/>\n<meta property=\"article:published_time\" content=\"2019-03-09T20:39:51+00:00\" \/>\n<meta property=\"article:modified_time\" content=\"2019-05-06T19:47:13+00:00\" \/>\n<meta property=\"og:image\" content=\"https:\/\/www.gittas-verkstad.com\/de\/wp-content\/uploads\/sites\/8\/2019\/03\/Neues-Projekt-f\u00fcr-die-Kunstrunde-\u00c5rj\u00e4ng-2019-Gittas-Verkstad.jpg\" \/>\n\t<meta property=\"og:image:width\" content=\"1024\" \/>\n\t<meta property=\"og:image:height\" content=\"416\" \/>\n\t<meta property=\"og:image:type\" content=\"image\/jpeg\" \/>\n<meta name=\"author\" content=\"gitta\" \/>\n<meta name=\"twitter:card\" content=\"summary_large_image\" \/>\n<meta name=\"twitter:label1\" content=\"Verfasst von\" \/>\n\t<meta name=\"twitter:data1\" content=\"gitta\" \/>\n<script type=\"application\/ld+json\" class=\"yoast-schema-graph\">{\"@context\":\"https:\\\/\\\/schema.org\",\"@graph\":[{\"@type\":\"Article\",\"@id\":\"https:\\\/\\\/www.gittas-verkstad.com\\\/de\\\/aktuell\\\/die-winterpause-ist-vorbei\\\/#article\",\"isPartOf\":{\"@id\":\"https:\\\/\\\/www.gittas-verkstad.com\\\/de\\\/aktuell\\\/die-winterpause-ist-vorbei\\\/\"},\"author\":{\"name\":\"gitta\",\"@id\":\"https:\\\/\\\/www.gittas-verkstad.com\\\/de\\\/#\\\/schema\\\/person\\\/66efc41949b9b5d43667d40db8dfcc57\"},\"headline\":\"Die Winterpause ist vorbei\",\"datePublished\":\"2019-03-09T20:39:51+00:00\",\"dateModified\":\"2019-05-06T19:47:13+00:00\",\"mainEntityOfPage\":{\"@id\":\"https:\\\/\\\/www.gittas-verkstad.com\\\/de\\\/aktuell\\\/die-winterpause-ist-vorbei\\\/\"},\"wordCount\":103,\"publisher\":{\"@id\":\"https:\\\/\\\/www.gittas-verkstad.com\\\/de\\\/#organization\"},\"image\":{\"@id\":\"https:\\\/\\\/www.gittas-verkstad.com\\\/de\\\/aktuell\\\/die-winterpause-ist-vorbei\\\/#primaryimage\"},\"thumbnailUrl\":\"https:\\\/\\\/www.gittas-verkstad.com\\\/de\\\/wp-content\\\/uploads\\\/sites\\\/8\\\/2019\\\/03\\\/Neues-Projekt-f\u00fcr-die-Kunstrunde-\u00c5rj\u00e4ng-2019-Gittas-Verkstad.jpg\",\"keywords\":[\"gen\u00e4hte Loopschals\",\"Handgewebte Schals\",\"Kunstrunde \u00c5rj\u00e4ngs Kommun\",\"M\u00fctzen\",\"Ostermarkt in Lennartsfors\",\"Ostern 2019\",\"Osternmarkt\",\"Ponchos\"],\"articleSection\":[\"Aktuell\"],\"inLanguage\":\"de\"},{\"@type\":\"WebPage\",\"@id\":\"https:\\\/\\\/www.gittas-verkstad.com\\\/de\\\/aktuell\\\/die-winterpause-ist-vorbei\\\/\",\"url\":\"https:\\\/\\\/www.gittas-verkstad.com\\\/de\\\/aktuell\\\/die-winterpause-ist-vorbei\\\/\",\"name\":\"Die Winterpause vorbei und die Vorbereitungen f\u00fcr Ostern starten\",\"isPartOf\":{\"@id\":\"https:\\\/\\\/www.gittas-verkstad.com\\\/de\\\/#website\"},\"primaryImageOfPage\":{\"@id\":\"https:\\\/\\\/www.gittas-verkstad.com\\\/de\\\/aktuell\\\/die-winterpause-ist-vorbei\\\/#primaryimage\"},\"image\":{\"@id\":\"https:\\\/\\\/www.gittas-verkstad.com\\\/de\\\/aktuell\\\/die-winterpause-ist-vorbei\\\/#primaryimage\"},\"thumbnailUrl\":\"https:\\\/\\\/www.gittas-verkstad.com\\\/de\\\/wp-content\\\/uploads\\\/sites\\\/8\\\/2019\\\/03\\\/Neues-Projekt-f\u00fcr-die-Kunstrunde-\u00c5rj\u00e4ng-2019-Gittas-Verkstad.jpg\",\"datePublished\":\"2019-03-09T20:39:51+00:00\",\"dateModified\":\"2019-05-06T19:47:13+00:00\",\"description\":\"Die Vorbereitungen f\u00fcr die Kunstrunde \u00c5rj\u00e4ngs Kommun Ostern 2019 und den Ostermarkt in Lennartsfors laufen auf Hochtouren.\",\"breadcrumb\":{\"@id\":\"https:\\\/\\\/www.gittas-verkstad.com\\\/de\\\/aktuell\\\/die-winterpause-ist-vorbei\\\/#breadcrumb\"},\"inLanguage\":\"de\",\"potentialAction\":[{\"@type\":\"ReadAction\",\"target\":[\"https:\\\/\\\/www.gittas-verkstad.com\\\/de\\\/aktuell\\\/die-winterpause-ist-vorbei\\\/\"]}]},{\"@type\":\"ImageObject\",\"inLanguage\":\"de\",\"@id\":\"https:\\\/\\\/www.gittas-verkstad.com\\\/de\\\/aktuell\\\/die-winterpause-ist-vorbei\\\/#primaryimage\",\"url\":\"https:\\\/\\\/www.gittas-verkstad.com\\\/de\\\/wp-content\\\/uploads\\\/sites\\\/8\\\/2019\\\/03\\\/Neues-Projekt-f\u00fcr-die-Kunstrunde-\u00c5rj\u00e4ng-2019-Gittas-Verkstad.jpg\",\"contentUrl\":\"https:\\\/\\\/www.gittas-verkstad.com\\\/de\\\/wp-content\\\/uploads\\\/sites\\\/8\\\/2019\\\/03\\\/Neues-Projekt-f\u00fcr-die-Kunstrunde-\u00c5rj\u00e4ng-2019-Gittas-Verkstad.jpg\",\"width\":1024,\"height\":416},{\"@type\":\"BreadcrumbList\",\"@id\":\"https:\\\/\\\/www.gittas-verkstad.com\\\/de\\\/aktuell\\\/die-winterpause-ist-vorbei\\\/#breadcrumb\",\"itemListElement\":[{\"@type\":\"ListItem\",\"position\":1,\"name\":\"Startseite\",\"item\":\"https:\\\/\\\/www.gittas-verkstad.com\\\/de\\\/\"},{\"@type\":\"ListItem\",\"position\":2,\"name\":\"Die Winterpause ist vorbei\"}]},{\"@type\":\"WebSite\",\"@id\":\"https:\\\/\\\/www.gittas-verkstad.com\\\/de\\\/#website\",\"url\":\"https:\\\/\\\/www.gittas-verkstad.com\\\/de\\\/\",\"name\":\"Gittas verkstad\",\"description\":\"Gitta betreibt in Lennartsfors eine Werkstatt f\u00fcr Weben, Kunst und Design. Ihre Produkte verkauft sie in ihrer Gallerie auf Gjut\u00e5s am Dalslands Kanal.\",\"publisher\":{\"@id\":\"https:\\\/\\\/www.gittas-verkstad.com\\\/de\\\/#organization\"},\"potentialAction\":[{\"@type\":\"SearchAction\",\"target\":{\"@type\":\"EntryPoint\",\"urlTemplate\":\"https:\\\/\\\/www.gittas-verkstad.com\\\/de\\\/?s={search_term_string}\"},\"query-input\":{\"@type\":\"PropertyValueSpecification\",\"valueRequired\":true,\"valueName\":\"search_term_string\"}}],\"inLanguage\":\"de\"},{\"@type\":\"Organization\",\"@id\":\"https:\\\/\\\/www.gittas-verkstad.com\\\/de\\\/#organization\",\"name\":\"Gittas verkstad\",\"url\":\"https:\\\/\\\/www.gittas-verkstad.com\\\/de\\\/\",\"logo\":{\"@type\":\"ImageObject\",\"inLanguage\":\"de\",\"@id\":\"https:\\\/\\\/www.gittas-verkstad.com\\\/de\\\/#\\\/schema\\\/logo\\\/image\\\/\",\"url\":\"https:\\\/\\\/www.gittas-verkstad.com\\\/de\\\/wp-content\\\/uploads\\\/sites\\\/8\\\/2018\\\/04\\\/Gittas-verkstad-logo.jpg\",\"contentUrl\":\"https:\\\/\\\/www.gittas-verkstad.com\\\/de\\\/wp-content\\\/uploads\\\/sites\\\/8\\\/2018\\\/04\\\/Gittas-verkstad-logo.jpg\",\"width\":617,\"height\":146,\"caption\":\"Gittas verkstad\"},\"image\":{\"@id\":\"https:\\\/\\\/www.gittas-verkstad.com\\\/de\\\/#\\\/schema\\\/logo\\\/image\\\/\"},\"sameAs\":[\"https:\\\/\\\/www.facebook.com\\\/gittasverkstad\\\/\"]},{\"@type\":\"Person\",\"@id\":\"https:\\\/\\\/www.gittas-verkstad.com\\\/de\\\/#\\\/schema\\\/person\\\/66efc41949b9b5d43667d40db8dfcc57\",\"name\":\"gitta\",\"url\":\"https:\\\/\\\/www.gittas-verkstad.com\\\/de\\\/author\\\/gitta\\\/\"}]}<\/script>\n<!-- \/ Yoast SEO plugin. -->","yoast_head_json":{"title":"Die Winterpause vorbei und die Vorbereitungen f\u00fcr Ostern starten","description":"Die Vorbereitungen f\u00fcr die Kunstrunde \u00c5rj\u00e4ngs Kommun Ostern 2019 und den Ostermarkt in Lennartsfors laufen auf Hochtouren.","robots":{"index":"index","follow":"follow","max-snippet":"max-snippet:-1","max-image-preview":"max-image-preview:large","max-video-preview":"max-video-preview:-1"},"canonical":"https:\/\/www.gittas-verkstad.com\/de\/aktuell\/die-winterpause-ist-vorbei\/","og_locale":"de_DE","og_type":"article","og_title":"Die Winterpause vorbei und die Vorbereitungen f\u00fcr Ostern starten","og_description":"Die Vorbereitungen f\u00fcr die Kunstrunde \u00c5rj\u00e4ngs Kommun Ostern 2019 und den Ostermarkt in Lennartsfors laufen auf Hochtouren.","og_url":"https:\/\/www.gittas-verkstad.com\/de\/aktuell\/die-winterpause-ist-vorbei\/","og_site_name":"Gittas verkstad Weben, Kunst, Design \/ de \/ Lennartsfors","article_publisher":"https:\/\/www.facebook.com\/gittasverkstad\/","article_published_time":"2019-03-09T20:39:51+00:00","article_modified_time":"2019-05-06T19:47:13+00:00","og_image":[{"width":1024,"height":416,"url":"https:\/\/www.gittas-verkstad.com\/de\/wp-content\/uploads\/sites\/8\/2019\/03\/Neues-Projekt-f\u00fcr-die-Kunstrunde-\u00c5rj\u00e4ng-2019-Gittas-Verkstad.jpg","type":"image\/jpeg"}],"author":"gitta","twitter_card":"summary_large_image","twitter_misc":{"Verfasst von":"gitta"},"schema":{"@context":"https:\/\/schema.org","@graph":[{"@type":"Article","@id":"https:\/\/www.gittas-verkstad.com\/de\/aktuell\/die-winterpause-ist-vorbei\/#article","isPartOf":{"@id":"https:\/\/www.gittas-verkstad.com\/de\/aktuell\/die-winterpause-ist-vorbei\/"},"author":{"name":"gitta","@id":"https:\/\/www.gittas-verkstad.com\/de\/#\/schema\/person\/66efc41949b9b5d43667d40db8dfcc57"},"headline":"Die Winterpause ist vorbei","datePublished":"2019-03-09T20:39:51+00:00","dateModified":"2019-05-06T19:47:13+00:00","mainEntityOfPage":{"@id":"https:\/\/www.gittas-verkstad.com\/de\/aktuell\/die-winterpause-ist-vorbei\/"},"wordCount":103,"publisher":{"@id":"https:\/\/www.gittas-verkstad.com\/de\/#organization"},"image":{"@id":"https:\/\/www.gittas-verkstad.com\/de\/aktuell\/die-winterpause-ist-vorbei\/#primaryimage"},"thumbnailUrl":"https:\/\/www.gittas-verkstad.com\/de\/wp-content\/uploads\/sites\/8\/2019\/03\/Neues-Projekt-f\u00fcr-die-Kunstrunde-\u00c5rj\u00e4ng-2019-Gittas-Verkstad.jpg","keywords":["gen\u00e4hte Loopschals","Handgewebte Schals","Kunstrunde \u00c5rj\u00e4ngs Kommun","M\u00fctzen","Ostermarkt in Lennartsfors","Ostern 2019","Osternmarkt","Ponchos"],"articleSection":["Aktuell"],"inLanguage":"de"},{"@type":"WebPage","@id":"https:\/\/www.gittas-verkstad.com\/de\/aktuell\/die-winterpause-ist-vorbei\/","url":"https:\/\/www.gittas-verkstad.com\/de\/aktuell\/die-winterpause-ist-vorbei\/","name":"Die Winterpause vorbei und die Vorbereitungen f\u00fcr Ostern starten","isPartOf":{"@id":"https:\/\/www.gittas-verkstad.com\/de\/#website"},"primaryImageOfPage":{"@id":"https:\/\/www.gittas-verkstad.com\/de\/aktuell\/die-winterpause-ist-vorbei\/#primaryimage"},"image":{"@id":"https:\/\/www.gittas-verkstad.com\/de\/aktuell\/die-winterpause-ist-vorbei\/#primaryimage"},"thumbnailUrl":"https:\/\/www.gittas-verkstad.com\/de\/wp-content\/uploads\/sites\/8\/2019\/03\/Neues-Projekt-f\u00fcr-die-Kunstrunde-\u00c5rj\u00e4ng-2019-Gittas-Verkstad.jpg","datePublished":"2019-03-09T20:39:51+00:00","dateModified":"2019-05-06T19:47:13+00:00","description":"Die Vorbereitungen f\u00fcr die Kunstrunde \u00c5rj\u00e4ngs Kommun Ostern 2019 und den Ostermarkt in Lennartsfors laufen auf Hochtouren.","breadcrumb":{"@id":"https:\/\/www.gittas-verkstad.com\/de\/aktuell\/die-winterpause-ist-vorbei\/#breadcrumb"},"inLanguage":"de","potentialAction":[{"@type":"ReadAction","target":["https:\/\/www.gittas-verkstad.com\/de\/aktuell\/die-winterpause-ist-vorbei\/"]}]},{"@type":"ImageObject","inLanguage":"de","@id":"https:\/\/www.gittas-verkstad.com\/de\/aktuell\/die-winterpause-ist-vorbei\/#primaryimage","url":"https:\/\/www.gittas-verkstad.com\/de\/wp-content\/uploads\/sites\/8\/2019\/03\/Neues-Projekt-f\u00fcr-die-Kunstrunde-\u00c5rj\u00e4ng-2019-Gittas-Verkstad.jpg","contentUrl":"https:\/\/www.gittas-verkstad.com\/de\/wp-content\/uploads\/sites\/8\/2019\/03\/Neues-Projekt-f\u00fcr-die-Kunstrunde-\u00c5rj\u00e4ng-2019-Gittas-Verkstad.jpg","width":1024,"height":416},{"@type":"BreadcrumbList","@id":"https:\/\/www.gittas-verkstad.com\/de\/aktuell\/die-winterpause-ist-vorbei\/#breadcrumb","itemListElement":[{"@type":"ListItem","position":1,"name":"Startseite","item":"https:\/\/www.gittas-verkstad.com\/de\/"},{"@type":"ListItem","position":2,"name":"Die Winterpause ist vorbei"}]},{"@type":"WebSite","@id":"https:\/\/www.gittas-verkstad.com\/de\/#website","url":"https:\/\/www.gittas-verkstad.com\/de\/","name":"Gittas verkstad","description":"Gitta betreibt in Lennartsfors eine Werkstatt f\u00fcr Weben, Kunst und Design. Ihre Produkte verkauft sie in ihrer Gallerie auf Gjut\u00e5s am Dalslands Kanal.","publisher":{"@id":"https:\/\/www.gittas-verkstad.com\/de\/#organization"},"potentialAction":[{"@type":"SearchAction","target":{"@type":"EntryPoint","urlTemplate":"https:\/\/www.gittas-verkstad.com\/de\/?s={search_term_string}"},"query-input":{"@type":"PropertyValueSpecification","valueRequired":true,"valueName":"search_term_string"}}],"inLanguage":"de"},{"@type":"Organization","@id":"https:\/\/www.gittas-verkstad.com\/de\/#organization","name":"Gittas verkstad","url":"https:\/\/www.gittas-verkstad.com\/de\/","logo":{"@type":"ImageObject","inLanguage":"de","@id":"https:\/\/www.gittas-verkstad.com\/de\/#\/schema\/logo\/image\/","url":"https:\/\/www.gittas-verkstad.com\/de\/wp-content\/uploads\/sites\/8\/2018\/04\/Gittas-verkstad-logo.jpg","contentUrl":"https:\/\/www.gittas-verkstad.com\/de\/wp-content\/uploads\/sites\/8\/2018\/04\/Gittas-verkstad-logo.jpg","width":617,"height":146,"caption":"Gittas verkstad"},"image":{"@id":"https:\/\/www.gittas-verkstad.com\/de\/#\/schema\/logo\/image\/"},"sameAs":["https:\/\/www.facebook.com\/gittasverkstad\/"]},{"@type":"Person","@id":"https:\/\/www.gittas-verkstad.com\/de\/#\/schema\/person\/66efc41949b9b5d43667d40db8dfcc57","name":"gitta","url":"https:\/\/www.gittas-verkstad.com\/de\/author\/gitta\/"}]}},"_links":{"self":[{"href":"https:\/\/www.gittas-verkstad.com\/de\/wp-json\/wp\/v2\/posts\/1300","targetHints":{"allow":["GET"]}}],"collection":[{"href":"https:\/\/www.gittas-verkstad.com\/de\/wp-json\/wp\/v2\/posts"}],"about":[{"href":"https:\/\/www.gittas-verkstad.com\/de\/wp-json\/wp\/v2\/types\/post"}],"author":[{"embeddable":true,"href":"https:\/\/www.gittas-verkstad.com\/de\/wp-json\/wp\/v2\/users\/1"}],"replies":[{"embeddable":true,"href":"https:\/\/www.gittas-verkstad.com\/de\/wp-json\/wp\/v2\/comments?post=1300"}],"version-history":[{"count":3,"href":"https:\/\/www.gittas-verkstad.com\/de\/wp-json\/wp\/v2\/posts\/1300\/revisions"}],"predecessor-version":[{"id":1326,"href":"https:\/\/www.gittas-verkstad.com\/de\/wp-json\/wp\/v2\/posts\/1300\/revisions\/1326"}],"wp:featuredmedia":[{"embeddable":true,"href":"https:\/\/www.gittas-verkstad.com\/de\/wp-json\/wp\/v2\/media\/1302"}],"wp:attachment":[{"href":"https:\/\/www.gittas-verkstad.com\/de\/wp-json\/wp\/v2\/media?parent=1300"}],"wp:term":[{"taxonomy":"category","embeddable":true,"href":"https:\/\/www.gittas-verkstad.com\/de\/wp-json\/wp\/v2\/categories?post=1300"},{"taxonomy":"post_tag","embeddable":true,"href":"https:\/\/www.gittas-verkstad.com\/de\/wp-json\/wp\/v2\/tags?post=1300"}],"curies":[{"name":"wp","href":"https:\/\/api.w.org\/{rel}","templated":true}]}}