{"id":1144,"date":"2018-11-29T20:39:47","date_gmt":"2018-11-29T19:39:47","guid":{"rendered":"http:\/\/www.gittas-verkstad.com\/de\/?p=1144"},"modified":"2018-12-19T20:57:39","modified_gmt":"2018-12-19T19:57:39","slug":"weihnachtsmarkt-im-huset-pa-strand-in-arjaeng","status":"publish","type":"post","link":"https:\/\/www.gittas-verkstad.com\/de\/aktuell\/weihnachtsmarkt-im-huset-pa-strand-in-arjaeng\/","title":{"rendered":"Gittas Verkstad auf dem Weihnachtsmarkt im Huset p\u00e5 Strand in \u00c5rj\u00e4ng"},"content":{"rendered":"<p>Gittas Verkstad nimmt am ersten Advent an dem Weihnachtsmarkt im &#8222;Huset p\u00e5 Strand&#8220; teil.<\/p>\n<h4>Weihnachtsmarkt im Huset p\u00e5 Strand<\/h4>\n<p>Am Samstag 1. Dezember und am Sonntag 2. Dezember findet ihr Gittas Verkstad mit neuen Produkten auf dem stimmungsvollen Weihnachtsmarkt im Huset p\u00e5 Strand in \u00c5rj\u00e4ng.<\/p>\n<p>Ganz neu sind die von mir gen\u00e4hten M\u00fctzen und Schals aus Merinowolle. Weiterhin biete ich viele sch\u00f6ne handgwebte Schals, Ponchos, Halsketten, Ohrringe und Kerzenhalter aus Peters Werkstatt an.<\/p>\n<h4>\u00d6ffnungszeiten<\/h4>\n<p>Am Samstag \u00f6ffnet der Weihnachtsmarkt von 10:00 &#8211; 16:00 und am Sonntag von 11:00 &#8211; 16:00.<\/p>\n<p>Herzlich willkommen!<\/p>\n","protected":false},"excerpt":{"rendered":"<p>Gittas Verkstad nimmt am ersten Advent an dem Weihnachtsmarkt im &#8222;Huset p\u00e5 Strand&#8220; teil. Weihnachtsmarkt im Huset p\u00e5 Strand Am Samstag 1. Dezember und am Sonntag 2. Dezember findet ihr Gittas Verkstad mit neuen Produkten auf dem stimmungsvollen Weihnachtsmarkt im <a class=\"more-link\" href=\"https:\/\/www.gittas-verkstad.com\/de\/aktuell\/weihnachtsmarkt-im-huset-pa-strand-in-arjaeng\/\">weiterlesen&#8230;<\/a><\/p>\n","protected":false},"author":1,"featured_media":1145,"comment_status":"closed","ping_status":"closed","sticky":false,"template":"","format":"standard","meta":{"footnotes":""},"categories":[2],"tags":[39,230,8,11,231,264,265,68],"class_list":["post-1144","post","type-post","status-publish","format-standard","has-post-thumbnail","hentry","category-aktuell","tag-arjaeng","tag-erster-advent","tag-gittas-verkstad","tag-handgewebte-schals","tag-huset-pa-strand","tag-muetzen","tag-schals-aus-merinowolle","tag-weihnachtsmarkt"],"yoast_head":"<!-- This site is optimized with the Yoast SEO plugin v27.5 - https:\/\/yoast.com\/product\/yoast-seo-wordpress\/ -->\n<title>Weihnachtsmarkt im Huset p\u00e5 Strand mit Gittas verkstad<\/title>\n<meta name=\"description\" content=\"Gittas Verkstad am Samstag 1. Dezember und am Sonntag 2. Dezember auf dem Weihnachtsmarkt im &quot;Huset p\u00e5 Strand&quot; in \u00c5rj\u00e4ng.\" \/>\n<meta name=\"robots\" content=\"index, follow, max-snippet:-1, max-image-preview:large, max-video-preview:-1\" \/>\n<link rel=\"canonical\" href=\"https:\/\/www.gittas-verkstad.com\/de\/aktuell\/weihnachtsmarkt-im-huset-pa-strand-in-arjaeng\/\" \/>\n<meta property=\"og:locale\" content=\"de_DE\" \/>\n<meta property=\"og:type\" content=\"article\" \/>\n<meta property=\"og:title\" content=\"Weihnachtsmarkt im Huset p\u00e5 Strand mit Gittas verkstad\" \/>\n<meta property=\"og:description\" content=\"Gittas Verkstad am Samstag 1. Dezember und am Sonntag 2. Dezember auf dem Weihnachtsmarkt im &quot;Huset p\u00e5 Strand&quot; in \u00c5rj\u00e4ng.\" \/>\n<meta property=\"og:url\" content=\"https:\/\/www.gittas-verkstad.com\/de\/aktuell\/weihnachtsmarkt-im-huset-pa-strand-in-arjaeng\/\" \/>\n<meta property=\"og:site_name\" content=\"Gittas verkstad Weben, Kunst, Design \/ de \/ Lennartsfors\" \/>\n<meta property=\"article:publisher\" content=\"https:\/\/www.facebook.com\/gittasverkstad\/\" \/>\n<meta property=\"article:published_time\" content=\"2018-11-29T19:39:47+00:00\" \/>\n<meta property=\"article:modified_time\" content=\"2018-12-19T19:57:39+00:00\" \/>\n<meta property=\"og:image\" content=\"https:\/\/www.gittas-verkstad.com\/de\/wp-content\/uploads\/sites\/8\/2018\/11\/IMG_5300-e1543520225593.jpg\" \/>\n\t<meta property=\"og:image:width\" content=\"1024\" \/>\n\t<meta property=\"og:image:height\" content=\"683\" \/>\n\t<meta property=\"og:image:type\" content=\"image\/jpeg\" \/>\n<meta name=\"author\" content=\"gitta\" \/>\n<meta name=\"twitter:card\" content=\"summary_large_image\" \/>\n<meta name=\"twitter:label1\" content=\"Verfasst von\" \/>\n\t<meta name=\"twitter:data1\" content=\"gitta\" \/>\n<script type=\"application\/ld+json\" class=\"yoast-schema-graph\">{\"@context\":\"https:\\\/\\\/schema.org\",\"@graph\":[{\"@type\":\"Article\",\"@id\":\"https:\\\/\\\/www.gittas-verkstad.com\\\/de\\\/aktuell\\\/weihnachtsmarkt-im-huset-pa-strand-in-arjaeng\\\/#article\",\"isPartOf\":{\"@id\":\"https:\\\/\\\/www.gittas-verkstad.com\\\/de\\\/aktuell\\\/weihnachtsmarkt-im-huset-pa-strand-in-arjaeng\\\/\"},\"author\":{\"name\":\"gitta\",\"@id\":\"https:\\\/\\\/www.gittas-verkstad.com\\\/de\\\/#\\\/schema\\\/person\\\/66efc41949b9b5d43667d40db8dfcc57\"},\"headline\":\"Gittas Verkstad auf dem Weihnachtsmarkt im Huset p\u00e5 Strand in \u00c5rj\u00e4ng\",\"datePublished\":\"2018-11-29T19:39:47+00:00\",\"dateModified\":\"2018-12-19T19:57:39+00:00\",\"mainEntityOfPage\":{\"@id\":\"https:\\\/\\\/www.gittas-verkstad.com\\\/de\\\/aktuell\\\/weihnachtsmarkt-im-huset-pa-strand-in-arjaeng\\\/\"},\"wordCount\":102,\"publisher\":{\"@id\":\"https:\\\/\\\/www.gittas-verkstad.com\\\/de\\\/#organization\"},\"image\":{\"@id\":\"https:\\\/\\\/www.gittas-verkstad.com\\\/de\\\/aktuell\\\/weihnachtsmarkt-im-huset-pa-strand-in-arjaeng\\\/#primaryimage\"},\"thumbnailUrl\":\"https:\\\/\\\/www.gittas-verkstad.com\\\/de\\\/wp-content\\\/uploads\\\/sites\\\/8\\\/2018\\\/11\\\/IMG_5300-e1543520225593.jpg\",\"keywords\":[\"\u00c5rj\u00e4ng\",\"erster Advent\",\"Gittas verkstad\",\"Handgewebte Schals\",\"Huset p\u00e5 Strand\",\"M\u00fctzen\",\"Schals aus Merinowolle\",\"Weihnachtsmarkt\"],\"articleSection\":[\"Aktuell\"],\"inLanguage\":\"de\"},{\"@type\":\"WebPage\",\"@id\":\"https:\\\/\\\/www.gittas-verkstad.com\\\/de\\\/aktuell\\\/weihnachtsmarkt-im-huset-pa-strand-in-arjaeng\\\/\",\"url\":\"https:\\\/\\\/www.gittas-verkstad.com\\\/de\\\/aktuell\\\/weihnachtsmarkt-im-huset-pa-strand-in-arjaeng\\\/\",\"name\":\"Weihnachtsmarkt im Huset p\u00e5 Strand mit Gittas verkstad\",\"isPartOf\":{\"@id\":\"https:\\\/\\\/www.gittas-verkstad.com\\\/de\\\/#website\"},\"primaryImageOfPage\":{\"@id\":\"https:\\\/\\\/www.gittas-verkstad.com\\\/de\\\/aktuell\\\/weihnachtsmarkt-im-huset-pa-strand-in-arjaeng\\\/#primaryimage\"},\"image\":{\"@id\":\"https:\\\/\\\/www.gittas-verkstad.com\\\/de\\\/aktuell\\\/weihnachtsmarkt-im-huset-pa-strand-in-arjaeng\\\/#primaryimage\"},\"thumbnailUrl\":\"https:\\\/\\\/www.gittas-verkstad.com\\\/de\\\/wp-content\\\/uploads\\\/sites\\\/8\\\/2018\\\/11\\\/IMG_5300-e1543520225593.jpg\",\"datePublished\":\"2018-11-29T19:39:47+00:00\",\"dateModified\":\"2018-12-19T19:57:39+00:00\",\"description\":\"Gittas Verkstad am Samstag 1. Dezember und am Sonntag 2. Dezember auf dem Weihnachtsmarkt im \\\"Huset p\u00e5 Strand\\\" in \u00c5rj\u00e4ng.\",\"breadcrumb\":{\"@id\":\"https:\\\/\\\/www.gittas-verkstad.com\\\/de\\\/aktuell\\\/weihnachtsmarkt-im-huset-pa-strand-in-arjaeng\\\/#breadcrumb\"},\"inLanguage\":\"de\",\"potentialAction\":[{\"@type\":\"ReadAction\",\"target\":[\"https:\\\/\\\/www.gittas-verkstad.com\\\/de\\\/aktuell\\\/weihnachtsmarkt-im-huset-pa-strand-in-arjaeng\\\/\"]}]},{\"@type\":\"ImageObject\",\"inLanguage\":\"de\",\"@id\":\"https:\\\/\\\/www.gittas-verkstad.com\\\/de\\\/aktuell\\\/weihnachtsmarkt-im-huset-pa-strand-in-arjaeng\\\/#primaryimage\",\"url\":\"https:\\\/\\\/www.gittas-verkstad.com\\\/de\\\/wp-content\\\/uploads\\\/sites\\\/8\\\/2018\\\/11\\\/IMG_5300-e1543520225593.jpg\",\"contentUrl\":\"https:\\\/\\\/www.gittas-verkstad.com\\\/de\\\/wp-content\\\/uploads\\\/sites\\\/8\\\/2018\\\/11\\\/IMG_5300-e1543520225593.jpg\",\"width\":1024,\"height\":683},{\"@type\":\"BreadcrumbList\",\"@id\":\"https:\\\/\\\/www.gittas-verkstad.com\\\/de\\\/aktuell\\\/weihnachtsmarkt-im-huset-pa-strand-in-arjaeng\\\/#breadcrumb\",\"itemListElement\":[{\"@type\":\"ListItem\",\"position\":1,\"name\":\"Startseite\",\"item\":\"https:\\\/\\\/www.gittas-verkstad.com\\\/de\\\/\"},{\"@type\":\"ListItem\",\"position\":2,\"name\":\"Gittas Verkstad auf dem Weihnachtsmarkt im Huset p\u00e5 Strand in \u00c5rj\u00e4ng\"}]},{\"@type\":\"WebSite\",\"@id\":\"https:\\\/\\\/www.gittas-verkstad.com\\\/de\\\/#website\",\"url\":\"https:\\\/\\\/www.gittas-verkstad.com\\\/de\\\/\",\"name\":\"Gittas verkstad\",\"description\":\"Gitta betreibt in Lennartsfors eine Werkstatt f\u00fcr Weben, Kunst und Design. Ihre Produkte verkauft sie in ihrer Gallerie auf Gjut\u00e5s am Dalslands Kanal.\",\"publisher\":{\"@id\":\"https:\\\/\\\/www.gittas-verkstad.com\\\/de\\\/#organization\"},\"potentialAction\":[{\"@type\":\"SearchAction\",\"target\":{\"@type\":\"EntryPoint\",\"urlTemplate\":\"https:\\\/\\\/www.gittas-verkstad.com\\\/de\\\/?s={search_term_string}\"},\"query-input\":{\"@type\":\"PropertyValueSpecification\",\"valueRequired\":true,\"valueName\":\"search_term_string\"}}],\"inLanguage\":\"de\"},{\"@type\":\"Organization\",\"@id\":\"https:\\\/\\\/www.gittas-verkstad.com\\\/de\\\/#organization\",\"name\":\"Gittas verkstad\",\"url\":\"https:\\\/\\\/www.gittas-verkstad.com\\\/de\\\/\",\"logo\":{\"@type\":\"ImageObject\",\"inLanguage\":\"de\",\"@id\":\"https:\\\/\\\/www.gittas-verkstad.com\\\/de\\\/#\\\/schema\\\/logo\\\/image\\\/\",\"url\":\"https:\\\/\\\/www.gittas-verkstad.com\\\/de\\\/wp-content\\\/uploads\\\/sites\\\/8\\\/2018\\\/04\\\/Gittas-verkstad-logo.jpg\",\"contentUrl\":\"https:\\\/\\\/www.gittas-verkstad.com\\\/de\\\/wp-content\\\/uploads\\\/sites\\\/8\\\/2018\\\/04\\\/Gittas-verkstad-logo.jpg\",\"width\":617,\"height\":146,\"caption\":\"Gittas verkstad\"},\"image\":{\"@id\":\"https:\\\/\\\/www.gittas-verkstad.com\\\/de\\\/#\\\/schema\\\/logo\\\/image\\\/\"},\"sameAs\":[\"https:\\\/\\\/www.facebook.com\\\/gittasverkstad\\\/\"]},{\"@type\":\"Person\",\"@id\":\"https:\\\/\\\/www.gittas-verkstad.com\\\/de\\\/#\\\/schema\\\/person\\\/66efc41949b9b5d43667d40db8dfcc57\",\"name\":\"gitta\",\"url\":\"https:\\\/\\\/www.gittas-verkstad.com\\\/de\\\/author\\\/gitta\\\/\"}]}<\/script>\n<!-- \/ Yoast SEO plugin. -->","yoast_head_json":{"title":"Weihnachtsmarkt im Huset p\u00e5 Strand mit Gittas verkstad","description":"Gittas Verkstad am Samstag 1. Dezember und am Sonntag 2. Dezember auf dem Weihnachtsmarkt im \"Huset p\u00e5 Strand\" in \u00c5rj\u00e4ng.","robots":{"index":"index","follow":"follow","max-snippet":"max-snippet:-1","max-image-preview":"max-image-preview:large","max-video-preview":"max-video-preview:-1"},"canonical":"https:\/\/www.gittas-verkstad.com\/de\/aktuell\/weihnachtsmarkt-im-huset-pa-strand-in-arjaeng\/","og_locale":"de_DE","og_type":"article","og_title":"Weihnachtsmarkt im Huset p\u00e5 Strand mit Gittas verkstad","og_description":"Gittas Verkstad am Samstag 1. Dezember und am Sonntag 2. Dezember auf dem Weihnachtsmarkt im \"Huset p\u00e5 Strand\" in \u00c5rj\u00e4ng.","og_url":"https:\/\/www.gittas-verkstad.com\/de\/aktuell\/weihnachtsmarkt-im-huset-pa-strand-in-arjaeng\/","og_site_name":"Gittas verkstad Weben, Kunst, Design \/ de \/ Lennartsfors","article_publisher":"https:\/\/www.facebook.com\/gittasverkstad\/","article_published_time":"2018-11-29T19:39:47+00:00","article_modified_time":"2018-12-19T19:57:39+00:00","og_image":[{"width":1024,"height":683,"url":"https:\/\/www.gittas-verkstad.com\/de\/wp-content\/uploads\/sites\/8\/2018\/11\/IMG_5300-e1543520225593.jpg","type":"image\/jpeg"}],"author":"gitta","twitter_card":"summary_large_image","twitter_misc":{"Verfasst von":"gitta"},"schema":{"@context":"https:\/\/schema.org","@graph":[{"@type":"Article","@id":"https:\/\/www.gittas-verkstad.com\/de\/aktuell\/weihnachtsmarkt-im-huset-pa-strand-in-arjaeng\/#article","isPartOf":{"@id":"https:\/\/www.gittas-verkstad.com\/de\/aktuell\/weihnachtsmarkt-im-huset-pa-strand-in-arjaeng\/"},"author":{"name":"gitta","@id":"https:\/\/www.gittas-verkstad.com\/de\/#\/schema\/person\/66efc41949b9b5d43667d40db8dfcc57"},"headline":"Gittas Verkstad auf dem Weihnachtsmarkt im Huset p\u00e5 Strand in \u00c5rj\u00e4ng","datePublished":"2018-11-29T19:39:47+00:00","dateModified":"2018-12-19T19:57:39+00:00","mainEntityOfPage":{"@id":"https:\/\/www.gittas-verkstad.com\/de\/aktuell\/weihnachtsmarkt-im-huset-pa-strand-in-arjaeng\/"},"wordCount":102,"publisher":{"@id":"https:\/\/www.gittas-verkstad.com\/de\/#organization"},"image":{"@id":"https:\/\/www.gittas-verkstad.com\/de\/aktuell\/weihnachtsmarkt-im-huset-pa-strand-in-arjaeng\/#primaryimage"},"thumbnailUrl":"https:\/\/www.gittas-verkstad.com\/de\/wp-content\/uploads\/sites\/8\/2018\/11\/IMG_5300-e1543520225593.jpg","keywords":["\u00c5rj\u00e4ng","erster Advent","Gittas verkstad","Handgewebte Schals","Huset p\u00e5 Strand","M\u00fctzen","Schals aus Merinowolle","Weihnachtsmarkt"],"articleSection":["Aktuell"],"inLanguage":"de"},{"@type":"WebPage","@id":"https:\/\/www.gittas-verkstad.com\/de\/aktuell\/weihnachtsmarkt-im-huset-pa-strand-in-arjaeng\/","url":"https:\/\/www.gittas-verkstad.com\/de\/aktuell\/weihnachtsmarkt-im-huset-pa-strand-in-arjaeng\/","name":"Weihnachtsmarkt im Huset p\u00e5 Strand mit Gittas verkstad","isPartOf":{"@id":"https:\/\/www.gittas-verkstad.com\/de\/#website"},"primaryImageOfPage":{"@id":"https:\/\/www.gittas-verkstad.com\/de\/aktuell\/weihnachtsmarkt-im-huset-pa-strand-in-arjaeng\/#primaryimage"},"image":{"@id":"https:\/\/www.gittas-verkstad.com\/de\/aktuell\/weihnachtsmarkt-im-huset-pa-strand-in-arjaeng\/#primaryimage"},"thumbnailUrl":"https:\/\/www.gittas-verkstad.com\/de\/wp-content\/uploads\/sites\/8\/2018\/11\/IMG_5300-e1543520225593.jpg","datePublished":"2018-11-29T19:39:47+00:00","dateModified":"2018-12-19T19:57:39+00:00","description":"Gittas Verkstad am Samstag 1. Dezember und am Sonntag 2. Dezember auf dem Weihnachtsmarkt im \"Huset p\u00e5 Strand\" in \u00c5rj\u00e4ng.","breadcrumb":{"@id":"https:\/\/www.gittas-verkstad.com\/de\/aktuell\/weihnachtsmarkt-im-huset-pa-strand-in-arjaeng\/#breadcrumb"},"inLanguage":"de","potentialAction":[{"@type":"ReadAction","target":["https:\/\/www.gittas-verkstad.com\/de\/aktuell\/weihnachtsmarkt-im-huset-pa-strand-in-arjaeng\/"]}]},{"@type":"ImageObject","inLanguage":"de","@id":"https:\/\/www.gittas-verkstad.com\/de\/aktuell\/weihnachtsmarkt-im-huset-pa-strand-in-arjaeng\/#primaryimage","url":"https:\/\/www.gittas-verkstad.com\/de\/wp-content\/uploads\/sites\/8\/2018\/11\/IMG_5300-e1543520225593.jpg","contentUrl":"https:\/\/www.gittas-verkstad.com\/de\/wp-content\/uploads\/sites\/8\/2018\/11\/IMG_5300-e1543520225593.jpg","width":1024,"height":683},{"@type":"BreadcrumbList","@id":"https:\/\/www.gittas-verkstad.com\/de\/aktuell\/weihnachtsmarkt-im-huset-pa-strand-in-arjaeng\/#breadcrumb","itemListElement":[{"@type":"ListItem","position":1,"name":"Startseite","item":"https:\/\/www.gittas-verkstad.com\/de\/"},{"@type":"ListItem","position":2,"name":"Gittas Verkstad auf dem Weihnachtsmarkt im Huset p\u00e5 Strand in \u00c5rj\u00e4ng"}]},{"@type":"WebSite","@id":"https:\/\/www.gittas-verkstad.com\/de\/#website","url":"https:\/\/www.gittas-verkstad.com\/de\/","name":"Gittas verkstad","description":"Gitta betreibt in Lennartsfors eine Werkstatt f\u00fcr Weben, Kunst und Design. Ihre Produkte verkauft sie in ihrer Gallerie auf Gjut\u00e5s am Dalslands Kanal.","publisher":{"@id":"https:\/\/www.gittas-verkstad.com\/de\/#organization"},"potentialAction":[{"@type":"SearchAction","target":{"@type":"EntryPoint","urlTemplate":"https:\/\/www.gittas-verkstad.com\/de\/?s={search_term_string}"},"query-input":{"@type":"PropertyValueSpecification","valueRequired":true,"valueName":"search_term_string"}}],"inLanguage":"de"},{"@type":"Organization","@id":"https:\/\/www.gittas-verkstad.com\/de\/#organization","name":"Gittas verkstad","url":"https:\/\/www.gittas-verkstad.com\/de\/","logo":{"@type":"ImageObject","inLanguage":"de","@id":"https:\/\/www.gittas-verkstad.com\/de\/#\/schema\/logo\/image\/","url":"https:\/\/www.gittas-verkstad.com\/de\/wp-content\/uploads\/sites\/8\/2018\/04\/Gittas-verkstad-logo.jpg","contentUrl":"https:\/\/www.gittas-verkstad.com\/de\/wp-content\/uploads\/sites\/8\/2018\/04\/Gittas-verkstad-logo.jpg","width":617,"height":146,"caption":"Gittas verkstad"},"image":{"@id":"https:\/\/www.gittas-verkstad.com\/de\/#\/schema\/logo\/image\/"},"sameAs":["https:\/\/www.facebook.com\/gittasverkstad\/"]},{"@type":"Person","@id":"https:\/\/www.gittas-verkstad.com\/de\/#\/schema\/person\/66efc41949b9b5d43667d40db8dfcc57","name":"gitta","url":"https:\/\/www.gittas-verkstad.com\/de\/author\/gitta\/"}]}},"_links":{"self":[{"href":"https:\/\/www.gittas-verkstad.com\/de\/wp-json\/wp\/v2\/posts\/1144","targetHints":{"allow":["GET"]}}],"collection":[{"href":"https:\/\/www.gittas-verkstad.com\/de\/wp-json\/wp\/v2\/posts"}],"about":[{"href":"https:\/\/www.gittas-verkstad.com\/de\/wp-json\/wp\/v2\/types\/post"}],"author":[{"embeddable":true,"href":"https:\/\/www.gittas-verkstad.com\/de\/wp-json\/wp\/v2\/users\/1"}],"replies":[{"embeddable":true,"href":"https:\/\/www.gittas-verkstad.com\/de\/wp-json\/wp\/v2\/comments?post=1144"}],"version-history":[{"count":1,"href":"https:\/\/www.gittas-verkstad.com\/de\/wp-json\/wp\/v2\/posts\/1144\/revisions"}],"predecessor-version":[{"id":1146,"href":"https:\/\/www.gittas-verkstad.com\/de\/wp-json\/wp\/v2\/posts\/1144\/revisions\/1146"}],"wp:featuredmedia":[{"embeddable":true,"href":"https:\/\/www.gittas-verkstad.com\/de\/wp-json\/wp\/v2\/media\/1145"}],"wp:attachment":[{"href":"https:\/\/www.gittas-verkstad.com\/de\/wp-json\/wp\/v2\/media?parent=1144"}],"wp:term":[{"taxonomy":"category","embeddable":true,"href":"https:\/\/www.gittas-verkstad.com\/de\/wp-json\/wp\/v2\/categories?post=1144"},{"taxonomy":"post_tag","embeddable":true,"href":"https:\/\/www.gittas-verkstad.com\/de\/wp-json\/wp\/v2\/tags?post=1144"}],"curies":[{"name":"wp","href":"https:\/\/api.w.org\/{rel}","templated":true}]}}